{"id":4190,"date":"2022-06-21T16:03:37","date_gmt":"2022-06-21T14:03:37","guid":{"rendered":"https:\/\/santadorotea.es\/proyectovn\/?p=4190"},"modified":"2022-06-21T16:09:39","modified_gmt":"2022-06-21T16:09:39","slug":"la-terra-de-les-flors","status":"publish","type":"post","link":"https:\/\/verdnatura.es\/ca\/la-terra-de-les-flors\/","title":{"rendered":"La Terra de les Flors"},"content":{"rendered":"<div class=\"fusion-fullwidth fullwidth-box fusion-builder-row-1 fusion-flex-container nonhundred-percent-fullwidth non-hundred-percent-height-scrolling\" style=\"--awb-border-radius-top-left:0px;--awb-border-radius-top-right:0px;--awb-border-radius-bottom-right:0px;--awb-border-radius-bottom-left:0px;--awb-padding-top:20px;--awb-padding-bottom:20px;--awb-margin-top:20px;--awb-margin-bottom:20px;--awb-flex-wrap:wrap;\" ><div class=\"fusion-builder-row fusion-row fusion-flex-align-items-flex-start fusion-flex-content-wrap\" style=\"max-width:1352px;margin-left: calc(-4% \/ 2 );margin-right: calc(-4% \/ 2 );\"><div class=\"fusion-layout-column fusion_builder_column fusion-builder-column-0 fusion_builder_column_1_1 1_1 fusion-flex-column\" style=\"--awb-padding-right:10%;--awb-padding-left:10%;--awb-bg-size:cover;--awb-width-large:100%;--awb-margin-top-large:0px;--awb-spacing-right-large:1.92%;--awb-margin-bottom-large:0px;--awb-spacing-left-large:1.92%;--awb-width-medium:100%;--awb-order-medium:0;--awb-spacing-right-medium:1.92%;--awb-spacing-left-medium:1.92%;--awb-width-small:100%;--awb-order-small:0;--awb-spacing-right-small:1.92%;--awb-spacing-left-small:1.92%;\"><div class=\"fusion-column-wrapper fusion-column-has-shadow fusion-flex-justify-content-flex-start fusion-content-layout-column\"><div class=\"fusion-title title fusion-title-1 fusion-sep-none fusion-title-center fusion-title-text fusion-title-size-two\" style=\"--awb-margin-top-small:20px;--awb-margin-right-small:0px;--awb-margin-bottom-small:20px;--awb-margin-left-small:0px;\"><h2 class=\"fusion-title-heading title-heading-center fusion-responsive-typography-calculated\" style=\"margin:0;--fontSize:40;line-height:1.2;\">La Terra de les Flors<\/h2><\/div><div class=\"fusion-separator fusion-full-width-sep\" style=\"align-self: center;margin-left: auto;margin-right: auto;margin-top:15px;margin-bottom:30px;width:100%;\"><div class=\"fusion-separator-border sep-shadow\" style=\"--awb-height:20px;--awb-amount:20px;--awb-sep-color:var(--awb-color7);background:radial-gradient(ellipse at 50% -50% , var(--awb-color7) 0px, rgba(255, 255, 255, 0) 80%) repeat scroll 0 0 rgba(0, 0, 0, 0);background:-webkit-radial-gradient(ellipse at 50% -50% , var(--awb-color7) 0px, rgba(255, 255, 255, 0) 80%) repeat scroll 0 0 rgba(0, 0, 0, 0);background:-moz-radial-gradient(ellipse at 50% -50% , var(--awb-color7) 0px, rgba(255, 255, 255, 0) 80%) repeat scroll 0 0 rgba(0, 0, 0, 0);background:-o-radial-gradient(ellipse at 50% -50% , var(--awb-color7) 0px, rgba(255, 255, 255, 0) 80%) repeat scroll 0 0 rgba(0, 0, 0, 0);\"><\/div><\/div><div class=\"fusion-image-element \" style=\"text-align:center;--awb-bottom-shadow-color:hsla(var(--awb-color8-h),var(--awb-color8-s),calc(var(--awb-color8-l) - 10%),var(--awb-color8-a));--awb-caption-title-font-family:var(--h2_typography-font-family);--awb-caption-title-font-weight:var(--h2_typography-font-weight);--awb-caption-title-font-style:var(--h2_typography-font-style);--awb-caption-title-size:var(--h2_typography-font-size);--awb-caption-title-transform:var(--h2_typography-text-transform);--awb-caption-title-line-height:var(--h2_typography-line-height);--awb-caption-title-letter-spacing:var(--h2_typography-letter-spacing);\"><div class=\"awb-image-frame awb-image-frame-1 awb-bottomshadow\"><span class=\" fusion-imageframe imageframe-bottomshadow imageframe-1 hover-type-none\"><img decoding=\"async\" width=\"1067\" height=\"800\" alt=\"vista general de la pla\u00e7a de la verge de Val\u00e8ncia\" title=\"valenciaEnFlors-15\" src=\"https:\/\/verdnatura.es\/wp-content\/uploads\/2022\/06\/valenciaEnFlors-15.jpg\" data-orig-src=\"https:\/\/verdnatura.es\/wp-content\/uploads\/2022\/06\/valenciaEnFlors-15.jpg\" class=\"lazyload img-responsive wp-image-3957\" srcset=\"data:image\/svg+xml,%3Csvg%20xmlns%3D%27http%3A%2F%2Fwww.w3.org%2F2000%2Fsvg%27%20width%3D%271067%27%20height%3D%27800%27%20viewBox%3D%270%200%201067%20800%27%3E%3Crect%20width%3D%271067%27%20height%3D%27800%27%20fill-opacity%3D%220%22%2F%3E%3C%2Fsvg%3E\" data-srcset=\"https:\/\/verdnatura.es\/wp-content\/uploads\/2022\/06\/valenciaEnFlors-15-200x150.jpg 200w, https:\/\/verdnatura.es\/wp-content\/uploads\/2022\/06\/valenciaEnFlors-15-400x300.jpg 400w, https:\/\/verdnatura.es\/wp-content\/uploads\/2022\/06\/valenciaEnFlors-15-600x450.jpg 600w, https:\/\/verdnatura.es\/wp-content\/uploads\/2022\/06\/valenciaEnFlors-15-800x600.jpg 800w, https:\/\/verdnatura.es\/wp-content\/uploads\/2022\/06\/valenciaEnFlors-15.jpg 1067w\" data-sizes=\"auto\" data-orig-sizes=\"(max-width: 1024px) 100vw, (max-width: 640px) 100vw, 1067px\" \/><\/span><svg xmlns=\"http:\/\/www.w3.org\/2000\/svg\" version=\"1.1\" width=\"100%\" viewBox=\"0 0 600 28\" preserveAspectRatio=\"none\"><g clip-path=\"url(#a)\"><mask id=\"b\" style=\"mask-type:luminance\" maskUnits=\"userSpaceOnUse\" x=\"0\" y=\"0\" width=\"600\" height=\"28\"><path d=\"M0 0h600v28H0V0Z\" fill=\"#fff\"\/><\/mask><g filter=\"url(#c)\" mask=\"url(#b)\"><path d=\"M16.439-18.667h567.123v30.8S438.961-8.4 300-8.4C161.04-8.4 16.438 12.133 16.438 12.133v-30.8Z\" fill=\"#000\"\/><\/g><\/g><defs><clipPath id=\"a\"><path fill=\"#fff\" d=\"M0 0h600v28H0z\"\/><\/clipPath><filter id=\"c\" x=\"5.438\" y=\"-29.667\" width=\"589.123\" height=\"52.8\" filterUnits=\"userSpaceOnUse\" color-interpolation-filters=\"sRGB\"><feFlood flood-opacity=\"0\" result=\"BackgroundImageFix\"\/><feBlend in=\"SourceGraphic\" in2=\"BackgroundImageFix\" result=\"shape\"\/><feGaussianBlur stdDeviation=\"5.5\" result=\"effect1_foregroundBlur_3983_183\"\/><\/filter><\/defs><\/svg><\/div><\/div><div class=\"fusion-separator fusion-full-width-sep\" style=\"align-self: center;margin-left: auto;margin-right: auto;margin-top:30px;margin-bottom:20px;width:100%;\"><\/div><div class=\"fusion-text fusion-text-1\"><p>Aix\u00f2 \u00e9s Val\u00e8ncia. <strong>La Terra de les Flors<\/strong> .<\/p>\n<p>Per aix\u00f2 \u00e9s absolutament natural que un grup de floristes de la terra capitanejats per <a href=\"https:\/\/www.facebook.com\/jlluesma.df\/\"><strong>Joan Lluesma<\/strong><\/a> hagin fundat el <strong>Gremi Artes\u00e0 de Floristeries de la Comunitat Valenciana<\/strong> i, com \u00e9s tamb\u00e9 consubstancial en ells mateixos, vulguin omplir de flors la ciutat que fa honor al t\u00edtol de aquest article.<\/p>\n<p>Aprofitant una de les nostres festes m\u00e9s emblem\u00e0tiques, la <strong>Process\u00f3 del Corpus Christi<\/strong> , 100 floristes provinents de diversos pa\u00efsos del m\u00f3n es van donar cita per engalanar punts clau de la ciutat emmarcats en el mateix recorregut.<\/p>\n<\/div><div class=\"fusion-separator fusion-full-width-sep\" style=\"align-self: center;margin-left: auto;margin-right: auto;margin-top:20px;margin-bottom:10px;width:100%;\"><\/div><div class=\"fusion-builder-row fusion-builder-row-inner fusion-row fusion-flex-align-items-flex-start fusion-flex-content-wrap\" style=\"--awb-flex-grow:0;--awb-flex-grow-medium:0;--awb-flex-grow-small:0;--awb-flex-shrink:0;--awb-flex-shrink-medium:0;--awb-flex-shrink-small:0;width:104% !important;max-width:104% !important;margin-left: calc(-4% \/ 2 );margin-right: calc(-4% \/ 2 );\"><div class=\"fusion-layout-column fusion_builder_column_inner fusion-builder-nested-column-0 fusion_builder_column_inner_2_5 2_5 fusion-flex-column\" style=\"--awb-bg-size:cover;--awb-width-large:40%;--awb-margin-top-large:0px;--awb-spacing-right-large:4.8%;--awb-margin-bottom-large:0px;--awb-spacing-left-large:4.8%;--awb-width-medium:100%;--awb-order-medium:0;--awb-spacing-right-medium:1.92%;--awb-spacing-left-medium:1.92%;--awb-width-small:100%;--awb-order-small:0;--awb-spacing-right-small:1.92%;--awb-spacing-left-small:1.92%;\"><div class=\"fusion-column-wrapper fusion-column-has-shadow fusion-flex-justify-content-flex-start fusion-content-layout-column\"><div class=\"fusion-image-element awb-imageframe-style awb-imageframe-style-below awb-imageframe-style-2\" style=\"text-align:center;--awb-caption-text-color:#747a87;--awb-caption-text-size:13px;--awb-caption-overlay-color:var(--awb-color6);--awb-caption-background-color:var(--awb-color2);--awb-caption-margin-top:15px;--awb-caption-title-font-family:var(--body_typography-font-family);--awb-caption-title-font-weight:var(--body_typography-font-weight);--awb-caption-title-font-style:var(--body_typography-font-style);--awb-caption-title-size:var(--body_typography-font-size);--awb-caption-title-transform:var(--body_typography-text-transform);--awb-caption-title-line-height:var(--body_typography-line-height);--awb-caption-title-letter-spacing:var(--body_typography-letter-spacing);\"><span class=\" fusion-imageframe imageframe-dropshadow imageframe-2 hover-type-none\" style=\"-webkit-box-shadow: 0px 0px 4px hsla(var(--awb-color8-h),var(--awb-color8-s),calc(var(--awb-color8-l) - 10%),var(--awb-color8-a));box-shadow: 0px 0px 4px hsla(var(--awb-color8-h),var(--awb-color8-s),calc(var(--awb-color8-l) - 10%),var(--awb-color8-a));\"><a href=\"https:\/\/santadorotea.es\/proyectovn\/wp-content\/uploads\/2022\/06\/Equipo-Eslovenia.jpg\" class=\"fusion-lightbox\" data-rel=\"iLightbox[b58d194c9bd413dca40]\" data-title=\"Equipo Eslovenia\" title=\"Equipo Eslovenia\"><img decoding=\"async\" width=\"1200\" height=\"1200\" src=\"https:\/\/verdnatura.es\/wp-content\/uploads\/2022\/06\/Equipo-Eslovenia.jpg\" data-orig-src=\"https:\/\/santadorotea.es\/proyectovn\/wp-content\/uploads\/2022\/06\/Equipo-Eslovenia.jpg\" alt class=\"lazyload img-responsive wp-image-3657\" srcset=\"data:image\/svg+xml,%3Csvg%20xmlns%3D%27http%3A%2F%2Fwww.w3.org%2F2000%2Fsvg%27%20width%3D%271200%27%20height%3D%271200%27%20viewBox%3D%270%200%201200%201200%27%3E%3Crect%20width%3D%271200%27%20height%3D%271200%27%20fill-opacity%3D%220%22%2F%3E%3C%2Fsvg%3E\" data-srcset=\"https:\/\/verdnatura.es\/wp-content\/uploads\/2022\/06\/Equipo-Eslovenia-200x200.jpg 200w, https:\/\/verdnatura.es\/wp-content\/uploads\/2022\/06\/Equipo-Eslovenia-400x400.jpg 400w, https:\/\/verdnatura.es\/wp-content\/uploads\/2022\/06\/Equipo-Eslovenia-600x600.jpg 600w, https:\/\/verdnatura.es\/wp-content\/uploads\/2022\/06\/Equipo-Eslovenia-800x800.jpg 800w, https:\/\/verdnatura.es\/wp-content\/uploads\/2022\/06\/Equipo-Eslovenia.jpg 1200w\" data-sizes=\"auto\" data-orig-sizes=\"(max-width: 1024px) 100vw, (max-width: 640px) 100vw, 600px\" \/><\/a><\/span><div class=\"awb-imageframe-caption-container\" style=\"text-align:center;\"><div class=\"awb-imageframe-caption\"><div class=\"awb-imageframe-caption-title\">Equipo Eslovenia<\/div><p class=\"awb-imageframe-caption-text\">Equip Eslov\u00e8nia. D'esquerra a dreta: Sabina Segula (Radovijica), Mayca (La Vall d'Uix\u00f3), To\u00f1i (Quartell) i Mart\u00edn (Manises)<\/p><\/div><\/div><\/div><\/div><\/div><div class=\"fusion-layout-column fusion_builder_column_inner fusion-builder-nested-column-1 fusion_builder_column_inner_3_5 3_5 fusion-flex-column\" style=\"--awb-bg-size:cover;--awb-width-large:60%;--awb-margin-top-large:0px;--awb-spacing-right-large:3.2%;--awb-margin-bottom-large:0px;--awb-spacing-left-large:3.2%;--awb-width-medium:100%;--awb-order-medium:0;--awb-spacing-right-medium:1.92%;--awb-spacing-left-medium:1.92%;--awb-width-small:100%;--awb-order-small:0;--awb-spacing-right-small:1.92%;--awb-spacing-left-small:1.92%;\"><div class=\"fusion-column-wrapper fusion-column-has-shadow fusion-flex-justify-content-flex-start fusion-content-layout-column\"><div class=\"fusion-text fusion-text-2\"><p>Aix\u00ed, vam poder trobar-nos a les diferents localitzacions amb els equips de <strong>Holanda<\/strong> (Eric Pannebourg), <strong>Let\u00f2nia<\/strong> (Aija Zagarina), <strong>B\u00e8lgica<\/strong> (Marc van Parrys), <strong>Eslov\u00e8nia<\/strong> (Sabina Segula), <strong>Ucra\u00efna<\/strong> (Daria), <strong>It\u00e0lia<\/strong> (Pino), <strong>Jap\u00f3<\/strong> (Rika Oshono i Yutaca Hirano) i els <strong>dos equips espanyols<\/strong> capitanejats per <strong>Jos\u00e9 Manuel Lopez Carde\u00f1oso<\/strong> (President de l'Associaci\u00f3 de floristes de cant\u00e0bria) i <strong>Javier Cutanda<\/strong> .<\/p>\n<p>Tot ha passat enmig d'un ambient festiu, de companyonia, de passi\u00f3 per la professi\u00f3, aix\u00f2 s\u00ed, sota un sol de just\u00edcia i unes temperatures impr\u00f2pies fins i tot del mes de juny a Val\u00e8ncia.<\/p>\n<p>A m\u00e9s dels floristes internacionals, en els equips va brillar el treball de la gent de la terreta representada pels membres del <strong><a href=\"https:\/\/www.facebook.com\/Gremi-Artes%C3%A0-floristeries-CV-112113690917438\">Gremi Artes\u00e0 de Floristeries de la Comunitat Valenciana<\/a><\/strong> que en la seua curta traject\u00f2ria estan fent molt per la difusi\u00f3 de l'art i la cultura floral. al nostre pa\u00eds.<\/p>\n<\/div><\/div><\/div><\/div><div class=\"fusion-separator fusion-full-width-sep\" style=\"align-self: center;margin-left: auto;margin-right: auto;margin-top:20px;margin-bottom:10px;width:100%;\"><\/div><div class=\"fusion-text fusion-text-3 fusion-text-no-margin\" style=\"--awb-margin-bottom:30px;\"><p>Cal molt suport per part dels organismes p\u00fablics perqu\u00e8 iniciatives com aquestes no morin nom\u00e9s n\u00e9ixer i puguin arribar a ser veritables tradicions en qu\u00e8 el p\u00fablic general pugui gaudir de les flors.<\/p>\n<p>En aquesta ocasi\u00f3 cal agrair tant a la <strong>Diputaci\u00f3 com al Govern de la Generalitat ia l'Alcadia de Val\u00e8ncia<\/strong> el suport a aquesta primera edici\u00f3 del Certamen.<\/p>\n<p>Per part nostra, com a empresa representativa del sector de la flor a nivell nacional, volem fer una crida als estaments p\u00fablics perqu\u00e8 no nom\u00e9s donin el seu suport de cara a la galeria sin\u00f3 que facilitin les tasques durant els muntatges exteriors mitjan\u00e7ant els permisos pertinents de manera que no s'hagin de tornar a donar les situacions a qu\u00e8 els floristes han tingut enfrontar-se per poder acabar els treballs. Que facin una veritable aposta perqu\u00e8 aquest tipus d'esdeveniments adquireixin cada cop m\u00e9s import\u00e0ncia.<\/p>\n<p>Durant aquests dies a Val\u00e8ncia, a m\u00e9s dels treballs del I Certamen d'Art Floral de la Ciutat de Val\u00e8ncia, hem pogut gaudir de l'espectacular monument en honor al Corpus Christi la decoraci\u00f3 del qual ha anat a c\u00e0rrec de dos grans floristes valencians, <strong><a href=\"https:\/\/www.facebook.com\/profile.php?id=100002493268593\">Lina Roig<\/a><\/strong> i <strong><a href=\"https:\/\/www.facebook.com\/julio.simarrosancho\">Julio Simarro<\/a><\/strong> .<\/p>\n<p>Les empreses del sector hem de donar suport a tota iniciativa orientada a fer cr\u00e9ixer la cultura de la flor i en aquest sentit volem destacar la col\u00b7laboraci\u00f3 de <strong><a href=\"https:\/\/www.chrysal.com\/en-us#\">Chrysal<\/a><\/strong> , <a href=\"https:\/\/www.floreselcale.es\/\"><strong>Flores El Cal\u00e9<\/strong><\/a> , <strong><a href=\"https:\/\/www.mercavalencia.es\/sectors-dactivitat\/mercaflor\/\">Mercaflor<\/a><\/strong> i <a href=\"https:\/\/accesorioscostablanca.com\/\"><strong>Accessoris Costablanca<\/strong><\/a> que, igual que nosaltres, han aportat el seu granet de sorra. Junts podem fer molt m\u00e9s.<\/p>\n<\/div><div class=\"fusion-title title fusion-title-2 fusion-sep-none fusion-title-center fusion-title-text fusion-title-size-three\" style=\"--awb-margin-top-small:20px;--awb-margin-right-small:0px;--awb-margin-bottom-small:20px;--awb-margin-left-small:0px;\"><h3 class=\"fusion-title-heading title-heading-center fusion-responsive-typography-calculated\" style=\"margin:0;--fontSize:28;line-height:1.2;\"><h3 class=\"fusion-responsive-typography-calculated\" style=\"text-align: center;\" data-fontsize=\"35\" data-lineheight=\"42px\">Que visquin les flors!<\/h3><\/h3><\/div><div class=\"fusion-builder-row fusion-builder-row-inner fusion-row fusion-flex-align-items-flex-start fusion-flex-content-wrap\" style=\"--awb-flex-grow:0;--awb-flex-grow-medium:0;--awb-flex-grow-small:0;--awb-flex-shrink:0;--awb-flex-shrink-medium:0;--awb-flex-shrink-small:0;width:104% !important;max-width:104% !important;margin-left: calc(-4% \/ 2 );margin-right: calc(-4% \/ 2 );\"><div class=\"fusion-layout-column fusion_builder_column_inner fusion-builder-nested-column-2 fusion_builder_column_inner_1_5 1_5 fusion-flex-column\" style=\"--awb-bg-size:cover;--awb-width-large:20%;--awb-margin-top-large:0px;--awb-spacing-right-large:9.6%;--awb-margin-bottom-large:0px;--awb-spacing-left-large:9.6%;--awb-width-medium:100%;--awb-order-medium:0;--awb-spacing-right-medium:1.92%;--awb-spacing-left-medium:1.92%;--awb-width-small:100%;--awb-order-small:0;--awb-spacing-right-small:1.92%;--awb-spacing-left-small:1.92%;\"><div class=\"fusion-column-wrapper fusion-column-has-shadow fusion-flex-justify-content-flex-start fusion-content-layout-column\"><\/div><\/div><div class=\"fusion-layout-column fusion_builder_column_inner fusion-builder-nested-column-3 fusion_builder_column_inner_1_5 1_5 fusion-flex-column\" style=\"--awb-bg-size:cover;--awb-width-large:20%;--awb-margin-top-large:0px;--awb-spacing-right-large:9.6%;--awb-margin-bottom-large:0px;--awb-spacing-left-large:9.6%;--awb-width-medium:100%;--awb-order-medium:0;--awb-spacing-right-medium:1.92%;--awb-spacing-left-medium:1.92%;--awb-width-small:100%;--awb-order-small:0;--awb-spacing-right-small:1.92%;--awb-spacing-left-small:1.92%;\"><div class=\"fusion-column-wrapper fusion-column-has-shadow fusion-flex-justify-content-flex-start fusion-content-layout-column\"><\/div><\/div><div class=\"fusion-layout-column fusion_builder_column_inner fusion-builder-nested-column-4 fusion_builder_column_inner_1_5 1_5 fusion-flex-column\" style=\"--awb-bg-size:cover;--awb-width-large:20%;--awb-margin-top-large:0px;--awb-spacing-right-large:9.6%;--awb-margin-bottom-large:0px;--awb-spacing-left-large:9.6%;--awb-width-medium:100%;--awb-order-medium:0;--awb-spacing-right-medium:1.92%;--awb-spacing-left-medium:1.92%;--awb-width-small:100%;--awb-order-small:0;--awb-spacing-right-small:1.92%;--awb-spacing-left-small:1.92%;\"><div class=\"fusion-column-wrapper fusion-column-has-shadow fusion-flex-justify-content-flex-start fusion-content-layout-column\"><div class=\"fusion-title title fusion-title-3 fusion-sep-none fusion-title-center fusion-title-text fusion-title-size-six\" style=\"--awb-margin-top-small:20px;--awb-margin-right-small:0px;--awb-margin-bottom-small:20px;--awb-margin-left-small:0px;\"><h6 class=\"fusion-title-heading title-heading-center fusion-responsive-typography-calculated\" style=\"margin:0;--fontSize:16;--minFontSize:16;line-height:1.2;\"><p style=\"text-align: center;\">Visita el nostre \u00e0lbum de fotos<\/p><\/h6><\/div><a class=\"fb-icon-element-1 fb-icon-element fontawesome-icon fa-images fas circle-yes fusion-link\" style=\"--awb-iconcolor-hover:var(--awb-custom_color_1);--awb-circlebordersize:1px;--awb-font-size:88px;--awb-width:176px;--awb-height:176px;--awb-line-height:174px;--awb-margin-top:0;--awb-margin-right:0;--awb-margin-bottom:0;--awb-margin-left:0;--awb-align-self:center;\" href=\"https:\/\/photos.app.goo.gl\/3fdesC3t7RFnZXNu9\" target=\"_blank\" aria-label=\"Link to https:\/\/photos.app.goo.gl\/3fdesC3t7RFnZXNu9\" rel=\"noopener noreferrer\"><\/a><\/div><\/div><div class=\"fusion-layout-column fusion_builder_column_inner fusion-builder-nested-column-5 fusion_builder_column_inner_1_5 1_5 fusion-flex-column\" style=\"--awb-bg-size:cover;--awb-width-large:20%;--awb-margin-top-large:0px;--awb-spacing-right-large:9.6%;--awb-margin-bottom-large:0px;--awb-spacing-left-large:9.6%;--awb-width-medium:100%;--awb-order-medium:0;--awb-spacing-right-medium:1.92%;--awb-spacing-left-medium:1.92%;--awb-width-small:100%;--awb-order-small:0;--awb-spacing-right-small:1.92%;--awb-spacing-left-small:1.92%;\"><div class=\"fusion-column-wrapper fusion-column-has-shadow fusion-flex-justify-content-flex-start fusion-content-layout-column\"><\/div><\/div><div class=\"fusion-layout-column fusion_builder_column_inner fusion-builder-nested-column-6 fusion_builder_column_inner_1_5 1_5 fusion-flex-column\" style=\"--awb-bg-size:cover;--awb-width-large:20%;--awb-margin-top-large:0px;--awb-spacing-right-large:9.6%;--awb-margin-bottom-large:0px;--awb-spacing-left-large:9.6%;--awb-width-medium:100%;--awb-order-medium:0;--awb-spacing-right-medium:1.92%;--awb-spacing-left-medium:1.92%;--awb-width-small:100%;--awb-order-small:0;--awb-spacing-right-small:1.92%;--awb-spacing-left-small:1.92%;\"><div class=\"fusion-column-wrapper fusion-column-has-shadow fusion-flex-justify-content-flex-start fusion-content-layout-column\"><\/div><\/div><\/div><\/div><\/div><\/div><\/div>\n","protected":false},"excerpt":{"rendered":"","protected":false},"author":2,"featured_media":3957,"comment_status":"open","ping_status":"open","sticky":false,"template":"","format":"standard","meta":{"_acf_changed":false,"footnotes":""},"categories":[72],"tags":[],"class_list":["post-4190","post","type-post","status-publish","format-standard","has-post-thumbnail","hentry","category-sense-categoria"],"acf":[],"yoast_head":"<!-- This site is optimized with the Yoast SEO plugin v27.1.1 - https:\/\/yoast.com\/product\/yoast-seo-wordpress\/ -->\n<title>La Terra de les Flors - Verdnatura<\/title>\n<meta name=\"robots\" content=\"index, follow, max-snippet:-1, max-image-preview:large, max-video-preview:-1\" \/>\n<link rel=\"canonical\" href=\"https:\/\/verdnatura.es\/ca\/la-terra-de-les-flors\/\" \/>\n<meta property=\"og:locale\" content=\"ca_ES\" \/>\n<meta property=\"og:type\" content=\"article\" \/>\n<meta property=\"og:title\" content=\"La Terra de les Flors - Verdnatura\" \/>\n<meta property=\"og:url\" content=\"https:\/\/verdnatura.es\/ca\/la-terra-de-les-flors\/\" \/>\n<meta property=\"og:site_name\" content=\"Verdnatura\" \/>\n<meta property=\"article:publisher\" content=\"http:\/\/www.facebook.com\/verdnatura\" \/>\n<meta property=\"article:published_time\" content=\"2022-06-21T14:03:37+00:00\" \/>\n<meta property=\"article:modified_time\" content=\"2022-06-21T16:09:39+00:00\" \/>\n<meta property=\"og:image\" content=\"https:\/\/verdnatura.es\/wp-content\/uploads\/2022\/06\/plazaDeLaVirgenValencia.jpg\" \/>\n\t<meta property=\"og:image:width\" content=\"1200\" \/>\n\t<meta property=\"og:image:height\" content=\"800\" \/>\n\t<meta property=\"og:image:type\" content=\"image\/jpeg\" \/>\n<meta name=\"author\" content=\"Paco Rico\" \/>\n<meta name=\"twitter:card\" content=\"summary_large_image\" \/>\n<meta name=\"twitter:label1\" content=\"Escrit per\" \/>\n\t<meta name=\"twitter:data1\" content=\"Paco Rico\" \/>\n\t<meta name=\"twitter:label2\" content=\"Temps estimat de lectura\" \/>\n\t<meta name=\"twitter:data2\" content=\"23 minuts\" \/>\n<script type=\"application\/ld+json\" class=\"yoast-schema-graph\">{\"@context\":\"https:\/\/schema.org\",\"@graph\":[{\"@type\":\"Article\",\"@id\":\"https:\/\/verdnatura.es\/ca\/la-terra-de-les-flors\/#article\",\"isPartOf\":{\"@id\":\"https:\/\/verdnatura.es\/ca\/la-terra-de-les-flors\/\"},\"author\":{\"name\":\"Paco Rico\",\"@id\":\"https:\/\/verdnatura.es\/ca\/#\/schema\/person\/53d4ed2e8592bfc761f9406305758f94\"},\"headline\":\"La Terra de les Flors\",\"datePublished\":\"2022-06-21T14:03:37+00:00\",\"dateModified\":\"2022-06-21T16:09:39+00:00\",\"mainEntityOfPage\":{\"@id\":\"https:\/\/verdnatura.es\/ca\/la-terra-de-les-flors\/\"},\"wordCount\":4598,\"commentCount\":0,\"publisher\":{\"@id\":\"https:\/\/verdnatura.es\/ca\/#organization\"},\"image\":{\"@id\":\"https:\/\/verdnatura.es\/ca\/la-terra-de-les-flors\/#primaryimage\"},\"thumbnailUrl\":\"https:\/\/verdnatura.es\/wp-content\/uploads\/2022\/06\/valenciaEnFlors-15.jpg\",\"inLanguage\":\"ca\",\"potentialAction\":[{\"@type\":\"CommentAction\",\"name\":\"Comment\",\"target\":[\"https:\/\/verdnatura.es\/ca\/la-terra-de-les-flors\/#respond\"]}]},{\"@type\":\"WebPage\",\"@id\":\"https:\/\/verdnatura.es\/ca\/la-terra-de-les-flors\/\",\"url\":\"https:\/\/verdnatura.es\/ca\/la-terra-de-les-flors\/\",\"name\":\"La Terra de les Flors - Verdnatura\",\"isPartOf\":{\"@id\":\"https:\/\/verdnatura.es\/ca\/#website\"},\"primaryImageOfPage\":{\"@id\":\"https:\/\/verdnatura.es\/ca\/la-terra-de-les-flors\/#primaryimage\"},\"image\":{\"@id\":\"https:\/\/verdnatura.es\/ca\/la-terra-de-les-flors\/#primaryimage\"},\"thumbnailUrl\":\"https:\/\/verdnatura.es\/wp-content\/uploads\/2022\/06\/valenciaEnFlors-15.jpg\",\"datePublished\":\"2022-06-21T14:03:37+00:00\",\"dateModified\":\"2022-06-21T16:09:39+00:00\",\"breadcrumb\":{\"@id\":\"https:\/\/verdnatura.es\/ca\/la-terra-de-les-flors\/#breadcrumb\"},\"inLanguage\":\"ca\",\"potentialAction\":[{\"@type\":\"ReadAction\",\"target\":[\"https:\/\/verdnatura.es\/ca\/la-terra-de-les-flors\/\"]}]},{\"@type\":\"ImageObject\",\"inLanguage\":\"ca\",\"@id\":\"https:\/\/verdnatura.es\/ca\/la-terra-de-les-flors\/#primaryimage\",\"url\":\"https:\/\/verdnatura.es\/wp-content\/uploads\/2022\/06\/valenciaEnFlors-15.jpg\",\"contentUrl\":\"https:\/\/verdnatura.es\/wp-content\/uploads\/2022\/06\/valenciaEnFlors-15.jpg\",\"width\":1067,\"height\":800},{\"@type\":\"BreadcrumbList\",\"@id\":\"https:\/\/verdnatura.es\/ca\/la-terra-de-les-flors\/#breadcrumb\",\"itemListElement\":[{\"@type\":\"ListItem\",\"position\":1,\"name\":\"Portada\",\"item\":\"https:\/\/verdnatura.es\/ca\/\"},{\"@type\":\"ListItem\",\"position\":2,\"name\":\"La Terra de les Flors\"}]},{\"@type\":\"WebSite\",\"@id\":\"https:\/\/verdnatura.es\/ca\/#website\",\"url\":\"https:\/\/verdnatura.es\/ca\/\",\"name\":\"Verdnatura\",\"description\":\"Mayorista de flores y plantas\",\"publisher\":{\"@id\":\"https:\/\/verdnatura.es\/ca\/#organization\"},\"potentialAction\":[{\"@type\":\"SearchAction\",\"target\":{\"@type\":\"EntryPoint\",\"urlTemplate\":\"https:\/\/verdnatura.es\/ca\/?s={search_term_string}\"},\"query-input\":{\"@type\":\"PropertyValueSpecification\",\"valueRequired\":true,\"valueName\":\"search_term_string\"}}],\"inLanguage\":\"ca\"},{\"@type\":\"Organization\",\"@id\":\"https:\/\/verdnatura.es\/ca\/#organization\",\"name\":\"Verdnatura Levante SL\",\"url\":\"https:\/\/verdnatura.es\/ca\/\",\"logo\":{\"@type\":\"ImageObject\",\"inLanguage\":\"ca\",\"@id\":\"https:\/\/verdnatura.es\/ca\/#\/schema\/logo\/image\/\",\"url\":\"https:\/\/verdnatura.es\/wp-content\/uploads\/2023\/12\/Marca-sin-fondo.png\",\"contentUrl\":\"https:\/\/verdnatura.es\/wp-content\/uploads\/2023\/12\/Marca-sin-fondo.png\",\"width\":1000,\"height\":630,\"caption\":\"Verdnatura Levante SL\"},\"image\":{\"@id\":\"https:\/\/verdnatura.es\/ca\/#\/schema\/logo\/image\/\"},\"sameAs\":[\"http:\/\/www.facebook.com\/verdnatura\",\"https:\/\/www.instagram.com\/verdnatura\",\"https:\/\/www.linkedin.com\/company\/verdnatura\"]},{\"@type\":\"Person\",\"@id\":\"https:\/\/verdnatura.es\/ca\/#\/schema\/person\/53d4ed2e8592bfc761f9406305758f94\",\"name\":\"Paco Rico\",\"image\":{\"@type\":\"ImageObject\",\"inLanguage\":\"ca\",\"@id\":\"https:\/\/verdnatura.es\/ca\/#\/schema\/person\/image\/\",\"url\":\"https:\/\/secure.gravatar.com\/avatar\/6197f5cc34dcd4932835e81b1a79d4d29ac453876fb3f7982514e80454b0903f?s=96&d=mm&r=g\",\"contentUrl\":\"https:\/\/secure.gravatar.com\/avatar\/6197f5cc34dcd4932835e81b1a79d4d29ac453876fb3f7982514e80454b0903f?s=96&d=mm&r=g\",\"caption\":\"Paco Rico\"},\"url\":\"https:\/\/verdnatura.es\/ca\/author\/pacorico\/\"}]}<\/script>\n<!-- \/ Yoast SEO plugin. -->","yoast_head_json":{"title":"La Terra de les Flors - Verdnatura","robots":{"index":"index","follow":"follow","max-snippet":"max-snippet:-1","max-image-preview":"max-image-preview:large","max-video-preview":"max-video-preview:-1"},"canonical":"https:\/\/verdnatura.es\/ca\/la-terra-de-les-flors\/","og_locale":"ca_ES","og_type":"article","og_title":"La Terra de les Flors - Verdnatura","og_url":"https:\/\/verdnatura.es\/ca\/la-terra-de-les-flors\/","og_site_name":"Verdnatura","article_publisher":"http:\/\/www.facebook.com\/verdnatura","article_published_time":"2022-06-21T14:03:37+00:00","article_modified_time":"2022-06-21T16:09:39+00:00","og_image":[{"width":1200,"height":800,"url":"https:\/\/verdnatura.es\/wp-content\/uploads\/2022\/06\/plazaDeLaVirgenValencia.jpg","type":"image\/jpeg"}],"author":"Paco Rico","twitter_card":"summary_large_image","twitter_misc":{"Escrit per":"Paco Rico","Temps estimat de lectura":"23 minuts"},"schema":{"@context":"https:\/\/schema.org","@graph":[{"@type":"Article","@id":"https:\/\/verdnatura.es\/ca\/la-terra-de-les-flors\/#article","isPartOf":{"@id":"https:\/\/verdnatura.es\/ca\/la-terra-de-les-flors\/"},"author":{"name":"Paco Rico","@id":"https:\/\/verdnatura.es\/ca\/#\/schema\/person\/53d4ed2e8592bfc761f9406305758f94"},"headline":"La Terra de les Flors","datePublished":"2022-06-21T14:03:37+00:00","dateModified":"2022-06-21T16:09:39+00:00","mainEntityOfPage":{"@id":"https:\/\/verdnatura.es\/ca\/la-terra-de-les-flors\/"},"wordCount":4598,"commentCount":0,"publisher":{"@id":"https:\/\/verdnatura.es\/ca\/#organization"},"image":{"@id":"https:\/\/verdnatura.es\/ca\/la-terra-de-les-flors\/#primaryimage"},"thumbnailUrl":"https:\/\/verdnatura.es\/wp-content\/uploads\/2022\/06\/valenciaEnFlors-15.jpg","inLanguage":"ca","potentialAction":[{"@type":"CommentAction","name":"Comment","target":["https:\/\/verdnatura.es\/ca\/la-terra-de-les-flors\/#respond"]}]},{"@type":"WebPage","@id":"https:\/\/verdnatura.es\/ca\/la-terra-de-les-flors\/","url":"https:\/\/verdnatura.es\/ca\/la-terra-de-les-flors\/","name":"La Terra de les Flors - Verdnatura","isPartOf":{"@id":"https:\/\/verdnatura.es\/ca\/#website"},"primaryImageOfPage":{"@id":"https:\/\/verdnatura.es\/ca\/la-terra-de-les-flors\/#primaryimage"},"image":{"@id":"https:\/\/verdnatura.es\/ca\/la-terra-de-les-flors\/#primaryimage"},"thumbnailUrl":"https:\/\/verdnatura.es\/wp-content\/uploads\/2022\/06\/valenciaEnFlors-15.jpg","datePublished":"2022-06-21T14:03:37+00:00","dateModified":"2022-06-21T16:09:39+00:00","breadcrumb":{"@id":"https:\/\/verdnatura.es\/ca\/la-terra-de-les-flors\/#breadcrumb"},"inLanguage":"ca","potentialAction":[{"@type":"ReadAction","target":["https:\/\/verdnatura.es\/ca\/la-terra-de-les-flors\/"]}]},{"@type":"ImageObject","inLanguage":"ca","@id":"https:\/\/verdnatura.es\/ca\/la-terra-de-les-flors\/#primaryimage","url":"https:\/\/verdnatura.es\/wp-content\/uploads\/2022\/06\/valenciaEnFlors-15.jpg","contentUrl":"https:\/\/verdnatura.es\/wp-content\/uploads\/2022\/06\/valenciaEnFlors-15.jpg","width":1067,"height":800},{"@type":"BreadcrumbList","@id":"https:\/\/verdnatura.es\/ca\/la-terra-de-les-flors\/#breadcrumb","itemListElement":[{"@type":"ListItem","position":1,"name":"Portada","item":"https:\/\/verdnatura.es\/ca\/"},{"@type":"ListItem","position":2,"name":"La Terra de les Flors"}]},{"@type":"WebSite","@id":"https:\/\/verdnatura.es\/ca\/#website","url":"https:\/\/verdnatura.es\/ca\/","name":"Verdnatura","description":"Mayorista de flores y plantas","publisher":{"@id":"https:\/\/verdnatura.es\/ca\/#organization"},"potentialAction":[{"@type":"SearchAction","target":{"@type":"EntryPoint","urlTemplate":"https:\/\/verdnatura.es\/ca\/?s={search_term_string}"},"query-input":{"@type":"PropertyValueSpecification","valueRequired":true,"valueName":"search_term_string"}}],"inLanguage":"ca"},{"@type":"Organization","@id":"https:\/\/verdnatura.es\/ca\/#organization","name":"Verdnatura Levante SL","url":"https:\/\/verdnatura.es\/ca\/","logo":{"@type":"ImageObject","inLanguage":"ca","@id":"https:\/\/verdnatura.es\/ca\/#\/schema\/logo\/image\/","url":"https:\/\/verdnatura.es\/wp-content\/uploads\/2023\/12\/Marca-sin-fondo.png","contentUrl":"https:\/\/verdnatura.es\/wp-content\/uploads\/2023\/12\/Marca-sin-fondo.png","width":1000,"height":630,"caption":"Verdnatura Levante SL"},"image":{"@id":"https:\/\/verdnatura.es\/ca\/#\/schema\/logo\/image\/"},"sameAs":["http:\/\/www.facebook.com\/verdnatura","https:\/\/www.instagram.com\/verdnatura","https:\/\/www.linkedin.com\/company\/verdnatura"]},{"@type":"Person","@id":"https:\/\/verdnatura.es\/ca\/#\/schema\/person\/53d4ed2e8592bfc761f9406305758f94","name":"Paco Rico","image":{"@type":"ImageObject","inLanguage":"ca","@id":"https:\/\/verdnatura.es\/ca\/#\/schema\/person\/image\/","url":"https:\/\/secure.gravatar.com\/avatar\/6197f5cc34dcd4932835e81b1a79d4d29ac453876fb3f7982514e80454b0903f?s=96&d=mm&r=g","contentUrl":"https:\/\/secure.gravatar.com\/avatar\/6197f5cc34dcd4932835e81b1a79d4d29ac453876fb3f7982514e80454b0903f?s=96&d=mm&r=g","caption":"Paco Rico"},"url":"https:\/\/verdnatura.es\/ca\/author\/pacorico\/"}]}},"_links":{"self":[{"href":"https:\/\/verdnatura.es\/ca\/wp-json\/wp\/v2\/posts\/4190","targetHints":{"allow":["GET"]}}],"collection":[{"href":"https:\/\/verdnatura.es\/ca\/wp-json\/wp\/v2\/posts"}],"about":[{"href":"https:\/\/verdnatura.es\/ca\/wp-json\/wp\/v2\/types\/post"}],"author":[{"embeddable":true,"href":"https:\/\/verdnatura.es\/ca\/wp-json\/wp\/v2\/users\/2"}],"replies":[{"embeddable":true,"href":"https:\/\/verdnatura.es\/ca\/wp-json\/wp\/v2\/comments?post=4190"}],"version-history":[{"count":13,"href":"https:\/\/verdnatura.es\/ca\/wp-json\/wp\/v2\/posts\/4190\/revisions"}],"predecessor-version":[{"id":4241,"href":"https:\/\/verdnatura.es\/ca\/wp-json\/wp\/v2\/posts\/4190\/revisions\/4241"}],"wp:featuredmedia":[{"embeddable":true,"href":"https:\/\/verdnatura.es\/ca\/wp-json\/wp\/v2\/media\/3957"}],"wp:attachment":[{"href":"https:\/\/verdnatura.es\/ca\/wp-json\/wp\/v2\/media?parent=4190"}],"wp:term":[{"taxonomy":"category","embeddable":true,"href":"https:\/\/verdnatura.es\/ca\/wp-json\/wp\/v2\/categories?post=4190"},{"taxonomy":"post_tag","embeddable":true,"href":"https:\/\/verdnatura.es\/ca\/wp-json\/wp\/v2\/tags?post=4190"}],"curies":[{"name":"wp","href":"https:\/\/api.w.org\/{rel}","templated":true}]}}