{"id":10835,"date":"2024-07-31T14:09:25","date_gmt":"2024-07-31T12:09:25","guid":{"rendered":"https:\/\/verdnatura.es\/?p=10835"},"modified":"2024-07-31T14:09:25","modified_gmt":"2024-07-31T12:09:25","slug":"marquer-les-esprits-avec-une-ambiance-vegetale-suspendue-des-plus-reussies","status":"publish","type":"post","link":"https:\/\/verdnatura.es\/fr\/marquer-les-esprits-avec-une-ambiance-vegetale-suspendue-des-plus-reussies\/","title":{"rendered":"Marquer les esprits avec une ambiance v\u00e9g\u00e9tale suspendue des plus r\u00e9ussies"},"content":{"rendered":"<div class=\"fusion-fullwidth fullwidth-box fusion-builder-row-1 fusion-flex-container has-pattern-background has-mask-background nonhundred-percent-fullwidth non-hundred-percent-height-scrolling\" style=\"--awb-border-radius-top-left:0px;--awb-border-radius-top-right:0px;--awb-border-radius-bottom-right:0px;--awb-border-radius-bottom-left:0px;--awb-flex-wrap:wrap;\" ><div class=\"fusion-builder-row fusion-row fusion-flex-align-items-flex-start fusion-flex-content-wrap\" style=\"max-width:1352px;margin-left: calc(-4% \/ 2 );margin-right: calc(-4% \/ 2 );\"><div class=\"fusion-layout-column fusion_builder_column fusion-builder-column-0 fusion_builder_column_1_1 1_1 fusion-flex-column\" style=\"--awb-bg-size:cover;--awb-width-large:100%;--awb-margin-top-large:0px;--awb-spacing-right-large:1.92%;--awb-margin-bottom-large:0px;--awb-spacing-left-large:1.92%;--awb-width-medium:100%;--awb-order-medium:0;--awb-spacing-right-medium:1.92%;--awb-spacing-left-medium:1.92%;--awb-width-small:100%;--awb-order-small:0;--awb-spacing-right-small:1.92%;--awb-spacing-left-small:1.92%;\"><div class=\"fusion-column-wrapper fusion-column-has-shadow fusion-flex-justify-content-flex-start fusion-content-layout-column\"><div class=\"fusion-separator fusion-full-width-sep\" style=\"align-self: center;margin-left: auto;margin-right: auto;margin-top:30px;margin-bottom:20px;width:100%;\"><\/div><div class=\"fusion-text fusion-text-1\"><p><span style=\"font-weight: 400;\">Le secteur \u00e9v\u00e8nementiel accorde de plus en plus d\u2019importance \u00e0 la d\u00e9coration \u201cgreen\u201d.<br \/>\n<\/span><span style=\"font-weight: 400;\">L\u2019une des tendances actuelles consiste \u00e0 miser sur une ambiance v\u00e9g\u00e9tale suspendue pour donner du caract\u00e8re \u00e0 un lieu.<\/span><\/p>\n<p><span style=\"font-weight: 400;\">En m\u00e9tamorphosant l&rsquo;espace, les fleuristes professionnels font montre de leur cr\u00e9ativit\u00e9 et de leur ma\u00eetrise de la conception florale. Les in\u00e9puisables sc\u00e9nographies de ces d\u00e9cors floraux apportent une atmosph\u00e8re sp\u00e9ciale et unique \u00e0 tout type de c\u00e9l\u00e9bration, tant \u00e0 l&rsquo;int\u00e9rieur qu&rsquo;\u00e0 l&rsquo;ext\u00e9rieur.<\/span><\/p>\n<\/div><div class=\"fusion-title title fusion-title-1 fusion-sep-none fusion-title-text fusion-title-size-three\" style=\"--awb-margin-top-small:20px;--awb-margin-right-small:0px;--awb-margin-bottom-small:20px;--awb-margin-left-small:0px;\"><h3 class=\"fusion-title-heading title-heading-left fusion-responsive-typography-calculated\" style=\"margin:0;--fontSize:28;line-height:1.2;\"><b>L&rsquo;impact du plafond v\u00e9g\u00e9tal<\/b><\/h3><\/div><div class=\"fusion-text fusion-text-2\"><p><span style=\"font-weight: 400;\">Le plafond v\u00e9g\u00e9tal fait des \u00e9mules. En effet, se d\u00e9marquer et s\u00e9duire sont les deux principaux crit\u00e8res des professionnels qui y ont recours. Ces jardins a\u00e9riens donnent du cachet\u00a0 tout en apportant une touche cosy aux lieux qui les accueillent. Chaque plante s\u00e9lectionn\u00e9e avec soin en fonction de sa texture et de sa couleur uniques a pour but de surprendre et ravir les invit\u00e9s. <\/span><\/p>\n<\/div><div class=\"fusion-title title fusion-title-2 fusion-sep-none fusion-title-text fusion-title-size-three\" style=\"--awb-margin-top-small:20px;--awb-margin-right-small:0px;--awb-margin-bottom-small:20px;--awb-margin-left-small:0px;\"><h3 class=\"fusion-title-heading title-heading-left fusion-responsive-typography-calculated\" style=\"margin:0;--fontSize:28;line-height:1.2;\"><b>Plantes id\u00e9ales<\/b><\/h3><\/div><div class=\"fusion-builder-row fusion-builder-row-inner fusion-row fusion-flex-align-items-flex-start fusion-flex-content-wrap\" style=\"--awb-flex-grow:0;--awb-flex-grow-medium:0;--awb-flex-grow-small:0;--awb-flex-shrink:0;--awb-flex-shrink-medium:0;--awb-flex-shrink-small:0;width:104% !important;max-width:104% !important;margin-left: calc(-4% \/ 2 );margin-right: calc(-4% \/ 2 );\"><div class=\"fusion-layout-column fusion_builder_column_inner fusion-builder-nested-column-0 fusion_builder_column_inner_1_2 1_2 fusion-flex-column\" style=\"--awb-bg-size:cover;--awb-width-large:50%;--awb-margin-top-large:0px;--awb-spacing-right-large:3.84%;--awb-margin-bottom-large:0px;--awb-spacing-left-large:3.84%;--awb-width-medium:100%;--awb-order-medium:0;--awb-spacing-right-medium:1.92%;--awb-spacing-left-medium:1.92%;--awb-width-small:100%;--awb-order-small:0;--awb-spacing-right-small:1.92%;--awb-spacing-left-small:1.92%;\"><div class=\"fusion-column-wrapper fusion-column-has-shadow fusion-flex-justify-content-flex-start fusion-content-layout-column\"><div class=\"fusion-text fusion-text-3\"><ul>\n<li style=\"font-weight: 400;\" aria-level=\"1\"><b>Les foug\u00e8res.<\/b><span style=\"font-weight: 400;\"> Luxuriance et fra\u00eecheur sont deux de leurs atouts pour cr\u00e9er une ambiance naturelle.<\/span><\/li>\n<li style=\"font-weight: 400;\" aria-level=\"1\"><b>Le lierre. <\/b><span style=\"font-weight: 400;\">Parfait pour couvrir de grandes surfaces, cette plante grimpante s&rsquo;\u00e9tend rapidement. Le lierre permet de constituer un \u00e9crin de verdure id\u00e9al pour les mariages et les c\u00e9l\u00e9brations en plein air.<\/span><\/li>\n<li style=\"font-weight: 400;\" aria-level=\"1\"><b>Asparagus.<\/b><span style=\"font-weight: 400;\"> Son feuillage fin \u00e0 la texture l\u00e9g\u00e8re et \u00e9th\u00e9r\u00e9e est in\u00e9galable pour pouvoir \u00e9laborer des compositions \u00e9quilibr\u00e9es. \u00c9l\u00e9gance et d\u00e9licatesse garanties!<\/span><\/li>\n<li style=\"font-weight: 400;\" aria-level=\"1\"><b>Eucalyptus.<\/b><span style=\"font-weight: 400;\"> Appr\u00e9ci\u00e9 pour son parfum frais et apaisant, il se marie \u00e0 merveille avec d\u2019autres plantes et fleurs. L&rsquo;eucalyptus repr\u00e9sente une valeur s\u00fbre pour les atmosph\u00e8res tranquilles.<\/span><\/li>\n<\/ul>\n<\/div><\/div><\/div><div class=\"fusion-layout-column fusion_builder_column_inner fusion-builder-nested-column-1 fusion_builder_column_inner_1_2 1_2 fusion-flex-column\" style=\"--awb-bg-size:cover;--awb-width-large:50%;--awb-margin-top-large:0px;--awb-spacing-right-large:3.84%;--awb-margin-bottom-large:0px;--awb-spacing-left-large:3.84%;--awb-width-medium:100%;--awb-order-medium:0;--awb-spacing-right-medium:1.92%;--awb-spacing-left-medium:1.92%;--awb-width-small:100%;--awb-order-small:0;--awb-spacing-right-small:1.92%;--awb-spacing-left-small:1.92%;\"><div class=\"fusion-column-wrapper fusion-column-has-shadow fusion-flex-justify-content-flex-start fusion-content-layout-column\"><div class=\"fusion-image-element \" style=\"--awb-aspect-ratio: 100 \/ 100;--awb-object-position:15% 44%;--awb-caption-title-font-family:var(--h2_typography-font-family);--awb-caption-title-font-weight:var(--h2_typography-font-weight);--awb-caption-title-font-style:var(--h2_typography-font-style);--awb-caption-title-size:var(--h2_typography-font-size);--awb-caption-title-transform:var(--h2_typography-text-transform);--awb-caption-title-line-height:var(--h2_typography-line-height);--awb-caption-title-letter-spacing:var(--h2_typography-letter-spacing);\"><span class=\" fusion-imageframe imageframe-none imageframe-1 hover-type-none has-aspect-ratio\"><img decoding=\"async\" width=\"300\" height=\"300\" title=\"2\" src=\"https:\/\/verdnatura.es\/wp-content\/uploads\/2024\/07\/2-1.png\" data-orig-src=\"https:\/\/verdnatura.es\/wp-content\/uploads\/2024\/07\/2-1-300x300.png\" class=\"lazyload img-responsive wp-image-10861 img-with-aspect-ratio\" data-parent-fit=\"cover\" data-parent-container=\".fusion-image-element\" alt srcset=\"data:image\/svg+xml,%3Csvg%20xmlns%3D%27http%3A%2F%2Fwww.w3.org%2F2000%2Fsvg%27%20width%3D%271080%27%20height%3D%271080%27%20viewBox%3D%270%200%201080%201080%27%3E%3Crect%20width%3D%271080%27%20height%3D%271080%27%20fill-opacity%3D%220%22%2F%3E%3C%2Fsvg%3E\" data-srcset=\"https:\/\/verdnatura.es\/wp-content\/uploads\/2024\/07\/2-1-200x200.png 200w, https:\/\/verdnatura.es\/wp-content\/uploads\/2024\/07\/2-1-400x400.png 400w, https:\/\/verdnatura.es\/wp-content\/uploads\/2024\/07\/2-1-600x600.png 600w, https:\/\/verdnatura.es\/wp-content\/uploads\/2024\/07\/2-1-800x800.png 800w, https:\/\/verdnatura.es\/wp-content\/uploads\/2024\/07\/2-1.png 1080w\" data-sizes=\"auto\" data-orig-sizes=\"(max-width: 1024px) 100vw, (max-width: 640px) 100vw, 800px\" \/><\/span><\/div><\/div><\/div><\/div><div class=\"fusion-title title fusion-title-3 fusion-sep-none fusion-title-text fusion-title-size-three\" style=\"--awb-margin-top-small:20px;--awb-margin-right-small:0px;--awb-margin-bottom-small:20px;--awb-margin-left-small:0px;\"><h3 class=\"fusion-title-heading title-heading-left fusion-responsive-typography-calculated\" style=\"margin:0;--fontSize:28;line-height:1.2;\"><b>Inspiration pour la d\u00e9coration d&rsquo;\u00e9v\u00e9nements<\/b><\/h3><\/div><div class=\"fusion-text fusion-text-4\"><p><span style=\"font-weight: 400;\">En tant que professionnel, vous connaissez d\u00e9j\u00e0 l&rsquo;importance des d\u00e9tails et leur capacit\u00e9 \u00e0 m\u00e9tamorphoser un espace. Voici quelques id\u00e9es pour vous inspirer :<\/span><\/p>\n<ul>\n<li style=\"font-weight: 400;\" aria-level=\"1\"><b>Mariages romantiques.<\/b><span style=\"font-weight: 400;\"> Cr\u00e9ez un plafond v\u00e9g\u00e9tal \u00e0 l&rsquo;aide de\u00a0 foug\u00e8res et d\u2019asparagus et habillez-le de lumi\u00e8res f\u00e9\u00e9riques pour un effet magique ! Embellissant ainsi l&rsquo;espace, il formera un cadre magnifique pour la prise de photos de la mari\u00e9e, du mari\u00e9 et de leurs invit\u00e9s.<\/span><\/li>\n<li style=\"font-weight: 400;\" aria-level=\"1\"><b>\u00c9v\u00e9nements d&rsquo;entreprise.<\/b><span style=\"font-weight: 400;\"> Utilisez des branches d&rsquo;olivier et des eucalyptus aux feuilles vert argent\u00e9 pour combiner \u00e9l\u00e9gance et naturel lors d\u2019un \u00e9v\u00e9nement d&rsquo;entreprise.<\/span><\/li>\n<\/ul>\n<p><b>C\u00e9l\u00e9brations en plein air.<\/b><span style=\"font-weight: 400;\"> Le lierre et les asparagus sont parfaits pour les \u00e9v\u00e9nements en plein air. Combinez-les avec des fleurs de saison pour cr\u00e9er un espace accueillant et plein de vitalit\u00e9.<\/span><\/p>\n<\/div><div class=\"fusion-text fusion-text-5\"><p><span style=\"font-weight: 400;\">En conclusion, si vous souhaitez innover et surprendre vos clients, n\u2019h\u00e9sitez pas \u00e0 vous tourner vers les plafonds v\u00e9g\u00e9talis\u00e9s! Vos clients adoreront l\u2019esth\u00e9tique naturelle de ces v\u00e9ritables \u0153uvres d\u2019art vivantes.<\/span><\/p>\n<\/div><div class=\"fusion-text fusion-text-6\"><p><span style=\"font-weight: 400;\">Pour les r\u00e9aliser, Verdnatura, met \u00e0 votre disposition une grande vari\u00e9t\u00e9 de plantes et de fleurs, toutes sublimes, pour r\u00e9aliser tout projet de d\u00e9coration florale.<\/span><\/p>\n<p><span style=\"font-weight: 400;\">Passez votre commande d\u00e8s aujourd&rsquo;hui! <a href=\"https:\/\/verdnatura.es\/fr\">www.verdnatura.es\/fr<\/a><\/span><\/p>\n<\/div><\/div><\/div><\/div><\/div>\n","protected":false},"excerpt":{"rendered":"","protected":false},"author":2,"featured_media":10839,"comment_status":"open","ping_status":"open","sticky":false,"template":"","format":"standard","meta":{"_acf_changed":false,"footnotes":""},"categories":[70],"tags":[],"class_list":["post-10835","post","type-post","status-publish","format-standard","has-post-thumbnail","hentry","category-non-classifie"],"acf":[],"yoast_head":"<!-- This site is optimized with the Yoast SEO plugin v27.1.1 - https:\/\/yoast.com\/product\/yoast-seo-wordpress\/ -->\n<title>Marquer les esprits avec une ambiance v\u00e9g\u00e9tale suspendue des plus r\u00e9ussies - Verdnatura<\/title>\n<meta name=\"description\" content=\"L\u2019une des tendances actuelles consiste \u00e0 miser sur une ambiance v\u00e9g\u00e9tale suspendue pour donner du caract\u00e8re \u00e0 un lieu.\" \/>\n<meta name=\"robots\" content=\"index, follow, max-snippet:-1, max-image-preview:large, max-video-preview:-1\" \/>\n<link rel=\"canonical\" href=\"https:\/\/verdnatura.es\/fr\/marquer-les-esprits-avec-une-ambiance-vegetale-suspendue-des-plus-reussies\/\" \/>\n<meta property=\"og:locale\" content=\"fr_FR\" \/>\n<meta property=\"og:type\" content=\"article\" \/>\n<meta property=\"og:title\" content=\"Marquer les esprits avec une ambiance v\u00e9g\u00e9tale suspendue des plus r\u00e9ussies - Verdnatura\" \/>\n<meta property=\"og:description\" content=\"L\u2019une des tendances actuelles consiste \u00e0 miser sur une ambiance v\u00e9g\u00e9tale suspendue pour donner du caract\u00e8re \u00e0 un lieu.\" \/>\n<meta property=\"og:url\" content=\"https:\/\/verdnatura.es\/fr\/marquer-les-esprits-avec-une-ambiance-vegetale-suspendue-des-plus-reussies\/\" \/>\n<meta property=\"og:site_name\" content=\"Verdnatura\" \/>\n<meta property=\"article:publisher\" content=\"http:\/\/www.facebook.com\/verdnatura\" \/>\n<meta property=\"article:published_time\" content=\"2024-07-31T12:09:25+00:00\" \/>\n<meta property=\"og:image\" content=\"https:\/\/verdnatura.es\/wp-content\/uploads\/2024\/07\/VERDNATURA-feliz-navidad-1.jpg\" \/>\n\t<meta property=\"og:image:width\" content=\"1920\" \/>\n\t<meta property=\"og:image:height\" content=\"1080\" \/>\n\t<meta property=\"og:image:type\" content=\"image\/jpeg\" \/>\n<meta name=\"author\" content=\"Paco Rico\" \/>\n<meta name=\"twitter:card\" content=\"summary_large_image\" \/>\n<meta name=\"twitter:label1\" content=\"\u00c9crit par\" \/>\n\t<meta name=\"twitter:data1\" content=\"Paco Rico\" \/>\n\t<meta name=\"twitter:label2\" content=\"Dur\u00e9e de lecture estim\u00e9e\" \/>\n\t<meta name=\"twitter:data2\" content=\"3 minutes\" \/>\n<script type=\"application\/ld+json\" class=\"yoast-schema-graph\">{\"@context\":\"https:\/\/schema.org\",\"@graph\":[{\"@type\":\"Article\",\"@id\":\"https:\/\/verdnatura.es\/fr\/marquer-les-esprits-avec-une-ambiance-vegetale-suspendue-des-plus-reussies\/#article\",\"isPartOf\":{\"@id\":\"https:\/\/verdnatura.es\/fr\/marquer-les-esprits-avec-une-ambiance-vegetale-suspendue-des-plus-reussies\/\"},\"author\":{\"name\":\"Paco Rico\",\"@id\":\"https:\/\/verdnatura.es\/fr\/#\/schema\/person\/53d4ed2e8592bfc761f9406305758f94\"},\"headline\":\"Marquer les esprits avec une ambiance v\u00e9g\u00e9tale suspendue des plus r\u00e9ussies\",\"datePublished\":\"2024-07-31T12:09:25+00:00\",\"mainEntityOfPage\":{\"@id\":\"https:\/\/verdnatura.es\/fr\/marquer-les-esprits-avec-une-ambiance-vegetale-suspendue-des-plus-reussies\/\"},\"wordCount\":3804,\"commentCount\":0,\"publisher\":{\"@id\":\"https:\/\/verdnatura.es\/fr\/#organization\"},\"image\":{\"@id\":\"https:\/\/verdnatura.es\/fr\/marquer-les-esprits-avec-une-ambiance-vegetale-suspendue-des-plus-reussies\/#primaryimage\"},\"thumbnailUrl\":\"https:\/\/verdnatura.es\/wp-content\/uploads\/2024\/07\/VERDNATURA-feliz-navidad-1.jpg\",\"articleSection\":[\"Non classifi\u00e9\"],\"inLanguage\":\"fr-FR\",\"potentialAction\":[{\"@type\":\"CommentAction\",\"name\":\"Comment\",\"target\":[\"https:\/\/verdnatura.es\/fr\/marquer-les-esprits-avec-une-ambiance-vegetale-suspendue-des-plus-reussies\/#respond\"]}]},{\"@type\":\"WebPage\",\"@id\":\"https:\/\/verdnatura.es\/fr\/marquer-les-esprits-avec-une-ambiance-vegetale-suspendue-des-plus-reussies\/\",\"url\":\"https:\/\/verdnatura.es\/fr\/marquer-les-esprits-avec-une-ambiance-vegetale-suspendue-des-plus-reussies\/\",\"name\":\"Marquer les esprits avec une ambiance v\u00e9g\u00e9tale suspendue des plus r\u00e9ussies - Verdnatura\",\"isPartOf\":{\"@id\":\"https:\/\/verdnatura.es\/fr\/#website\"},\"primaryImageOfPage\":{\"@id\":\"https:\/\/verdnatura.es\/fr\/marquer-les-esprits-avec-une-ambiance-vegetale-suspendue-des-plus-reussies\/#primaryimage\"},\"image\":{\"@id\":\"https:\/\/verdnatura.es\/fr\/marquer-les-esprits-avec-une-ambiance-vegetale-suspendue-des-plus-reussies\/#primaryimage\"},\"thumbnailUrl\":\"https:\/\/verdnatura.es\/wp-content\/uploads\/2024\/07\/VERDNATURA-feliz-navidad-1.jpg\",\"datePublished\":\"2024-07-31T12:09:25+00:00\",\"description\":\"L\u2019une des tendances actuelles consiste \u00e0 miser sur une ambiance v\u00e9g\u00e9tale suspendue pour donner du caract\u00e8re \u00e0 un lieu.\",\"breadcrumb\":{\"@id\":\"https:\/\/verdnatura.es\/fr\/marquer-les-esprits-avec-une-ambiance-vegetale-suspendue-des-plus-reussies\/#breadcrumb\"},\"inLanguage\":\"fr-FR\",\"potentialAction\":[{\"@type\":\"ReadAction\",\"target\":[\"https:\/\/verdnatura.es\/fr\/marquer-les-esprits-avec-une-ambiance-vegetale-suspendue-des-plus-reussies\/\"]}]},{\"@type\":\"ImageObject\",\"inLanguage\":\"fr-FR\",\"@id\":\"https:\/\/verdnatura.es\/fr\/marquer-les-esprits-avec-une-ambiance-vegetale-suspendue-des-plus-reussies\/#primaryimage\",\"url\":\"https:\/\/verdnatura.es\/wp-content\/uploads\/2024\/07\/VERDNATURA-feliz-navidad-1.jpg\",\"contentUrl\":\"https:\/\/verdnatura.es\/wp-content\/uploads\/2024\/07\/VERDNATURA-feliz-navidad-1.jpg\",\"width\":1920,\"height\":1080,\"caption\":\"Verdnatura\"},{\"@type\":\"BreadcrumbList\",\"@id\":\"https:\/\/verdnatura.es\/fr\/marquer-les-esprits-avec-une-ambiance-vegetale-suspendue-des-plus-reussies\/#breadcrumb\",\"itemListElement\":[{\"@type\":\"ListItem\",\"position\":1,\"name\":\"Portada\",\"item\":\"https:\/\/verdnatura.es\/fr\/\"},{\"@type\":\"ListItem\",\"position\":2,\"name\":\"Marquer les esprits avec une ambiance v\u00e9g\u00e9tale suspendue des plus r\u00e9ussies\"}]},{\"@type\":\"WebSite\",\"@id\":\"https:\/\/verdnatura.es\/fr\/#website\",\"url\":\"https:\/\/verdnatura.es\/fr\/\",\"name\":\"Verdnatura\",\"description\":\"Mayorista de flores y plantas\",\"publisher\":{\"@id\":\"https:\/\/verdnatura.es\/fr\/#organization\"},\"potentialAction\":[{\"@type\":\"SearchAction\",\"target\":{\"@type\":\"EntryPoint\",\"urlTemplate\":\"https:\/\/verdnatura.es\/fr\/?s={search_term_string}\"},\"query-input\":{\"@type\":\"PropertyValueSpecification\",\"valueRequired\":true,\"valueName\":\"search_term_string\"}}],\"inLanguage\":\"fr-FR\"},{\"@type\":\"Organization\",\"@id\":\"https:\/\/verdnatura.es\/fr\/#organization\",\"name\":\"Verdnatura Levante SL\",\"url\":\"https:\/\/verdnatura.es\/fr\/\",\"logo\":{\"@type\":\"ImageObject\",\"inLanguage\":\"fr-FR\",\"@id\":\"https:\/\/verdnatura.es\/fr\/#\/schema\/logo\/image\/\",\"url\":\"https:\/\/verdnatura.es\/wp-content\/uploads\/2023\/12\/Marca-sin-fondo.png\",\"contentUrl\":\"https:\/\/verdnatura.es\/wp-content\/uploads\/2023\/12\/Marca-sin-fondo.png\",\"width\":1000,\"height\":630,\"caption\":\"Verdnatura Levante SL\"},\"image\":{\"@id\":\"https:\/\/verdnatura.es\/fr\/#\/schema\/logo\/image\/\"},\"sameAs\":[\"http:\/\/www.facebook.com\/verdnatura\",\"https:\/\/www.instagram.com\/verdnatura\",\"https:\/\/www.linkedin.com\/company\/verdnatura\"]},{\"@type\":\"Person\",\"@id\":\"https:\/\/verdnatura.es\/fr\/#\/schema\/person\/53d4ed2e8592bfc761f9406305758f94\",\"name\":\"Paco Rico\",\"image\":{\"@type\":\"ImageObject\",\"inLanguage\":\"fr-FR\",\"@id\":\"https:\/\/verdnatura.es\/fr\/#\/schema\/person\/image\/\",\"url\":\"https:\/\/secure.gravatar.com\/avatar\/6197f5cc34dcd4932835e81b1a79d4d29ac453876fb3f7982514e80454b0903f?s=96&d=mm&r=g\",\"contentUrl\":\"https:\/\/secure.gravatar.com\/avatar\/6197f5cc34dcd4932835e81b1a79d4d29ac453876fb3f7982514e80454b0903f?s=96&d=mm&r=g\",\"caption\":\"Paco Rico\"},\"url\":\"https:\/\/verdnatura.es\/fr\/author\/pacorico\/\"}]}<\/script>\n<!-- \/ Yoast SEO plugin. -->","yoast_head_json":{"title":"Marquer les esprits avec une ambiance v\u00e9g\u00e9tale suspendue des plus r\u00e9ussies - Verdnatura","description":"L\u2019une des tendances actuelles consiste \u00e0 miser sur une ambiance v\u00e9g\u00e9tale suspendue pour donner du caract\u00e8re \u00e0 un lieu.","robots":{"index":"index","follow":"follow","max-snippet":"max-snippet:-1","max-image-preview":"max-image-preview:large","max-video-preview":"max-video-preview:-1"},"canonical":"https:\/\/verdnatura.es\/fr\/marquer-les-esprits-avec-une-ambiance-vegetale-suspendue-des-plus-reussies\/","og_locale":"fr_FR","og_type":"article","og_title":"Marquer les esprits avec une ambiance v\u00e9g\u00e9tale suspendue des plus r\u00e9ussies - Verdnatura","og_description":"L\u2019une des tendances actuelles consiste \u00e0 miser sur une ambiance v\u00e9g\u00e9tale suspendue pour donner du caract\u00e8re \u00e0 un lieu.","og_url":"https:\/\/verdnatura.es\/fr\/marquer-les-esprits-avec-une-ambiance-vegetale-suspendue-des-plus-reussies\/","og_site_name":"Verdnatura","article_publisher":"http:\/\/www.facebook.com\/verdnatura","article_published_time":"2024-07-31T12:09:25+00:00","og_image":[{"width":1920,"height":1080,"url":"https:\/\/verdnatura.es\/wp-content\/uploads\/2024\/07\/VERDNATURA-feliz-navidad-1.jpg","type":"image\/jpeg"}],"author":"Paco Rico","twitter_card":"summary_large_image","twitter_misc":{"\u00c9crit par":"Paco Rico","Dur\u00e9e de lecture estim\u00e9e":"3 minutes"},"schema":{"@context":"https:\/\/schema.org","@graph":[{"@type":"Article","@id":"https:\/\/verdnatura.es\/fr\/marquer-les-esprits-avec-une-ambiance-vegetale-suspendue-des-plus-reussies\/#article","isPartOf":{"@id":"https:\/\/verdnatura.es\/fr\/marquer-les-esprits-avec-une-ambiance-vegetale-suspendue-des-plus-reussies\/"},"author":{"name":"Paco Rico","@id":"https:\/\/verdnatura.es\/fr\/#\/schema\/person\/53d4ed2e8592bfc761f9406305758f94"},"headline":"Marquer les esprits avec une ambiance v\u00e9g\u00e9tale suspendue des plus r\u00e9ussies","datePublished":"2024-07-31T12:09:25+00:00","mainEntityOfPage":{"@id":"https:\/\/verdnatura.es\/fr\/marquer-les-esprits-avec-une-ambiance-vegetale-suspendue-des-plus-reussies\/"},"wordCount":3804,"commentCount":0,"publisher":{"@id":"https:\/\/verdnatura.es\/fr\/#organization"},"image":{"@id":"https:\/\/verdnatura.es\/fr\/marquer-les-esprits-avec-une-ambiance-vegetale-suspendue-des-plus-reussies\/#primaryimage"},"thumbnailUrl":"https:\/\/verdnatura.es\/wp-content\/uploads\/2024\/07\/VERDNATURA-feliz-navidad-1.jpg","articleSection":["Non classifi\u00e9"],"inLanguage":"fr-FR","potentialAction":[{"@type":"CommentAction","name":"Comment","target":["https:\/\/verdnatura.es\/fr\/marquer-les-esprits-avec-une-ambiance-vegetale-suspendue-des-plus-reussies\/#respond"]}]},{"@type":"WebPage","@id":"https:\/\/verdnatura.es\/fr\/marquer-les-esprits-avec-une-ambiance-vegetale-suspendue-des-plus-reussies\/","url":"https:\/\/verdnatura.es\/fr\/marquer-les-esprits-avec-une-ambiance-vegetale-suspendue-des-plus-reussies\/","name":"Marquer les esprits avec une ambiance v\u00e9g\u00e9tale suspendue des plus r\u00e9ussies - Verdnatura","isPartOf":{"@id":"https:\/\/verdnatura.es\/fr\/#website"},"primaryImageOfPage":{"@id":"https:\/\/verdnatura.es\/fr\/marquer-les-esprits-avec-une-ambiance-vegetale-suspendue-des-plus-reussies\/#primaryimage"},"image":{"@id":"https:\/\/verdnatura.es\/fr\/marquer-les-esprits-avec-une-ambiance-vegetale-suspendue-des-plus-reussies\/#primaryimage"},"thumbnailUrl":"https:\/\/verdnatura.es\/wp-content\/uploads\/2024\/07\/VERDNATURA-feliz-navidad-1.jpg","datePublished":"2024-07-31T12:09:25+00:00","description":"L\u2019une des tendances actuelles consiste \u00e0 miser sur une ambiance v\u00e9g\u00e9tale suspendue pour donner du caract\u00e8re \u00e0 un lieu.","breadcrumb":{"@id":"https:\/\/verdnatura.es\/fr\/marquer-les-esprits-avec-une-ambiance-vegetale-suspendue-des-plus-reussies\/#breadcrumb"},"inLanguage":"fr-FR","potentialAction":[{"@type":"ReadAction","target":["https:\/\/verdnatura.es\/fr\/marquer-les-esprits-avec-une-ambiance-vegetale-suspendue-des-plus-reussies\/"]}]},{"@type":"ImageObject","inLanguage":"fr-FR","@id":"https:\/\/verdnatura.es\/fr\/marquer-les-esprits-avec-une-ambiance-vegetale-suspendue-des-plus-reussies\/#primaryimage","url":"https:\/\/verdnatura.es\/wp-content\/uploads\/2024\/07\/VERDNATURA-feliz-navidad-1.jpg","contentUrl":"https:\/\/verdnatura.es\/wp-content\/uploads\/2024\/07\/VERDNATURA-feliz-navidad-1.jpg","width":1920,"height":1080,"caption":"Verdnatura"},{"@type":"BreadcrumbList","@id":"https:\/\/verdnatura.es\/fr\/marquer-les-esprits-avec-une-ambiance-vegetale-suspendue-des-plus-reussies\/#breadcrumb","itemListElement":[{"@type":"ListItem","position":1,"name":"Portada","item":"https:\/\/verdnatura.es\/fr\/"},{"@type":"ListItem","position":2,"name":"Marquer les esprits avec une ambiance v\u00e9g\u00e9tale suspendue des plus r\u00e9ussies"}]},{"@type":"WebSite","@id":"https:\/\/verdnatura.es\/fr\/#website","url":"https:\/\/verdnatura.es\/fr\/","name":"Verdnatura","description":"Mayorista de flores y plantas","publisher":{"@id":"https:\/\/verdnatura.es\/fr\/#organization"},"potentialAction":[{"@type":"SearchAction","target":{"@type":"EntryPoint","urlTemplate":"https:\/\/verdnatura.es\/fr\/?s={search_term_string}"},"query-input":{"@type":"PropertyValueSpecification","valueRequired":true,"valueName":"search_term_string"}}],"inLanguage":"fr-FR"},{"@type":"Organization","@id":"https:\/\/verdnatura.es\/fr\/#organization","name":"Verdnatura Levante SL","url":"https:\/\/verdnatura.es\/fr\/","logo":{"@type":"ImageObject","inLanguage":"fr-FR","@id":"https:\/\/verdnatura.es\/fr\/#\/schema\/logo\/image\/","url":"https:\/\/verdnatura.es\/wp-content\/uploads\/2023\/12\/Marca-sin-fondo.png","contentUrl":"https:\/\/verdnatura.es\/wp-content\/uploads\/2023\/12\/Marca-sin-fondo.png","width":1000,"height":630,"caption":"Verdnatura Levante SL"},"image":{"@id":"https:\/\/verdnatura.es\/fr\/#\/schema\/logo\/image\/"},"sameAs":["http:\/\/www.facebook.com\/verdnatura","https:\/\/www.instagram.com\/verdnatura","https:\/\/www.linkedin.com\/company\/verdnatura"]},{"@type":"Person","@id":"https:\/\/verdnatura.es\/fr\/#\/schema\/person\/53d4ed2e8592bfc761f9406305758f94","name":"Paco Rico","image":{"@type":"ImageObject","inLanguage":"fr-FR","@id":"https:\/\/verdnatura.es\/fr\/#\/schema\/person\/image\/","url":"https:\/\/secure.gravatar.com\/avatar\/6197f5cc34dcd4932835e81b1a79d4d29ac453876fb3f7982514e80454b0903f?s=96&d=mm&r=g","contentUrl":"https:\/\/secure.gravatar.com\/avatar\/6197f5cc34dcd4932835e81b1a79d4d29ac453876fb3f7982514e80454b0903f?s=96&d=mm&r=g","caption":"Paco Rico"},"url":"https:\/\/verdnatura.es\/fr\/author\/pacorico\/"}]}},"_links":{"self":[{"href":"https:\/\/verdnatura.es\/fr\/wp-json\/wp\/v2\/posts\/10835","targetHints":{"allow":["GET"]}}],"collection":[{"href":"https:\/\/verdnatura.es\/fr\/wp-json\/wp\/v2\/posts"}],"about":[{"href":"https:\/\/verdnatura.es\/fr\/wp-json\/wp\/v2\/types\/post"}],"author":[{"embeddable":true,"href":"https:\/\/verdnatura.es\/fr\/wp-json\/wp\/v2\/users\/2"}],"replies":[{"embeddable":true,"href":"https:\/\/verdnatura.es\/fr\/wp-json\/wp\/v2\/comments?post=10835"}],"version-history":[{"count":14,"href":"https:\/\/verdnatura.es\/fr\/wp-json\/wp\/v2\/posts\/10835\/revisions"}],"predecessor-version":[{"id":10869,"href":"https:\/\/verdnatura.es\/fr\/wp-json\/wp\/v2\/posts\/10835\/revisions\/10869"}],"wp:featuredmedia":[{"embeddable":true,"href":"https:\/\/verdnatura.es\/fr\/wp-json\/wp\/v2\/media\/10839"}],"wp:attachment":[{"href":"https:\/\/verdnatura.es\/fr\/wp-json\/wp\/v2\/media?parent=10835"}],"wp:term":[{"taxonomy":"category","embeddable":true,"href":"https:\/\/verdnatura.es\/fr\/wp-json\/wp\/v2\/categories?post=10835"},{"taxonomy":"post_tag","embeddable":true,"href":"https:\/\/verdnatura.es\/fr\/wp-json\/wp\/v2\/tags?post=10835"}],"curies":[{"name":"wp","href":"https:\/\/api.w.org\/{rel}","templated":true}]}}