{"id":16942,"date":"2024-10-22T12:08:49","date_gmt":"2024-10-22T10:08:49","guid":{"rendered":"https:\/\/verdnatura.es\/?p=16942"},"modified":"2024-10-22T12:21:48","modified_gmt":"2024-10-22T10:21:48","slug":"toulouse-la-ville-rose-a-lhonneur-chez-verdnatura","status":"publish","type":"post","link":"https:\/\/verdnatura.es\/fr\/toulouse-la-ville-rose-a-lhonneur-chez-verdnatura\/","title":{"rendered":"Toulouse, la \u201cVille Rose\u201d \u00e0 l\u2019honneur chez Verdnatura!"},"content":{"rendered":"<div class=\"fusion-fullwidth fullwidth-box fusion-builder-row-1 fusion-flex-container has-pattern-background has-mask-background nonhundred-percent-fullwidth non-hundred-percent-height-scrolling\" style=\"--awb-border-radius-top-left:0px;--awb-border-radius-top-right:0px;--awb-border-radius-bottom-right:0px;--awb-border-radius-bottom-left:0px;--awb-flex-wrap:wrap;\" ><div class=\"fusion-builder-row fusion-row fusion-flex-align-items-flex-start fusion-flex-content-wrap\" style=\"max-width:1352px;margin-left: calc(-4% \/ 2 );margin-right: calc(-4% \/ 2 );\"><div class=\"fusion-layout-column fusion_builder_column fusion-builder-column-0 fusion_builder_column_1_1 1_1 fusion-flex-column\" style=\"--awb-bg-size:cover;--awb-width-large:100%;--awb-margin-top-large:0px;--awb-spacing-right-large:1.92%;--awb-margin-bottom-large:0px;--awb-spacing-left-large:1.92%;--awb-width-medium:100%;--awb-order-medium:0;--awb-spacing-right-medium:1.92%;--awb-spacing-left-medium:1.92%;--awb-width-small:100%;--awb-order-small:0;--awb-spacing-right-small:1.92%;--awb-spacing-left-small:1.92%;\"><div class=\"fusion-column-wrapper fusion-column-has-shadow fusion-flex-justify-content-flex-start fusion-content-layout-column\"><div class=\"fusion-separator fusion-full-width-sep\" style=\"align-self: center;margin-left: auto;margin-right: auto;margin-top:30px;margin-bottom:10px;width:100%;\"><\/div><div class=\"fusion-text fusion-text-1\"><p style=\"text-align: center;\"><em>Le mercredi 2 octobre, le couple chaleureux d\u2019artisans fleuristes de Cattleya est venu d\u00e9couvrir les installations de leur principal fournisseur de fleurs \u00e0 Algemesi.<\/em><\/p>\n<\/div><div class=\"fusion-text fusion-text-2\"><p style=\"text-align: center;\"><em>La cattleya est leur orchid\u00e9e pr\u00e9f\u00e9r\u00e9e, la reine des reines connue pour la splendeur et la diversit\u00e9 de ses fleurs.<\/em><br \/>\n<em>D\u2019o\u00f9 le nom de leur jolie boutique!<\/em><\/p>\n<\/div><div class=\"fusion-text fusion-text-3\"><p style=\"text-align: center;\">***<\/p>\n<\/div><div class=\"fusion-text fusion-text-4\"><p>Client de Verdnatura depuis 2023, Luis d&rsquo;origine portugaise a commenc\u00e9 il y a un peu plus de 20 ans dans le secteur en cr\u00e9ant une soci\u00e9t\u00e9 d\u00e9di\u00e9e \u00e0 la vente de bulbes, de semences et de commercialisation de produits d&rsquo;entretien pour plantes. A l\u2019\u00e9poque, il se tourne vers des soci\u00e9t\u00e9s hollandaises aupr\u00e8s desquelles il a \u201c techniquement, \u00e9norm\u00e9ment appris\u201d, pr\u00e9cise-t\u2019il \u00e0 nos commerciaux Aurore, St\u00e9phanie et Enrique qui l\u2019ont accueilli.<\/p>\n<p>Malheureusement, la crise \u00e9conomique de 2008 a eu raison de sa soci\u00e9t\u00e9 et il a d\u00fb la fermer<\/p>\n<\/div><div class=\"fusion-text fusion-text-5\"><p>Mais l\u2019histoire ne se termine pas l\u00e0\u2026 La vie va lui offrir une nouvelle opportunit\u00e9 de se consacrer \u00e0 sa passion !<\/p>\n<p>Il rencontre en effet, sa femme Ukrainienne au Portugal et, ensemble, d\u00e9cident de remonter une soci\u00e9t\u00e9 dans le secteur floral.<\/p>\n<p>Fort de son exp\u00e9rience pass\u00e9e, Luis d\u00e9cide avec l&rsquo;appui de son \u00e9pouse d\u2019ouvrir une boutique au concept innovant !<\/p>\n<\/div><div class=\"fusion-builder-row fusion-builder-row-inner fusion-row fusion-flex-align-items-flex-start fusion-flex-content-wrap\" style=\"--awb-flex-grow:0;--awb-flex-grow-medium:0;--awb-flex-grow-small:0;--awb-flex-shrink:0;--awb-flex-shrink-medium:0;--awb-flex-shrink-small:0;width:104% !important;max-width:104% !important;margin-left: calc(-4% \/ 2 );margin-right: calc(-4% \/ 2 );\"><div class=\"fusion-layout-column fusion_builder_column_inner fusion-builder-nested-column-0 fusion_builder_column_inner_1_2 1_2 fusion-flex-column\" style=\"--awb-bg-size:cover;--awb-width-large:50%;--awb-margin-top-large:0px;--awb-spacing-right-large:3.84%;--awb-margin-bottom-large:0px;--awb-spacing-left-large:3.84%;--awb-width-medium:100%;--awb-order-medium:0;--awb-spacing-right-medium:1.92%;--awb-spacing-left-medium:1.92%;--awb-width-small:100%;--awb-order-small:0;--awb-spacing-right-small:1.92%;--awb-spacing-left-small:1.92%;\"><div class=\"fusion-column-wrapper fusion-column-has-shadow fusion-flex-justify-content-flex-start fusion-content-layout-column\"><div class=\"fusion-image-element \" style=\"--awb-caption-title-font-family:var(--h2_typography-font-family);--awb-caption-title-font-weight:var(--h2_typography-font-weight);--awb-caption-title-font-style:var(--h2_typography-font-style);--awb-caption-title-size:var(--h2_typography-font-size);--awb-caption-title-transform:var(--h2_typography-text-transform);--awb-caption-title-line-height:var(--h2_typography-line-height);--awb-caption-title-letter-spacing:var(--h2_typography-letter-spacing);\"><span class=\" fusion-imageframe imageframe-none imageframe-1 hover-type-none\"><img decoding=\"async\" width=\"300\" height=\"300\" title=\"208\" src=\"https:\/\/verdnatura.es\/wp-content\/uploads\/2024\/10\/208.jpg\" data-orig-src=\"https:\/\/verdnatura.es\/wp-content\/uploads\/2024\/10\/208-300x300.jpg\" alt class=\"lazyload img-responsive wp-image-16991\" srcset=\"data:image\/svg+xml,%3Csvg%20xmlns%3D%27http%3A%2F%2Fwww.w3.org%2F2000%2Fsvg%27%20width%3D%271080%27%20height%3D%271080%27%20viewBox%3D%270%200%201080%201080%27%3E%3Crect%20width%3D%271080%27%20height%3D%271080%27%20fill-opacity%3D%220%22%2F%3E%3C%2Fsvg%3E\" data-srcset=\"https:\/\/verdnatura.es\/wp-content\/uploads\/2024\/10\/208-200x200.jpg 200w, https:\/\/verdnatura.es\/wp-content\/uploads\/2024\/10\/208-400x400.jpg 400w, https:\/\/verdnatura.es\/wp-content\/uploads\/2024\/10\/208-600x600.jpg 600w, https:\/\/verdnatura.es\/wp-content\/uploads\/2024\/10\/208-800x800.jpg 800w, https:\/\/verdnatura.es\/wp-content\/uploads\/2024\/10\/208.jpg 1080w\" data-sizes=\"auto\" data-orig-sizes=\"(max-width: 1024px) 100vw, (max-width: 640px) 100vw, 800px\" \/><\/span><\/div><\/div><\/div><div class=\"fusion-layout-column fusion_builder_column_inner fusion-builder-nested-column-1 fusion_builder_column_inner_1_2 1_2 fusion-flex-column\" style=\"--awb-bg-size:cover;--awb-width-large:50%;--awb-margin-top-large:0px;--awb-spacing-right-large:3.84%;--awb-margin-bottom-large:0px;--awb-spacing-left-large:3.84%;--awb-width-medium:100%;--awb-order-medium:0;--awb-spacing-right-medium:1.92%;--awb-spacing-left-medium:1.92%;--awb-width-small:100%;--awb-order-small:0;--awb-spacing-right-small:1.92%;--awb-spacing-left-small:1.92%;\"><div class=\"fusion-column-wrapper fusion-column-has-shadow fusion-flex-justify-content-flex-start fusion-content-layout-column\"><div class=\"fusion-separator fusion-full-width-sep\" style=\"align-self: center;margin-left: auto;margin-right: auto;margin-top:30px;margin-bottom:20px;width:100%;\"><\/div><div class=\"fusion-text fusion-text-6\"><p>Il y place au centre un frigo vitrine permettant \u00e0 ses clients d\u2019admirer toutes ses jolies fleurs. L\u2019originalit\u00e9 de cette id\u00e9e est un sujet propice aux conversations. Il en d\u00e9coule de belles rencontres autour d&rsquo;une tasse de caf\u00e9 et de nouvelles amiti\u00e9s. Ne dit-on pas que \u201cL\u2019amiti\u00e9 est comme une fleur qui \u00e9clot et r\u00e9pand sa beaut\u00e9 dans nos vies\u201d?<\/p>\n<\/div><\/div><\/div><\/div><div class=\"fusion-builder-row fusion-builder-row-inner fusion-row fusion-flex-align-items-flex-start fusion-flex-content-wrap\" style=\"--awb-flex-grow:0;--awb-flex-grow-medium:0;--awb-flex-grow-small:0;--awb-flex-shrink:0;--awb-flex-shrink-medium:0;--awb-flex-shrink-small:0;width:104% !important;max-width:104% !important;margin-left: calc(-4% \/ 2 );margin-right: calc(-4% \/ 2 );\"><div class=\"fusion-layout-column fusion_builder_column_inner fusion-builder-nested-column-2 fusion_builder_column_inner_1_2 1_2 fusion-flex-column\" style=\"--awb-bg-size:cover;--awb-width-large:50%;--awb-margin-top-large:0px;--awb-spacing-right-large:3.84%;--awb-margin-bottom-large:0px;--awb-spacing-left-large:3.84%;--awb-width-medium:100%;--awb-order-medium:0;--awb-spacing-right-medium:1.92%;--awb-spacing-left-medium:1.92%;--awb-width-small:100%;--awb-order-small:0;--awb-spacing-right-small:1.92%;--awb-spacing-left-small:1.92%;\" data-scroll-devices=\"small-visibility,medium-visibility,large-visibility\"><div class=\"fusion-column-wrapper fusion-column-has-shadow fusion-flex-justify-content-flex-start fusion-content-layout-column\"><div class=\"fusion-separator fusion-full-width-sep\" style=\"align-self: center;margin-left: auto;margin-right: auto;margin-top:30px;margin-bottom:20px;width:100%;\"><\/div><div class=\"fusion-text fusion-text-7\"><p>Fiers de leur note de 5\/5 sur les r\u00e9seaux sociaux, les artisans fleuristes de Cattleya sont connus et reconnus pour la qualit\u00e9 des produits et de leurs services.<br \/>\nLa r\u00e9ussite de leur premi\u00e8re boutique les am\u00e8ne \u00e0 programmer l\u2019ouverture prochaine d\u2019une deuxi\u00e8me boutique \u00e0 Toulouse.<\/p>\n<p>Nous sommes tr\u00e8s heureux de pouvoir contribuer au succ\u00e8s de nos clients!<\/p>\n<\/div><\/div><\/div><div class=\"fusion-layout-column fusion_builder_column_inner fusion-builder-nested-column-3 fusion_builder_column_inner_1_2 1_2 fusion-flex-column\" style=\"--awb-bg-size:cover;--awb-width-large:50%;--awb-margin-top-large:0px;--awb-spacing-right-large:3.84%;--awb-margin-bottom-large:0px;--awb-spacing-left-large:3.84%;--awb-width-medium:100%;--awb-order-medium:0;--awb-spacing-right-medium:1.92%;--awb-spacing-left-medium:1.92%;--awb-width-small:100%;--awb-order-small:0;--awb-spacing-right-small:1.92%;--awb-spacing-left-small:1.92%;\"><div class=\"fusion-column-wrapper fusion-column-has-shadow fusion-flex-justify-content-flex-start fusion-content-layout-column\"><div class=\"fusion-image-element \" style=\"--awb-caption-title-font-family:var(--h2_typography-font-family);--awb-caption-title-font-weight:var(--h2_typography-font-weight);--awb-caption-title-font-style:var(--h2_typography-font-style);--awb-caption-title-size:var(--h2_typography-font-size);--awb-caption-title-transform:var(--h2_typography-text-transform);--awb-caption-title-line-height:var(--h2_typography-line-height);--awb-caption-title-letter-spacing:var(--h2_typography-letter-spacing);\"><span class=\" fusion-imageframe imageframe-none imageframe-2 hover-type-none\"><img decoding=\"async\" width=\"300\" height=\"300\" title=\"209\" src=\"https:\/\/verdnatura.es\/wp-content\/uploads\/2024\/10\/209.jpg\" data-orig-src=\"https:\/\/verdnatura.es\/wp-content\/uploads\/2024\/10\/209-300x300.jpg\" alt class=\"lazyload img-responsive wp-image-16998\" srcset=\"data:image\/svg+xml,%3Csvg%20xmlns%3D%27http%3A%2F%2Fwww.w3.org%2F2000%2Fsvg%27%20width%3D%271080%27%20height%3D%271080%27%20viewBox%3D%270%200%201080%201080%27%3E%3Crect%20width%3D%271080%27%20height%3D%271080%27%20fill-opacity%3D%220%22%2F%3E%3C%2Fsvg%3E\" data-srcset=\"https:\/\/verdnatura.es\/wp-content\/uploads\/2024\/10\/209-200x200.jpg 200w, https:\/\/verdnatura.es\/wp-content\/uploads\/2024\/10\/209-400x400.jpg 400w, https:\/\/verdnatura.es\/wp-content\/uploads\/2024\/10\/209-600x600.jpg 600w, https:\/\/verdnatura.es\/wp-content\/uploads\/2024\/10\/209-800x800.jpg 800w, https:\/\/verdnatura.es\/wp-content\/uploads\/2024\/10\/209.jpg 1080w\" data-sizes=\"auto\" data-orig-sizes=\"(max-width: 1024px) 100vw, (max-width: 640px) 100vw, 800px\" \/><\/span><\/div><\/div><\/div><\/div><div class=\"fusion-text fusion-text-8\"><blockquote>\n<p style=\"text-align: center;\">\u201c <em>Qu&rsquo;il est loin mon pays qu&rsquo;il est loin<br \/>\n<\/em><em>Parfois au fond de moi se ranime<br \/>\n<\/em><em>L&rsquo;eau verte du canal du Midi<br \/>\n<\/em><em>Et la brique rouge des Minimes<br \/>\n<\/em><em>\u00d4 mon pa\u00efs \u00f4 Toulouse \u00f4 Toulouse<\/em>\u2026\u201d<\/p>\n<h6 style=\"text-align: right;\"><em><span style=\"text-align: right;\">Claude Nougaro<br \/>\n<\/span><span style=\"text-align: right;\">Extrait Toulouse<\/span><\/em><\/h6>\n<\/blockquote>\n<\/div><div class=\"fusion-text fusion-text-9\"><p style=\"text-align: center;\"><em>Un grand merci de la part de l\u2019\u00e9quipe France pour avoir amen\u00e9 avec vous un petit bout de pays jusqu\u2019\u00e0 Algemesi!<\/em><\/p>\n<\/div><div class=\"awb-gallery-wrapper awb-gallery-wrapper-1 button-span-no\" style=\"--more-btn-alignment:center;\"><div style=\"margin:-5px;--awb-bordersize:0px;--awb-columns-medium:100%;--awb-columns-small:100%;\" class=\"fusion-gallery fusion-gallery-container fusion-grid-3 fusion-columns-total-3 fusion-gallery-layout-grid fusion-gallery-1\"><div style=\"padding:5px;\" class=\"fusion-grid-column fusion-gallery-column fusion-gallery-column-3 hover-type-none\"><div class=\"fusion-gallery-image\"><a href=\"https:\/\/verdnatura.es\/wp-content\/uploads\/2024\/10\/205.jpg\" rel=\"noreferrer\" data-rel=\"iLightbox[gallery_image_1]\" class=\"fusion-lightbox\" target=\"_self\"><img decoding=\"async\" src=\"https:\/\/verdnatura.es\/wp-content\/uploads\/2024\/10\/205.jpg\" data-orig-src=\"https:\/\/verdnatura.es\/wp-content\/uploads\/2024\/10\/205.jpg\" width=\"1080\" height=\"1080\" alt=\"\" title=\"205\" aria-label=\"205\" class=\"lazyload img-responsive wp-image-16950\" srcset=\"data:image\/svg+xml,%3Csvg%20xmlns%3D%27http%3A%2F%2Fwww.w3.org%2F2000%2Fsvg%27%20width%3D%271080%27%20height%3D%271080%27%20viewBox%3D%270%200%201080%201080%27%3E%3Crect%20width%3D%271080%27%20height%3D%271080%27%20fill-opacity%3D%220%22%2F%3E%3C%2Fsvg%3E\" data-srcset=\"https:\/\/verdnatura.es\/wp-content\/uploads\/2024\/10\/205-200x200.jpg 200w, https:\/\/verdnatura.es\/wp-content\/uploads\/2024\/10\/205-400x400.jpg 400w, https:\/\/verdnatura.es\/wp-content\/uploads\/2024\/10\/205-600x600.jpg 600w, https:\/\/verdnatura.es\/wp-content\/uploads\/2024\/10\/205-800x800.jpg 800w, https:\/\/verdnatura.es\/wp-content\/uploads\/2024\/10\/205.jpg 1080w\" data-sizes=\"auto\" data-orig-sizes=\"(min-width: 2200px) 100vw, (min-width: 784px) 430px, (min-width: 712px) 645px, (min-width: 640px) 712px, \" \/><\/a><\/div><\/div><div style=\"padding:5px;\" class=\"fusion-grid-column fusion-gallery-column fusion-gallery-column-3 hover-type-none\"><div class=\"fusion-gallery-image\"><a href=\"https:\/\/verdnatura.es\/wp-content\/uploads\/2024\/10\/206.jpg\" rel=\"noreferrer\" data-rel=\"iLightbox[gallery_image_1]\" class=\"fusion-lightbox\" target=\"_self\"><img decoding=\"async\" src=\"https:\/\/verdnatura.es\/wp-content\/uploads\/2024\/10\/206.jpg\" data-orig-src=\"https:\/\/verdnatura.es\/wp-content\/uploads\/2024\/10\/206.jpg\" width=\"1080\" height=\"1080\" alt=\"\" title=\"206\" aria-label=\"206\" class=\"lazyload img-responsive wp-image-16956\" srcset=\"data:image\/svg+xml,%3Csvg%20xmlns%3D%27http%3A%2F%2Fwww.w3.org%2F2000%2Fsvg%27%20width%3D%271080%27%20height%3D%271080%27%20viewBox%3D%270%200%201080%201080%27%3E%3Crect%20width%3D%271080%27%20height%3D%271080%27%20fill-opacity%3D%220%22%2F%3E%3C%2Fsvg%3E\" data-srcset=\"https:\/\/verdnatura.es\/wp-content\/uploads\/2024\/10\/206-200x200.jpg 200w, https:\/\/verdnatura.es\/wp-content\/uploads\/2024\/10\/206-400x400.jpg 400w, https:\/\/verdnatura.es\/wp-content\/uploads\/2024\/10\/206-600x600.jpg 600w, https:\/\/verdnatura.es\/wp-content\/uploads\/2024\/10\/206-800x800.jpg 800w, https:\/\/verdnatura.es\/wp-content\/uploads\/2024\/10\/206.jpg 1080w\" data-sizes=\"auto\" data-orig-sizes=\"(min-width: 2200px) 100vw, (min-width: 784px) 430px, (min-width: 712px) 645px, (min-width: 640px) 712px, \" \/><\/a><\/div><\/div><div style=\"padding:5px;\" class=\"fusion-grid-column fusion-gallery-column fusion-gallery-column-3 hover-type-none\"><div class=\"fusion-gallery-image\"><a href=\"https:\/\/verdnatura.es\/wp-content\/uploads\/2024\/10\/207.jpg\" rel=\"noreferrer\" data-rel=\"iLightbox[gallery_image_1]\" class=\"fusion-lightbox\" target=\"_self\"><img decoding=\"async\" src=\"https:\/\/verdnatura.es\/wp-content\/uploads\/2024\/10\/207.jpg\" data-orig-src=\"https:\/\/verdnatura.es\/wp-content\/uploads\/2024\/10\/207.jpg\" width=\"1080\" height=\"1080\" alt=\"\" title=\"207\" aria-label=\"207\" class=\"lazyload img-responsive wp-image-16962\" srcset=\"data:image\/svg+xml,%3Csvg%20xmlns%3D%27http%3A%2F%2Fwww.w3.org%2F2000%2Fsvg%27%20width%3D%271080%27%20height%3D%271080%27%20viewBox%3D%270%200%201080%201080%27%3E%3Crect%20width%3D%271080%27%20height%3D%271080%27%20fill-opacity%3D%220%22%2F%3E%3C%2Fsvg%3E\" data-srcset=\"https:\/\/verdnatura.es\/wp-content\/uploads\/2024\/10\/207-200x200.jpg 200w, https:\/\/verdnatura.es\/wp-content\/uploads\/2024\/10\/207-400x400.jpg 400w, https:\/\/verdnatura.es\/wp-content\/uploads\/2024\/10\/207-600x600.jpg 600w, https:\/\/verdnatura.es\/wp-content\/uploads\/2024\/10\/207-800x800.jpg 800w, https:\/\/verdnatura.es\/wp-content\/uploads\/2024\/10\/207.jpg 1080w\" data-sizes=\"auto\" data-orig-sizes=\"(min-width: 2200px) 100vw, (min-width: 784px) 430px, (min-width: 712px) 645px, (min-width: 640px) 712px, \" \/><\/a><\/div><\/div><div class=\"clearfix\"><\/div><\/div><\/div><\/div><\/div><\/div><\/div>\n","protected":false},"excerpt":{"rendered":"","protected":false},"author":2,"featured_media":16973,"comment_status":"open","ping_status":"open","sticky":false,"template":"","format":"standard","meta":{"_acf_changed":false,"footnotes":""},"categories":[70],"tags":[],"class_list":["post-16942","post","type-post","status-publish","format-standard","has-post-thumbnail","hentry","category-non-classifie"],"acf":[],"yoast_head":"<!-- This site is optimized with the Yoast SEO plugin v27.1.1 - https:\/\/yoast.com\/product\/yoast-seo-wordpress\/ -->\n<title>Toulouse, la \u201cVille Rose\u201d \u00e0 l\u2019honneur chez Verdnatura! - Verdnatura<\/title>\n<meta name=\"description\" content=\"Le couple chaleureux d\u2019artisans fleuristes de Cattleya est venu d\u00e9couvrir les installations de leur principal fournisseur de fleurs.\" \/>\n<meta name=\"robots\" content=\"index, follow, max-snippet:-1, max-image-preview:large, max-video-preview:-1\" \/>\n<link rel=\"canonical\" href=\"https:\/\/verdnatura.es\/fr\/toulouse-la-ville-rose-a-lhonneur-chez-verdnatura\/\" \/>\n<meta property=\"og:locale\" content=\"fr_FR\" \/>\n<meta property=\"og:type\" content=\"article\" \/>\n<meta property=\"og:title\" content=\"Toulouse, la \u201cVille Rose\u201d \u00e0 l\u2019honneur chez Verdnatura! - Verdnatura\" \/>\n<meta property=\"og:description\" content=\"Le couple chaleureux d\u2019artisans fleuristes de Cattleya est venu d\u00e9couvrir les installations de leur principal fournisseur de fleurs.\" \/>\n<meta property=\"og:url\" content=\"https:\/\/verdnatura.es\/fr\/toulouse-la-ville-rose-a-lhonneur-chez-verdnatura\/\" \/>\n<meta property=\"og:site_name\" content=\"Verdnatura\" \/>\n<meta property=\"article:publisher\" content=\"http:\/\/www.facebook.com\/verdnatura\" \/>\n<meta property=\"article:published_time\" content=\"2024-10-22T10:08:49+00:00\" \/>\n<meta property=\"article:modified_time\" content=\"2024-10-22T10:21:48+00:00\" \/>\n<meta property=\"og:image\" content=\"https:\/\/verdnatura.es\/wp-content\/uploads\/2024\/10\/Diseno-sin-titulo-2024-10-22T113741.104-1024x576.png\" \/>\n\t<meta property=\"og:image:width\" content=\"1024\" \/>\n\t<meta property=\"og:image:height\" content=\"576\" \/>\n\t<meta property=\"og:image:type\" content=\"image\/png\" \/>\n<meta name=\"author\" content=\"Paco Rico\" \/>\n<meta name=\"twitter:card\" content=\"summary_large_image\" \/>\n<meta name=\"twitter:label1\" content=\"\u00c9crit par\" \/>\n\t<meta name=\"twitter:data1\" content=\"Paco Rico\" \/>\n\t<meta name=\"twitter:label2\" content=\"Dur\u00e9e de lecture estim\u00e9e\" \/>\n\t<meta name=\"twitter:data2\" content=\"3 minutes\" \/>\n<script type=\"application\/ld+json\" class=\"yoast-schema-graph\">{\"@context\":\"https:\/\/schema.org\",\"@graph\":[{\"@type\":\"Article\",\"@id\":\"https:\/\/verdnatura.es\/fr\/toulouse-la-ville-rose-a-lhonneur-chez-verdnatura\/#article\",\"isPartOf\":{\"@id\":\"https:\/\/verdnatura.es\/fr\/toulouse-la-ville-rose-a-lhonneur-chez-verdnatura\/\"},\"author\":{\"name\":\"Paco Rico\",\"@id\":\"https:\/\/verdnatura.es\/fr\/#\/schema\/person\/53d4ed2e8592bfc761f9406305758f94\"},\"headline\":\"Toulouse, la \u201cVille Rose\u201d \u00e0 l\u2019honneur chez Verdnatura!\",\"datePublished\":\"2024-10-22T10:08:49+00:00\",\"dateModified\":\"2024-10-22T10:21:48+00:00\",\"mainEntityOfPage\":{\"@id\":\"https:\/\/verdnatura.es\/fr\/toulouse-la-ville-rose-a-lhonneur-chez-verdnatura\/\"},\"wordCount\":5050,\"commentCount\":0,\"publisher\":{\"@id\":\"https:\/\/verdnatura.es\/fr\/#organization\"},\"image\":{\"@id\":\"https:\/\/verdnatura.es\/fr\/toulouse-la-ville-rose-a-lhonneur-chez-verdnatura\/#primaryimage\"},\"thumbnailUrl\":\"https:\/\/verdnatura.es\/wp-content\/uploads\/2024\/10\/Diseno-sin-titulo-2024-10-22T113741.104.png\",\"articleSection\":[\"Non classifi\u00e9\"],\"inLanguage\":\"fr-FR\",\"potentialAction\":[{\"@type\":\"CommentAction\",\"name\":\"Comment\",\"target\":[\"https:\/\/verdnatura.es\/fr\/toulouse-la-ville-rose-a-lhonneur-chez-verdnatura\/#respond\"]}]},{\"@type\":\"WebPage\",\"@id\":\"https:\/\/verdnatura.es\/fr\/toulouse-la-ville-rose-a-lhonneur-chez-verdnatura\/\",\"url\":\"https:\/\/verdnatura.es\/fr\/toulouse-la-ville-rose-a-lhonneur-chez-verdnatura\/\",\"name\":\"Toulouse, la \u201cVille Rose\u201d \u00e0 l\u2019honneur chez Verdnatura! - Verdnatura\",\"isPartOf\":{\"@id\":\"https:\/\/verdnatura.es\/fr\/#website\"},\"primaryImageOfPage\":{\"@id\":\"https:\/\/verdnatura.es\/fr\/toulouse-la-ville-rose-a-lhonneur-chez-verdnatura\/#primaryimage\"},\"image\":{\"@id\":\"https:\/\/verdnatura.es\/fr\/toulouse-la-ville-rose-a-lhonneur-chez-verdnatura\/#primaryimage\"},\"thumbnailUrl\":\"https:\/\/verdnatura.es\/wp-content\/uploads\/2024\/10\/Diseno-sin-titulo-2024-10-22T113741.104.png\",\"datePublished\":\"2024-10-22T10:08:49+00:00\",\"dateModified\":\"2024-10-22T10:21:48+00:00\",\"description\":\"Le couple chaleureux d\u2019artisans fleuristes de Cattleya est venu d\u00e9couvrir les installations de leur principal fournisseur de fleurs.\",\"breadcrumb\":{\"@id\":\"https:\/\/verdnatura.es\/fr\/toulouse-la-ville-rose-a-lhonneur-chez-verdnatura\/#breadcrumb\"},\"inLanguage\":\"fr-FR\",\"potentialAction\":[{\"@type\":\"ReadAction\",\"target\":[\"https:\/\/verdnatura.es\/fr\/toulouse-la-ville-rose-a-lhonneur-chez-verdnatura\/\"]}]},{\"@type\":\"ImageObject\",\"inLanguage\":\"fr-FR\",\"@id\":\"https:\/\/verdnatura.es\/fr\/toulouse-la-ville-rose-a-lhonneur-chez-verdnatura\/#primaryimage\",\"url\":\"https:\/\/verdnatura.es\/wp-content\/uploads\/2024\/10\/Diseno-sin-titulo-2024-10-22T113741.104.png\",\"contentUrl\":\"https:\/\/verdnatura.es\/wp-content\/uploads\/2024\/10\/Diseno-sin-titulo-2024-10-22T113741.104.png\",\"width\":2240,\"height\":1260},{\"@type\":\"BreadcrumbList\",\"@id\":\"https:\/\/verdnatura.es\/fr\/toulouse-la-ville-rose-a-lhonneur-chez-verdnatura\/#breadcrumb\",\"itemListElement\":[{\"@type\":\"ListItem\",\"position\":1,\"name\":\"Portada\",\"item\":\"https:\/\/verdnatura.es\/fr\/\"},{\"@type\":\"ListItem\",\"position\":2,\"name\":\"Toulouse, la \u201cVille Rose\u201d \u00e0 l\u2019honneur chez Verdnatura!\"}]},{\"@type\":\"WebSite\",\"@id\":\"https:\/\/verdnatura.es\/fr\/#website\",\"url\":\"https:\/\/verdnatura.es\/fr\/\",\"name\":\"Verdnatura\",\"description\":\"Mayorista de flores y plantas\",\"publisher\":{\"@id\":\"https:\/\/verdnatura.es\/fr\/#organization\"},\"potentialAction\":[{\"@type\":\"SearchAction\",\"target\":{\"@type\":\"EntryPoint\",\"urlTemplate\":\"https:\/\/verdnatura.es\/fr\/?s={search_term_string}\"},\"query-input\":{\"@type\":\"PropertyValueSpecification\",\"valueRequired\":true,\"valueName\":\"search_term_string\"}}],\"inLanguage\":\"fr-FR\"},{\"@type\":\"Organization\",\"@id\":\"https:\/\/verdnatura.es\/fr\/#organization\",\"name\":\"Verdnatura Levante SL\",\"url\":\"https:\/\/verdnatura.es\/fr\/\",\"logo\":{\"@type\":\"ImageObject\",\"inLanguage\":\"fr-FR\",\"@id\":\"https:\/\/verdnatura.es\/fr\/#\/schema\/logo\/image\/\",\"url\":\"https:\/\/verdnatura.es\/wp-content\/uploads\/2023\/12\/Marca-sin-fondo.png\",\"contentUrl\":\"https:\/\/verdnatura.es\/wp-content\/uploads\/2023\/12\/Marca-sin-fondo.png\",\"width\":1000,\"height\":630,\"caption\":\"Verdnatura Levante SL\"},\"image\":{\"@id\":\"https:\/\/verdnatura.es\/fr\/#\/schema\/logo\/image\/\"},\"sameAs\":[\"http:\/\/www.facebook.com\/verdnatura\",\"https:\/\/www.instagram.com\/verdnatura\",\"https:\/\/www.linkedin.com\/company\/verdnatura\"]},{\"@type\":\"Person\",\"@id\":\"https:\/\/verdnatura.es\/fr\/#\/schema\/person\/53d4ed2e8592bfc761f9406305758f94\",\"name\":\"Paco Rico\",\"image\":{\"@type\":\"ImageObject\",\"inLanguage\":\"fr-FR\",\"@id\":\"https:\/\/verdnatura.es\/fr\/#\/schema\/person\/image\/\",\"url\":\"https:\/\/secure.gravatar.com\/avatar\/6197f5cc34dcd4932835e81b1a79d4d29ac453876fb3f7982514e80454b0903f?s=96&d=mm&r=g\",\"contentUrl\":\"https:\/\/secure.gravatar.com\/avatar\/6197f5cc34dcd4932835e81b1a79d4d29ac453876fb3f7982514e80454b0903f?s=96&d=mm&r=g\",\"caption\":\"Paco Rico\"},\"url\":\"https:\/\/verdnatura.es\/fr\/author\/pacorico\/\"}]}<\/script>\n<!-- \/ Yoast SEO plugin. -->","yoast_head_json":{"title":"Toulouse, la \u201cVille Rose\u201d \u00e0 l\u2019honneur chez Verdnatura! - Verdnatura","description":"Le couple chaleureux d\u2019artisans fleuristes de Cattleya est venu d\u00e9couvrir les installations de leur principal fournisseur de fleurs.","robots":{"index":"index","follow":"follow","max-snippet":"max-snippet:-1","max-image-preview":"max-image-preview:large","max-video-preview":"max-video-preview:-1"},"canonical":"https:\/\/verdnatura.es\/fr\/toulouse-la-ville-rose-a-lhonneur-chez-verdnatura\/","og_locale":"fr_FR","og_type":"article","og_title":"Toulouse, la \u201cVille Rose\u201d \u00e0 l\u2019honneur chez Verdnatura! - Verdnatura","og_description":"Le couple chaleureux d\u2019artisans fleuristes de Cattleya est venu d\u00e9couvrir les installations de leur principal fournisseur de fleurs.","og_url":"https:\/\/verdnatura.es\/fr\/toulouse-la-ville-rose-a-lhonneur-chez-verdnatura\/","og_site_name":"Verdnatura","article_publisher":"http:\/\/www.facebook.com\/verdnatura","article_published_time":"2024-10-22T10:08:49+00:00","article_modified_time":"2024-10-22T10:21:48+00:00","og_image":[{"width":1024,"height":576,"url":"https:\/\/verdnatura.es\/wp-content\/uploads\/2024\/10\/Diseno-sin-titulo-2024-10-22T113741.104-1024x576.png","type":"image\/png"}],"author":"Paco Rico","twitter_card":"summary_large_image","twitter_misc":{"\u00c9crit par":"Paco Rico","Dur\u00e9e de lecture estim\u00e9e":"3 minutes"},"schema":{"@context":"https:\/\/schema.org","@graph":[{"@type":"Article","@id":"https:\/\/verdnatura.es\/fr\/toulouse-la-ville-rose-a-lhonneur-chez-verdnatura\/#article","isPartOf":{"@id":"https:\/\/verdnatura.es\/fr\/toulouse-la-ville-rose-a-lhonneur-chez-verdnatura\/"},"author":{"name":"Paco Rico","@id":"https:\/\/verdnatura.es\/fr\/#\/schema\/person\/53d4ed2e8592bfc761f9406305758f94"},"headline":"Toulouse, la \u201cVille Rose\u201d \u00e0 l\u2019honneur chez Verdnatura!","datePublished":"2024-10-22T10:08:49+00:00","dateModified":"2024-10-22T10:21:48+00:00","mainEntityOfPage":{"@id":"https:\/\/verdnatura.es\/fr\/toulouse-la-ville-rose-a-lhonneur-chez-verdnatura\/"},"wordCount":5050,"commentCount":0,"publisher":{"@id":"https:\/\/verdnatura.es\/fr\/#organization"},"image":{"@id":"https:\/\/verdnatura.es\/fr\/toulouse-la-ville-rose-a-lhonneur-chez-verdnatura\/#primaryimage"},"thumbnailUrl":"https:\/\/verdnatura.es\/wp-content\/uploads\/2024\/10\/Diseno-sin-titulo-2024-10-22T113741.104.png","articleSection":["Non classifi\u00e9"],"inLanguage":"fr-FR","potentialAction":[{"@type":"CommentAction","name":"Comment","target":["https:\/\/verdnatura.es\/fr\/toulouse-la-ville-rose-a-lhonneur-chez-verdnatura\/#respond"]}]},{"@type":"WebPage","@id":"https:\/\/verdnatura.es\/fr\/toulouse-la-ville-rose-a-lhonneur-chez-verdnatura\/","url":"https:\/\/verdnatura.es\/fr\/toulouse-la-ville-rose-a-lhonneur-chez-verdnatura\/","name":"Toulouse, la \u201cVille Rose\u201d \u00e0 l\u2019honneur chez Verdnatura! - Verdnatura","isPartOf":{"@id":"https:\/\/verdnatura.es\/fr\/#website"},"primaryImageOfPage":{"@id":"https:\/\/verdnatura.es\/fr\/toulouse-la-ville-rose-a-lhonneur-chez-verdnatura\/#primaryimage"},"image":{"@id":"https:\/\/verdnatura.es\/fr\/toulouse-la-ville-rose-a-lhonneur-chez-verdnatura\/#primaryimage"},"thumbnailUrl":"https:\/\/verdnatura.es\/wp-content\/uploads\/2024\/10\/Diseno-sin-titulo-2024-10-22T113741.104.png","datePublished":"2024-10-22T10:08:49+00:00","dateModified":"2024-10-22T10:21:48+00:00","description":"Le couple chaleureux d\u2019artisans fleuristes de Cattleya est venu d\u00e9couvrir les installations de leur principal fournisseur de fleurs.","breadcrumb":{"@id":"https:\/\/verdnatura.es\/fr\/toulouse-la-ville-rose-a-lhonneur-chez-verdnatura\/#breadcrumb"},"inLanguage":"fr-FR","potentialAction":[{"@type":"ReadAction","target":["https:\/\/verdnatura.es\/fr\/toulouse-la-ville-rose-a-lhonneur-chez-verdnatura\/"]}]},{"@type":"ImageObject","inLanguage":"fr-FR","@id":"https:\/\/verdnatura.es\/fr\/toulouse-la-ville-rose-a-lhonneur-chez-verdnatura\/#primaryimage","url":"https:\/\/verdnatura.es\/wp-content\/uploads\/2024\/10\/Diseno-sin-titulo-2024-10-22T113741.104.png","contentUrl":"https:\/\/verdnatura.es\/wp-content\/uploads\/2024\/10\/Diseno-sin-titulo-2024-10-22T113741.104.png","width":2240,"height":1260},{"@type":"BreadcrumbList","@id":"https:\/\/verdnatura.es\/fr\/toulouse-la-ville-rose-a-lhonneur-chez-verdnatura\/#breadcrumb","itemListElement":[{"@type":"ListItem","position":1,"name":"Portada","item":"https:\/\/verdnatura.es\/fr\/"},{"@type":"ListItem","position":2,"name":"Toulouse, la \u201cVille Rose\u201d \u00e0 l\u2019honneur chez Verdnatura!"}]},{"@type":"WebSite","@id":"https:\/\/verdnatura.es\/fr\/#website","url":"https:\/\/verdnatura.es\/fr\/","name":"Verdnatura","description":"Mayorista de flores y plantas","publisher":{"@id":"https:\/\/verdnatura.es\/fr\/#organization"},"potentialAction":[{"@type":"SearchAction","target":{"@type":"EntryPoint","urlTemplate":"https:\/\/verdnatura.es\/fr\/?s={search_term_string}"},"query-input":{"@type":"PropertyValueSpecification","valueRequired":true,"valueName":"search_term_string"}}],"inLanguage":"fr-FR"},{"@type":"Organization","@id":"https:\/\/verdnatura.es\/fr\/#organization","name":"Verdnatura Levante SL","url":"https:\/\/verdnatura.es\/fr\/","logo":{"@type":"ImageObject","inLanguage":"fr-FR","@id":"https:\/\/verdnatura.es\/fr\/#\/schema\/logo\/image\/","url":"https:\/\/verdnatura.es\/wp-content\/uploads\/2023\/12\/Marca-sin-fondo.png","contentUrl":"https:\/\/verdnatura.es\/wp-content\/uploads\/2023\/12\/Marca-sin-fondo.png","width":1000,"height":630,"caption":"Verdnatura Levante SL"},"image":{"@id":"https:\/\/verdnatura.es\/fr\/#\/schema\/logo\/image\/"},"sameAs":["http:\/\/www.facebook.com\/verdnatura","https:\/\/www.instagram.com\/verdnatura","https:\/\/www.linkedin.com\/company\/verdnatura"]},{"@type":"Person","@id":"https:\/\/verdnatura.es\/fr\/#\/schema\/person\/53d4ed2e8592bfc761f9406305758f94","name":"Paco Rico","image":{"@type":"ImageObject","inLanguage":"fr-FR","@id":"https:\/\/verdnatura.es\/fr\/#\/schema\/person\/image\/","url":"https:\/\/secure.gravatar.com\/avatar\/6197f5cc34dcd4932835e81b1a79d4d29ac453876fb3f7982514e80454b0903f?s=96&d=mm&r=g","contentUrl":"https:\/\/secure.gravatar.com\/avatar\/6197f5cc34dcd4932835e81b1a79d4d29ac453876fb3f7982514e80454b0903f?s=96&d=mm&r=g","caption":"Paco Rico"},"url":"https:\/\/verdnatura.es\/fr\/author\/pacorico\/"}]}},"_links":{"self":[{"href":"https:\/\/verdnatura.es\/fr\/wp-json\/wp\/v2\/posts\/16942","targetHints":{"allow":["GET"]}}],"collection":[{"href":"https:\/\/verdnatura.es\/fr\/wp-json\/wp\/v2\/posts"}],"about":[{"href":"https:\/\/verdnatura.es\/fr\/wp-json\/wp\/v2\/types\/post"}],"author":[{"embeddable":true,"href":"https:\/\/verdnatura.es\/fr\/wp-json\/wp\/v2\/users\/2"}],"replies":[{"embeddable":true,"href":"https:\/\/verdnatura.es\/fr\/wp-json\/wp\/v2\/comments?post=16942"}],"version-history":[{"count":30,"href":"https:\/\/verdnatura.es\/fr\/wp-json\/wp\/v2\/posts\/16942\/revisions"}],"predecessor-version":[{"id":17020,"href":"https:\/\/verdnatura.es\/fr\/wp-json\/wp\/v2\/posts\/16942\/revisions\/17020"}],"wp:featuredmedia":[{"embeddable":true,"href":"https:\/\/verdnatura.es\/fr\/wp-json\/wp\/v2\/media\/16973"}],"wp:attachment":[{"href":"https:\/\/verdnatura.es\/fr\/wp-json\/wp\/v2\/media?parent=16942"}],"wp:term":[{"taxonomy":"category","embeddable":true,"href":"https:\/\/verdnatura.es\/fr\/wp-json\/wp\/v2\/categories?post=16942"},{"taxonomy":"post_tag","embeddable":true,"href":"https:\/\/verdnatura.es\/fr\/wp-json\/wp\/v2\/tags?post=16942"}],"curies":[{"name":"wp","href":"https:\/\/api.w.org\/{rel}","templated":true}]}}