{"id":24571,"date":"2025-02-21T15:17:25","date_gmt":"2025-02-21T14:17:25","guid":{"rendered":"https:\/\/verdnatura.es\/?p=24571"},"modified":"2025-02-21T15:17:29","modified_gmt":"2025-02-21T14:17:29","slug":"pour-la-fete-des-grands-meres","status":"publish","type":"post","link":"https:\/\/verdnatura.es\/fr\/pour-la-fete-des-grands-meres\/","title":{"rendered":"Pour la f\u00eate des Grands-M\u00e8res"},"content":{"rendered":"<div class=\"fusion-fullwidth fullwidth-box fusion-builder-row-1 fusion-flex-container nonhundred-percent-fullwidth non-hundred-percent-height-scrolling\" style=\"--awb-border-radius-top-left:0px;--awb-border-radius-top-right:0px;--awb-border-radius-bottom-right:0px;--awb-border-radius-bottom-left:0px;--awb-padding-right-small:0px;--awb-padding-left-small:0px;--awb-flex-wrap:wrap;\" ><div class=\"fusion-builder-row fusion-row fusion-flex-align-items-flex-start fusion-flex-content-wrap\" style=\"max-width:1352px;margin-left: calc(-4% \/ 2 );margin-right: calc(-4% \/ 2 );\"><div class=\"fusion-layout-column fusion_builder_column fusion-builder-column-0 fusion_builder_column_1_1 1_1 fusion-flex-column\" style=\"--awb-bg-blend:overlay;--awb-bg-size:cover;--awb-width-large:100%;--awb-margin-top-large:0px;--awb-spacing-right-large:1.92%;--awb-margin-bottom-large:0px;--awb-spacing-left-large:1.92%;--awb-width-medium:100%;--awb-spacing-right-medium:1.92%;--awb-spacing-left-medium:1.92%;--awb-width-small:100%;--awb-spacing-right-small:1.92%;--awb-spacing-left-small:1.92%;\"><div class=\"fusion-column-wrapper fusion-flex-justify-content-flex-start fusion-content-layout-column\"><div class=\"fusion-separator fusion-full-width-sep\" style=\"align-self: center;margin-left: auto;margin-right: auto;margin-top:20px;margin-bottom:20px;width:100%;\"><div class=\"fusion-separator-border sep-single sep-solid\" style=\"--awb-height:20px;--awb-amount:20px;--awb-sep-color:var(--awb-color5);border-color:var(--awb-color5);border-top-width:3px;\"><\/div><\/div><div class=\"fusion-text fusion-text-1\"><p style=\"text-align: center;\"><strong>Pour la f\u00eate des Grands-M\u00e8res,<\/strong><\/p>\n<p style=\"text-align: center;\"><strong>offrez des rayons de soleil avec de magnifiques jonquilles !<\/strong><\/p>\n<p style=\"text-align: center;\"><strong>Symbole de joie, de renouveau, et d&rsquo;affection sinc\u00e8re<\/strong><\/p>\n<p style=\"text-align: center;\"><strong>elles illumineront leur c\u0153ur et leur maison.<\/strong><\/p>\n<\/div><div class=\"awb-gallery-wrapper awb-gallery-wrapper-1 button-span-no\" style=\"--more-btn-alignment:center;\" data-limit=\"4\" data-page=\"1\"><div style=\"margin:-2px;--awb-aspect-ratio:4 \/ 3;--awb-bordersize:0px;--awb-border-radius:7px;--awb-columns-medium:100%;--awb-columns-small:100%;\" class=\"fusion-gallery fusion-gallery-container fusion-grid-2 fusion-columns-total-6 fusion-gallery-layout-grid fusion-gallery-1 has-aspect-ratio\"><div style=\"padding:2.5px;\" class=\"fusion-grid-column fusion-gallery-column fusion-gallery-column-2 hover-type-none\"><div class=\"fusion-gallery-image\"><a href=\"https:\/\/verdnatura.es\/wp-content\/uploads\/2025\/02\/Detail-jonquilles-e1740730025904.webp\" rel=\"noreferrer\" data-rel=\"iLightbox[gallery_image_1]\" class=\"fusion-lightbox\" target=\"_self\"><img decoding=\"async\" src=\"data:image\/svg+xml,%3Csvg%20xmlns%3D%27http%3A%2F%2Fwww.w3.org%2F2000%2Fsvg%27%20width%3D%271500%27%20height%3D%271000%27%20viewBox%3D%270%200%201500%201000%27%3E%3Crect%20width%3D%271500%27%20height%3D%271000%27%20fill-opacity%3D%220%22%2F%3E%3C%2Fsvg%3E\" data-orig-src=\"https:\/\/verdnatura.es\/wp-content\/uploads\/2025\/02\/Detail-jonquilles-e1740730025904.webp\" width=\"1500\" height=\"1000\" alt=\"D\u00e9tail jonquilles\" title=\"D\u00e9tail jonquilles\" aria-label=\"D\u00e9tail jonquilles\" class=\"lazyload img-responsive wp-image-24585\"  \/><\/a><\/div><\/div><div style=\"padding:2.5px;\" class=\"fusion-grid-column fusion-gallery-column fusion-gallery-column-2 hover-type-none\"><div class=\"fusion-gallery-image\"><a href=\"https:\/\/verdnatura.es\/wp-content\/uploads\/2025\/02\/Bourgeon-de-narcisse-e1740730007813.webp\" rel=\"noreferrer\" data-rel=\"iLightbox[gallery_image_1]\" class=\"fusion-lightbox\" target=\"_self\"><img decoding=\"async\" src=\"data:image\/svg+xml,%3Csvg%20xmlns%3D%27http%3A%2F%2Fwww.w3.org%2F2000%2Fsvg%27%20width%3D%271500%27%20height%3D%271000%27%20viewBox%3D%270%200%201500%201000%27%3E%3Crect%20width%3D%271500%27%20height%3D%271000%27%20fill-opacity%3D%220%22%2F%3E%3C%2Fsvg%3E\" data-orig-src=\"https:\/\/verdnatura.es\/wp-content\/uploads\/2025\/02\/Bourgeon-de-narcisse-e1740730007813.webp\" width=\"1500\" height=\"1000\" alt=\"Bourgeon de narcisse\" title=\"Bourgeon de narcisse\" aria-label=\"Bourgeon de narcisse\" class=\"lazyload img-responsive wp-image-24579\"  \/><\/a><\/div><\/div><div class=\"clearfix\"><\/div><div style=\"padding:2.5px;\" class=\"fusion-grid-column fusion-gallery-column fusion-gallery-column-2 hover-type-none\"><div class=\"fusion-gallery-image\"><a href=\"https:\/\/verdnatura.es\/wp-content\/uploads\/2025\/02\/Jonquilles-blanches.webp\" rel=\"noreferrer\" data-rel=\"iLightbox[gallery_image_1]\" class=\"fusion-lightbox\" target=\"_self\"><img decoding=\"async\" src=\"https:\/\/verdnatura.es\/wp-content\/uploads\/2025\/02\/Jonquilles-blanches.webp\" data-orig-src=\"https:\/\/verdnatura.es\/wp-content\/uploads\/2025\/02\/Jonquilles-blanches.webp\" width=\"900\" height=\"900\" alt=\"\" title=\"Jonquilles blanches\" aria-label=\"Jonquilles blanches\" class=\"lazyload img-responsive wp-image-24617\" srcset=\"data:image\/svg+xml,%3Csvg%20xmlns%3D%27http%3A%2F%2Fwww.w3.org%2F2000%2Fsvg%27%20width%3D%27900%27%20height%3D%27900%27%20viewBox%3D%270%200%20900%20900%27%3E%3Crect%20width%3D%27900%27%20height%3D%27900%27%20fill-opacity%3D%220%22%2F%3E%3C%2Fsvg%3E\" data-srcset=\"https:\/\/verdnatura.es\/wp-content\/uploads\/2025\/02\/Jonquilles-blanches-200x200.webp 200w, https:\/\/verdnatura.es\/wp-content\/uploads\/2025\/02\/Jonquilles-blanches-400x400.webp 400w, https:\/\/verdnatura.es\/wp-content\/uploads\/2025\/02\/Jonquilles-blanches-600x600.webp 600w, https:\/\/verdnatura.es\/wp-content\/uploads\/2025\/02\/Jonquilles-blanches-800x800.webp 800w, https:\/\/verdnatura.es\/wp-content\/uploads\/2025\/02\/Jonquilles-blanches.webp 900w\" data-sizes=\"auto\" data-orig-sizes=\"(min-width: 2200px) 100vw, (min-width: 712px) 649px, (min-width: 640px) 712px, \" \/><\/a><\/div><\/div><div style=\"padding:2.5px;\" class=\"fusion-grid-column fusion-gallery-column fusion-gallery-column-2 hover-type-none\"><div class=\"fusion-gallery-image\"><a href=\"https:\/\/verdnatura.es\/wp-content\/uploads\/2025\/02\/Jonquilles-en-pelote-a-epingles.webp\" rel=\"noreferrer\" data-rel=\"iLightbox[gallery_image_1]\" class=\"fusion-lightbox\" target=\"_self\"><img decoding=\"async\" src=\"https:\/\/verdnatura.es\/wp-content\/uploads\/2025\/02\/Jonquilles-en-pelote-a-epingles.webp\" data-orig-src=\"https:\/\/verdnatura.es\/wp-content\/uploads\/2025\/02\/Jonquilles-en-pelote-a-epingles.webp\" width=\"900\" height=\"900\" alt=\"Jonquilles en pelote \u00e0 \u00e9pingles\" title=\"Jonquilles en pelote \u00e0 \u00e9pingles\" aria-label=\"Jonquilles en pelote \u00e0 \u00e9pingles\" class=\"lazyload img-responsive wp-image-24611\" srcset=\"data:image\/svg+xml,%3Csvg%20xmlns%3D%27http%3A%2F%2Fwww.w3.org%2F2000%2Fsvg%27%20width%3D%27900%27%20height%3D%27900%27%20viewBox%3D%270%200%20900%20900%27%3E%3Crect%20width%3D%27900%27%20height%3D%27900%27%20fill-opacity%3D%220%22%2F%3E%3C%2Fsvg%3E\" data-srcset=\"https:\/\/verdnatura.es\/wp-content\/uploads\/2025\/02\/Jonquilles-en-pelote-a-epingles-200x200.webp 200w, https:\/\/verdnatura.es\/wp-content\/uploads\/2025\/02\/Jonquilles-en-pelote-a-epingles-400x400.webp 400w, https:\/\/verdnatura.es\/wp-content\/uploads\/2025\/02\/Jonquilles-en-pelote-a-epingles-600x600.webp 600w, https:\/\/verdnatura.es\/wp-content\/uploads\/2025\/02\/Jonquilles-en-pelote-a-epingles-800x800.webp 800w, https:\/\/verdnatura.es\/wp-content\/uploads\/2025\/02\/Jonquilles-en-pelote-a-epingles.webp 900w\" data-sizes=\"auto\" data-orig-sizes=\"(min-width: 2200px) 100vw, (min-width: 712px) 649px, (min-width: 640px) 712px, \" \/><\/a><\/div><\/div><div class=\"clearfix\"><\/div><div style=\"padding:2.5px;\" class=\"fusion-grid-column fusion-gallery-column fusion-gallery-column-2 hover-type-none awb-gallery-item-hidden\"><div class=\"fusion-gallery-image\"><a href=\"https:\/\/verdnatura.es\/wp-content\/uploads\/2025\/02\/Jonquilles-e1740729990177.webp\" rel=\"noreferrer\" data-rel=\"iLightbox[gallery_image_1]\" class=\"fusion-lightbox\" target=\"_self\"><img decoding=\"async\" src=\"data:image\/svg+xml,%3Csvg%20xmlns%3D%27http%3A%2F%2Fwww.w3.org%2F2000%2Fsvg%27%20width%3D%271500%27%20height%3D%271000%27%20viewBox%3D%270%200%201500%201000%27%3E%3Crect%20width%3D%271500%27%20height%3D%271000%27%20fill-opacity%3D%220%22%2F%3E%3C%2Fsvg%3E\" data-orig-src=\"https:\/\/verdnatura.es\/wp-content\/uploads\/2025\/02\/Jonquilles-e1740729990177.webp\" width=\"1500\" height=\"1000\" alt=\"Jonquilles\" title=\"Jonquilles\" aria-label=\"Jonquilles\" class=\"lazyload img-responsive wp-image-24573\"  \/><\/a><\/div><\/div><div style=\"padding:2.5px;\" class=\"fusion-grid-column fusion-gallery-column fusion-gallery-column-2 hover-type-none awb-gallery-item-hidden\"><div class=\"fusion-gallery-image\"><a href=\"https:\/\/verdnatura.es\/wp-content\/uploads\/2025\/02\/Jonquilles-en-medaillon-e1740730045169.webp\" rel=\"noreferrer\" data-rel=\"iLightbox[gallery_image_1]\" class=\"fusion-lightbox\" target=\"_self\"><img decoding=\"async\" src=\"data:image\/svg+xml,%3Csvg%20xmlns%3D%27http%3A%2F%2Fwww.w3.org%2F2000%2Fsvg%27%20width%3D%271500%27%20height%3D%271000%27%20viewBox%3D%270%200%201500%201000%27%3E%3Crect%20width%3D%271500%27%20height%3D%271000%27%20fill-opacity%3D%220%22%2F%3E%3C%2Fsvg%3E\" data-orig-src=\"https:\/\/verdnatura.es\/wp-content\/uploads\/2025\/02\/Jonquilles-en-medaillon-e1740730045169.webp\" width=\"1500\" height=\"1000\" alt=\"Jonquilles en m\u00e9daillon\" title=\"Jonquilles en m\u00e9daillon\" aria-label=\"Jonquilles en m\u00e9daillon\" class=\"lazyload img-responsive wp-image-24591\"  \/><\/a><\/div><\/div><div class=\"clearfix\"><\/div><\/div><div class=\"fusion-loading-container fusion-clearfix awb-gallery-posts-loading-container\">\n\t\t\t\t<div class=\"fusion-loading-spinner\">\n\t\t\t\t\t<div class=\"fusion-spinner-1\"><\/div>\n\t\t\t\t\t<div class=\"fusion-spinner-2\"><\/div>\n\t\t\t\t\t<div class=\"fusion-spinner-3\"><\/div>\n\t\t\t\t<\/div><div class=\"fusion-loading-msg\"><em>Loading the next set of gallery items...<\/em><\/div><\/div><div class=\"awb-gallery-buttons\"><a href=\"#\" class=\"fusion-button button-flat button-default fusion-button-default-size awb-gallery-load-more-btn\">Load More<\/a><\/div><\/div><div class=\"fusion-separator fusion-full-width-sep\" style=\"align-self: center;margin-left: auto;margin-right: auto;margin-top:40px;margin-bottom:20px;width:100%;\"><div class=\"fusion-separator-border sep-single sep-solid\" style=\"--awb-height:20px;--awb-amount:20px;--awb-sep-color:var(--awb-color5);border-color:var(--awb-color5);border-top-width:3px;\"><\/div><\/div><div class=\"fusion-text fusion-text-2 fusion-text-no-margin\" style=\"--awb-margin-bottom:20px;\"><h2>Jonquilles pour la f\u00eate des grands-m\u00e8res.<\/h2>\n<\/div><div class=\"fusion-text fusion-text-3\"><p>C\u00e9l\u00e9br\u00e9e, le premier dimanche de mars, <strong>la F\u00eate des Grands-M\u00e8res est une fa\u00e7on merveilleuse de valoriser le r\u00f4le qu\u2019elles jouent dans nos vies.<\/strong><\/p>\n<p>Cr\u00e9\u00e9e en 1987 par une marque de caf\u00e9 bien connue, elle a \u00e9t\u00e9 adopt\u00e9e avec engouement par les familles <strong>et est devenue une date incontournable du calendrier<\/strong>. En effet, il n\u2019y a rien de plus beau que l\u2019amour d\u2019une famille.<\/p>\n<p>Pourquoi des jonquilles? Parce que la jonquille (ou le narcisse jaune) <strong>fleurit avec impatience \u00e0 l&rsquo;\u00e9tat sauvage apr\u00e8s l\u2019hiver<\/strong>. Elle annonce donc la venue proche du printemps apportant avec lui son lot d\u2019optimisme et de lumi\u00e8re. A l\u2019image des sourires de nos grands-m\u00e8res !<\/p>\n<\/div><div class=\"fusion-image-element \" style=\"--awb-margin-bottom:20px;--awb-caption-title-font-family:var(--h2_typography-font-family);--awb-caption-title-font-weight:var(--h2_typography-font-weight);--awb-caption-title-font-style:var(--h2_typography-font-style);--awb-caption-title-size:var(--h2_typography-font-size);--awb-caption-title-transform:var(--h2_typography-text-transform);--awb-caption-title-line-height:var(--h2_typography-line-height);--awb-caption-title-letter-spacing:var(--h2_typography-letter-spacing);\"><span class=\" fusion-imageframe imageframe-none imageframe-1 hover-type-none\" style=\"border-radius:7px;\"><img decoding=\"async\" width=\"1500\" height=\"1000\" alt=\"Dettaglio dei narcisi gialli\" title=\"Dettaglio dei narcisi gialli\" src=\"data:image\/svg+xml,%3Csvg%20xmlns%3D%27http%3A%2F%2Fwww.w3.org%2F2000%2Fsvg%27%20width%3D%271500%27%20height%3D%271000%27%20viewBox%3D%270%200%201500%201000%27%3E%3Crect%20width%3D%271500%27%20height%3D%271000%27%20fill-opacity%3D%220%22%2F%3E%3C%2Fsvg%3E\" data-orig-src=\"https:\/\/verdnatura.es\/wp-content\/uploads\/2025\/02\/Dettaglio-dei-narcisi-gialli.webp\" class=\"lazyload img-responsive wp-image-24604\"\/><\/span><\/div><div class=\"fusion-text fusion-text-4\"><p>Chez les Romains, <strong>elle \u00e9tait consid\u00e9r\u00e9e comme sacr\u00e9e<\/strong>, souvent <strong>offerte aux vainqueurs et aux h\u00e9ros en signe de triomphe<\/strong>.<\/p>\n<p>De nos jours,<strong> honorer nos grands-m\u00e8res<\/strong> \u00e0 travers cette f\u00eate familiale avec un<strong> bouquet de jonquilles \u00e0 la couleur<\/strong> or accompagn\u00e9 d\u2019une carte <strong>\u201cPour toi, mamie, avec tout notre amour\u201d<\/strong>, c\u2019est reconna\u00eetre qu\u2019elles sont nos h\u00e9ro\u00efnes des temps modernes.<\/p>\n<p>Certes, la vie fait que parfois on ne les voit pas toujours mais <strong>elles sont l\u00e0 comme des magiciennes<\/strong>, endossant sur leurs fr\u00eales \u00e9paules , les r\u00f4les de <strong>professeur, de seconde maman et d\u2019amie<\/strong> avec chaleur et bienveillance, \u00e0 la carte et \u00e0 distance parfois.<\/p>\n<p>Pour les plus \u00e2g\u00e9s, ceux qu\u2019elles ont vu grandir sous leurs yeux, ces fleurs aux <strong>rayons d\u2019amour<\/strong>, leur permettent <strong>d\u2019exprimer leur gratitude <\/strong>pour les souvenirs partag\u00e9s, les rires de leur enfance pass\u00e9e, les c\u00e2lins des doux matins.<\/p>\n<p>Les mains serr\u00e9es sur leur bouquet, elles regarderont <strong>ces messag\u00e8res dor\u00e9es<\/strong>, les yeux brillants d\u2019\u00e9motion, comme un <strong>tr\u00e9sor fragile<\/strong>, ce qu\u2019elles sont aux yeux de leurs petits-enfants.<\/p>\n<p>Et leur c\u0153ur se gonflera alors de bonheur.<\/p>\n<p style=\"text-align: right;\"><strong>\u201cL\u2019amour d\u2019une grand-m\u00e8re est un tr\u00e9sor dont on savoure chaque instant\u201d<\/strong><\/p>\n<p style=\"text-align: right;\"><strong>(Marc L\u00e9vy)<\/strong><\/p>\n<\/div><div class=\"fusion-separator fusion-full-width-sep\" style=\"align-self: center;margin-left: auto;margin-right: auto;margin-top:40px;margin-bottom:20px;width:100%;\"><div class=\"fusion-separator-border sep-single sep-solid\" style=\"--awb-height:20px;--awb-amount:20px;--awb-sep-color:var(--awb-color5);border-color:var(--awb-color5);border-top-width:3px;\"><\/div><\/div><div style=\"text-align:center;\"><a class=\"fusion-button button-flat fusion-button-default-size button-default fusion-button-default button-1 fusion-button-default-span fusion-button-default-type\" target=\"_blank\" rel=\"noopener noreferrer\" href=\"https:\/\/go.verdnatura.es\/narcisos-blog\"><span class=\"fusion-button-text awb-button__text awb-button__text--default\">Acheter<\/span><\/a><\/div><\/div><\/div><\/div><\/div>\n","protected":false},"excerpt":{"rendered":"","protected":false},"author":7,"featured_media":24573,"comment_status":"open","ping_status":"open","sticky":false,"template":"","format":"standard","meta":{"_acf_changed":false,"footnotes":""},"categories":[70],"tags":[],"class_list":["post-24571","post","type-post","status-publish","format-standard","has-post-thumbnail","hentry","category-non-classifie"],"acf":[],"yoast_head":"<!-- This site is optimized with the Yoast SEO plugin v27.1.1 - https:\/\/yoast.com\/product\/yoast-seo-wordpress\/ -->\n<title>Pour la f\u00eate des Grands-M\u00e8res<\/title>\n<meta name=\"robots\" content=\"index, follow, max-snippet:-1, max-image-preview:large, max-video-preview:-1\" \/>\n<link rel=\"canonical\" href=\"https:\/\/verdnatura.es\/fr\/pour-la-fete-des-grands-meres\/\" \/>\n<meta property=\"og:locale\" content=\"fr_FR\" \/>\n<meta property=\"og:type\" content=\"article\" \/>\n<meta property=\"og:title\" content=\"Pour la f\u00eate des Grands-M\u00e8res\" \/>\n<meta property=\"og:url\" content=\"https:\/\/verdnatura.es\/fr\/pour-la-fete-des-grands-meres\/\" \/>\n<meta property=\"og:site_name\" content=\"Verdnatura\" \/>\n<meta property=\"article:publisher\" content=\"http:\/\/www.facebook.com\/verdnatura\" \/>\n<meta property=\"article:published_time\" content=\"2025-02-21T14:17:25+00:00\" \/>\n<meta property=\"article:modified_time\" content=\"2025-02-21T14:17:29+00:00\" \/>\n<meta property=\"og:image\" content=\"https:\/\/verdnatura.es\/wp-content\/uploads\/2025\/02\/Jonquilles-1024x683.webp\" \/>\n\t<meta property=\"og:image:width\" content=\"1024\" \/>\n\t<meta property=\"og:image:height\" content=\"683\" \/>\n\t<meta property=\"og:image:type\" content=\"image\/webp\" \/>\n<meta name=\"author\" content=\"Robert Ghidersa\" \/>\n<meta name=\"twitter:card\" content=\"summary_large_image\" \/>\n<meta name=\"twitter:label1\" content=\"\u00c9crit par\" \/>\n\t<meta name=\"twitter:data1\" content=\"Robert Ghidersa\" \/>\n\t<meta name=\"twitter:label2\" content=\"Dur\u00e9e de lecture estim\u00e9e\" \/>\n\t<meta name=\"twitter:data2\" content=\"4 minutes\" \/>\n<script type=\"application\/ld+json\" class=\"yoast-schema-graph\">{\"@context\":\"https:\/\/schema.org\",\"@graph\":[{\"@type\":\"Article\",\"@id\":\"https:\/\/verdnatura.es\/fr\/pour-la-fete-des-grands-meres\/#article\",\"isPartOf\":{\"@id\":\"https:\/\/verdnatura.es\/fr\/pour-la-fete-des-grands-meres\/\"},\"author\":{\"name\":\"Robert Ghidersa\",\"@id\":\"https:\/\/verdnatura.es\/fr\/#\/schema\/person\/a0727ce6de383f0c7f29fe22f6e9b424\"},\"headline\":\"Pour la f\u00eate des Grands-M\u00e8res\",\"datePublished\":\"2025-02-21T14:17:25+00:00\",\"dateModified\":\"2025-02-21T14:17:29+00:00\",\"mainEntityOfPage\":{\"@id\":\"https:\/\/verdnatura.es\/fr\/pour-la-fete-des-grands-meres\/\"},\"wordCount\":1721,\"commentCount\":0,\"publisher\":{\"@id\":\"https:\/\/verdnatura.es\/fr\/#organization\"},\"image\":{\"@id\":\"https:\/\/verdnatura.es\/fr\/pour-la-fete-des-grands-meres\/#primaryimage\"},\"thumbnailUrl\":\"https:\/\/verdnatura.es\/wp-content\/uploads\/2025\/02\/Jonquilles-e1740729990177.webp\",\"articleSection\":[\"Non classifi\u00e9\"],\"inLanguage\":\"fr-FR\",\"potentialAction\":[{\"@type\":\"CommentAction\",\"name\":\"Comment\",\"target\":[\"https:\/\/verdnatura.es\/fr\/pour-la-fete-des-grands-meres\/#respond\"]}]},{\"@type\":\"WebPage\",\"@id\":\"https:\/\/verdnatura.es\/fr\/pour-la-fete-des-grands-meres\/\",\"url\":\"https:\/\/verdnatura.es\/fr\/pour-la-fete-des-grands-meres\/\",\"name\":\"Pour la f\u00eate des Grands-M\u00e8res\",\"isPartOf\":{\"@id\":\"https:\/\/verdnatura.es\/fr\/#website\"},\"primaryImageOfPage\":{\"@id\":\"https:\/\/verdnatura.es\/fr\/pour-la-fete-des-grands-meres\/#primaryimage\"},\"image\":{\"@id\":\"https:\/\/verdnatura.es\/fr\/pour-la-fete-des-grands-meres\/#primaryimage\"},\"thumbnailUrl\":\"https:\/\/verdnatura.es\/wp-content\/uploads\/2025\/02\/Jonquilles-e1740729990177.webp\",\"datePublished\":\"2025-02-21T14:17:25+00:00\",\"dateModified\":\"2025-02-21T14:17:29+00:00\",\"breadcrumb\":{\"@id\":\"https:\/\/verdnatura.es\/fr\/pour-la-fete-des-grands-meres\/#breadcrumb\"},\"inLanguage\":\"fr-FR\",\"potentialAction\":[{\"@type\":\"ReadAction\",\"target\":[\"https:\/\/verdnatura.es\/fr\/pour-la-fete-des-grands-meres\/\"]}]},{\"@type\":\"ImageObject\",\"inLanguage\":\"fr-FR\",\"@id\":\"https:\/\/verdnatura.es\/fr\/pour-la-fete-des-grands-meres\/#primaryimage\",\"url\":\"https:\/\/verdnatura.es\/wp-content\/uploads\/2025\/02\/Jonquilles-e1740729990177.webp\",\"contentUrl\":\"https:\/\/verdnatura.es\/wp-content\/uploads\/2025\/02\/Jonquilles-e1740729990177.webp\",\"width\":1500,\"height\":1000,\"caption\":\"Jonquilles\"},{\"@type\":\"BreadcrumbList\",\"@id\":\"https:\/\/verdnatura.es\/fr\/pour-la-fete-des-grands-meres\/#breadcrumb\",\"itemListElement\":[{\"@type\":\"ListItem\",\"position\":1,\"name\":\"Portada\",\"item\":\"https:\/\/verdnatura.es\/fr\/\"},{\"@type\":\"ListItem\",\"position\":2,\"name\":\"Pour la f\u00eate des Grands-M\u00e8res\"}]},{\"@type\":\"WebSite\",\"@id\":\"https:\/\/verdnatura.es\/fr\/#website\",\"url\":\"https:\/\/verdnatura.es\/fr\/\",\"name\":\"Verdnatura\",\"description\":\"Mayorista de flores y plantas\",\"publisher\":{\"@id\":\"https:\/\/verdnatura.es\/fr\/#organization\"},\"potentialAction\":[{\"@type\":\"SearchAction\",\"target\":{\"@type\":\"EntryPoint\",\"urlTemplate\":\"https:\/\/verdnatura.es\/fr\/?s={search_term_string}\"},\"query-input\":{\"@type\":\"PropertyValueSpecification\",\"valueRequired\":true,\"valueName\":\"search_term_string\"}}],\"inLanguage\":\"fr-FR\"},{\"@type\":\"Organization\",\"@id\":\"https:\/\/verdnatura.es\/fr\/#organization\",\"name\":\"Verdnatura Levante SL\",\"url\":\"https:\/\/verdnatura.es\/fr\/\",\"logo\":{\"@type\":\"ImageObject\",\"inLanguage\":\"fr-FR\",\"@id\":\"https:\/\/verdnatura.es\/fr\/#\/schema\/logo\/image\/\",\"url\":\"https:\/\/verdnatura.es\/wp-content\/uploads\/2023\/12\/Marca-sin-fondo.png\",\"contentUrl\":\"https:\/\/verdnatura.es\/wp-content\/uploads\/2023\/12\/Marca-sin-fondo.png\",\"width\":1000,\"height\":630,\"caption\":\"Verdnatura Levante SL\"},\"image\":{\"@id\":\"https:\/\/verdnatura.es\/fr\/#\/schema\/logo\/image\/\"},\"sameAs\":[\"http:\/\/www.facebook.com\/verdnatura\",\"https:\/\/www.instagram.com\/verdnatura\",\"https:\/\/www.linkedin.com\/company\/verdnatura\"]},{\"@type\":\"Person\",\"@id\":\"https:\/\/verdnatura.es\/fr\/#\/schema\/person\/a0727ce6de383f0c7f29fe22f6e9b424\",\"name\":\"Robert Ghidersa\",\"image\":{\"@type\":\"ImageObject\",\"inLanguage\":\"fr-FR\",\"@id\":\"https:\/\/verdnatura.es\/fr\/#\/schema\/person\/image\/\",\"url\":\"https:\/\/secure.gravatar.com\/avatar\/0fc78d2561267c2552d975ffb3caa3f66843cfc429af4865c9fc7e1a70773b1d?s=96&d=mm&r=g\",\"contentUrl\":\"https:\/\/secure.gravatar.com\/avatar\/0fc78d2561267c2552d975ffb3caa3f66843cfc429af4865c9fc7e1a70773b1d?s=96&d=mm&r=g\",\"caption\":\"Robert Ghidersa\"},\"url\":\"https:\/\/verdnatura.es\/fr\/author\/robert\/\"}]}<\/script>\n<!-- \/ Yoast SEO plugin. -->","yoast_head_json":{"title":"Pour la f\u00eate des Grands-M\u00e8res","robots":{"index":"index","follow":"follow","max-snippet":"max-snippet:-1","max-image-preview":"max-image-preview:large","max-video-preview":"max-video-preview:-1"},"canonical":"https:\/\/verdnatura.es\/fr\/pour-la-fete-des-grands-meres\/","og_locale":"fr_FR","og_type":"article","og_title":"Pour la f\u00eate des Grands-M\u00e8res","og_url":"https:\/\/verdnatura.es\/fr\/pour-la-fete-des-grands-meres\/","og_site_name":"Verdnatura","article_publisher":"http:\/\/www.facebook.com\/verdnatura","article_published_time":"2025-02-21T14:17:25+00:00","article_modified_time":"2025-02-21T14:17:29+00:00","og_image":[{"width":1024,"height":683,"url":"https:\/\/verdnatura.es\/wp-content\/uploads\/2025\/02\/Jonquilles-1024x683.webp","type":"image\/webp"}],"author":"Robert Ghidersa","twitter_card":"summary_large_image","twitter_misc":{"\u00c9crit par":"Robert Ghidersa","Dur\u00e9e de lecture estim\u00e9e":"4 minutes"},"schema":{"@context":"https:\/\/schema.org","@graph":[{"@type":"Article","@id":"https:\/\/verdnatura.es\/fr\/pour-la-fete-des-grands-meres\/#article","isPartOf":{"@id":"https:\/\/verdnatura.es\/fr\/pour-la-fete-des-grands-meres\/"},"author":{"name":"Robert Ghidersa","@id":"https:\/\/verdnatura.es\/fr\/#\/schema\/person\/a0727ce6de383f0c7f29fe22f6e9b424"},"headline":"Pour la f\u00eate des Grands-M\u00e8res","datePublished":"2025-02-21T14:17:25+00:00","dateModified":"2025-02-21T14:17:29+00:00","mainEntityOfPage":{"@id":"https:\/\/verdnatura.es\/fr\/pour-la-fete-des-grands-meres\/"},"wordCount":1721,"commentCount":0,"publisher":{"@id":"https:\/\/verdnatura.es\/fr\/#organization"},"image":{"@id":"https:\/\/verdnatura.es\/fr\/pour-la-fete-des-grands-meres\/#primaryimage"},"thumbnailUrl":"https:\/\/verdnatura.es\/wp-content\/uploads\/2025\/02\/Jonquilles-e1740729990177.webp","articleSection":["Non classifi\u00e9"],"inLanguage":"fr-FR","potentialAction":[{"@type":"CommentAction","name":"Comment","target":["https:\/\/verdnatura.es\/fr\/pour-la-fete-des-grands-meres\/#respond"]}]},{"@type":"WebPage","@id":"https:\/\/verdnatura.es\/fr\/pour-la-fete-des-grands-meres\/","url":"https:\/\/verdnatura.es\/fr\/pour-la-fete-des-grands-meres\/","name":"Pour la f\u00eate des Grands-M\u00e8res","isPartOf":{"@id":"https:\/\/verdnatura.es\/fr\/#website"},"primaryImageOfPage":{"@id":"https:\/\/verdnatura.es\/fr\/pour-la-fete-des-grands-meres\/#primaryimage"},"image":{"@id":"https:\/\/verdnatura.es\/fr\/pour-la-fete-des-grands-meres\/#primaryimage"},"thumbnailUrl":"https:\/\/verdnatura.es\/wp-content\/uploads\/2025\/02\/Jonquilles-e1740729990177.webp","datePublished":"2025-02-21T14:17:25+00:00","dateModified":"2025-02-21T14:17:29+00:00","breadcrumb":{"@id":"https:\/\/verdnatura.es\/fr\/pour-la-fete-des-grands-meres\/#breadcrumb"},"inLanguage":"fr-FR","potentialAction":[{"@type":"ReadAction","target":["https:\/\/verdnatura.es\/fr\/pour-la-fete-des-grands-meres\/"]}]},{"@type":"ImageObject","inLanguage":"fr-FR","@id":"https:\/\/verdnatura.es\/fr\/pour-la-fete-des-grands-meres\/#primaryimage","url":"https:\/\/verdnatura.es\/wp-content\/uploads\/2025\/02\/Jonquilles-e1740729990177.webp","contentUrl":"https:\/\/verdnatura.es\/wp-content\/uploads\/2025\/02\/Jonquilles-e1740729990177.webp","width":1500,"height":1000,"caption":"Jonquilles"},{"@type":"BreadcrumbList","@id":"https:\/\/verdnatura.es\/fr\/pour-la-fete-des-grands-meres\/#breadcrumb","itemListElement":[{"@type":"ListItem","position":1,"name":"Portada","item":"https:\/\/verdnatura.es\/fr\/"},{"@type":"ListItem","position":2,"name":"Pour la f\u00eate des Grands-M\u00e8res"}]},{"@type":"WebSite","@id":"https:\/\/verdnatura.es\/fr\/#website","url":"https:\/\/verdnatura.es\/fr\/","name":"Verdnatura","description":"Mayorista de flores y plantas","publisher":{"@id":"https:\/\/verdnatura.es\/fr\/#organization"},"potentialAction":[{"@type":"SearchAction","target":{"@type":"EntryPoint","urlTemplate":"https:\/\/verdnatura.es\/fr\/?s={search_term_string}"},"query-input":{"@type":"PropertyValueSpecification","valueRequired":true,"valueName":"search_term_string"}}],"inLanguage":"fr-FR"},{"@type":"Organization","@id":"https:\/\/verdnatura.es\/fr\/#organization","name":"Verdnatura Levante SL","url":"https:\/\/verdnatura.es\/fr\/","logo":{"@type":"ImageObject","inLanguage":"fr-FR","@id":"https:\/\/verdnatura.es\/fr\/#\/schema\/logo\/image\/","url":"https:\/\/verdnatura.es\/wp-content\/uploads\/2023\/12\/Marca-sin-fondo.png","contentUrl":"https:\/\/verdnatura.es\/wp-content\/uploads\/2023\/12\/Marca-sin-fondo.png","width":1000,"height":630,"caption":"Verdnatura Levante SL"},"image":{"@id":"https:\/\/verdnatura.es\/fr\/#\/schema\/logo\/image\/"},"sameAs":["http:\/\/www.facebook.com\/verdnatura","https:\/\/www.instagram.com\/verdnatura","https:\/\/www.linkedin.com\/company\/verdnatura"]},{"@type":"Person","@id":"https:\/\/verdnatura.es\/fr\/#\/schema\/person\/a0727ce6de383f0c7f29fe22f6e9b424","name":"Robert Ghidersa","image":{"@type":"ImageObject","inLanguage":"fr-FR","@id":"https:\/\/verdnatura.es\/fr\/#\/schema\/person\/image\/","url":"https:\/\/secure.gravatar.com\/avatar\/0fc78d2561267c2552d975ffb3caa3f66843cfc429af4865c9fc7e1a70773b1d?s=96&d=mm&r=g","contentUrl":"https:\/\/secure.gravatar.com\/avatar\/0fc78d2561267c2552d975ffb3caa3f66843cfc429af4865c9fc7e1a70773b1d?s=96&d=mm&r=g","caption":"Robert Ghidersa"},"url":"https:\/\/verdnatura.es\/fr\/author\/robert\/"}]}},"_links":{"self":[{"href":"https:\/\/verdnatura.es\/fr\/wp-json\/wp\/v2\/posts\/24571","targetHints":{"allow":["GET"]}}],"collection":[{"href":"https:\/\/verdnatura.es\/fr\/wp-json\/wp\/v2\/posts"}],"about":[{"href":"https:\/\/verdnatura.es\/fr\/wp-json\/wp\/v2\/types\/post"}],"author":[{"embeddable":true,"href":"https:\/\/verdnatura.es\/fr\/wp-json\/wp\/v2\/users\/7"}],"replies":[{"embeddable":true,"href":"https:\/\/verdnatura.es\/fr\/wp-json\/wp\/v2\/comments?post=24571"}],"version-history":[{"count":12,"href":"https:\/\/verdnatura.es\/fr\/wp-json\/wp\/v2\/posts\/24571\/revisions"}],"predecessor-version":[{"id":24726,"href":"https:\/\/verdnatura.es\/fr\/wp-json\/wp\/v2\/posts\/24571\/revisions\/24726"}],"wp:featuredmedia":[{"embeddable":true,"href":"https:\/\/verdnatura.es\/fr\/wp-json\/wp\/v2\/media\/24573"}],"wp:attachment":[{"href":"https:\/\/verdnatura.es\/fr\/wp-json\/wp\/v2\/media?parent=24571"}],"wp:term":[{"taxonomy":"category","embeddable":true,"href":"https:\/\/verdnatura.es\/fr\/wp-json\/wp\/v2\/categories?post=24571"},{"taxonomy":"post_tag","embeddable":true,"href":"https:\/\/verdnatura.es\/fr\/wp-json\/wp\/v2\/tags?post=24571"}],"curies":[{"name":"wp","href":"https:\/\/api.w.org\/{rel}","templated":true}]}}