{"id":37015,"date":"2025-09-03T09:51:05","date_gmt":"2025-09-03T07:51:05","guid":{"rendered":"https:\/\/verdnatura.es\/?p=37015"},"modified":"2025-09-03T09:53:22","modified_gmt":"2025-09-03T07:53:22","slug":"fleuriste-amarante","status":"publish","type":"post","link":"https:\/\/verdnatura.es\/fr\/fleuriste-amarante\/","title":{"rendered":"FLEURISTE AMARANTE"},"content":{"rendered":"<div class=\"fusion-fullwidth fullwidth-box fusion-builder-row-1 fusion-flex-container has-pattern-background has-mask-background nonhundred-percent-fullwidth non-hundred-percent-height-scrolling\" style=\"--awb-border-radius-top-left:0px;--awb-border-radius-top-right:0px;--awb-border-radius-bottom-right:0px;--awb-border-radius-bottom-left:0px;--awb-flex-wrap:wrap;\" ><div class=\"fusion-builder-row fusion-row fusion-flex-align-items-flex-start fusion-flex-justify-content-center fusion-flex-content-wrap\" style=\"max-width:1352px;margin-left: calc(-4% \/ 2 );margin-right: calc(-4% \/ 2 );\"><div class=\"fusion-layout-column fusion_builder_column fusion-builder-column-0 fusion_builder_column_1_1 1_1 fusion-flex-column\" style=\"--awb-bg-size:cover;--awb-width-large:100%;--awb-margin-top-large:0px;--awb-spacing-right-large:1.92%;--awb-margin-bottom-large:0px;--awb-spacing-left-large:1.92%;--awb-width-medium:100%;--awb-order-medium:0;--awb-spacing-right-medium:1.92%;--awb-spacing-left-medium:1.92%;--awb-width-small:100%;--awb-order-small:0;--awb-spacing-right-small:1.92%;--awb-spacing-left-small:1.92%;\"><div class=\"fusion-column-wrapper fusion-column-has-shadow fusion-flex-justify-content-flex-start fusion-content-layout-column\"><div class=\"fusion-separator fusion-full-width-sep\" style=\"align-self: center;margin-left: auto;margin-right: auto;margin-top:20px;margin-bottom:30px;width:100%;\"><div class=\"fusion-separator-border sep-single sep-solid\" style=\"--awb-height:20px;--awb-amount:20px;--awb-sep-color:var(--awb-color5);border-color:var(--awb-color5);border-top-width:3px;\"><\/div><\/div><div class=\"fusion-text fusion-text-1\"><p>Issy les Moulineaux, ville verdoyante, paisible et familiale, situ\u00e9e en bord de Seine, a vu, au fil du temps, les ailes m\u00e9lancoliques des moulins d&rsquo;autrefois, captant les vents sur la colline, laisser la place aux immeubles connect\u00e9s.<\/p>\n<p>Ici, ce n\u2019est ni tout \u00e0 fait Paris, ni tout \u00e0 fait la province. Ici, c&rsquo;est un trait d\u2019union. Un compromis entre la densit\u00e9 parisienne et l\u2019espace \u00e0 taille humaine, un entre-deux subtil. Une mani\u00e8re de vivre rythm\u00e9e par les rires des enfants dans les parcs, la po\u00e9sie de la floraison des toits v\u00e9g\u00e9talis\u00e9s, l\u2019animation joyeuse des terrasses et l\u2019\u00e9closion des startups au dynamisme technologique.<\/p>\n<\/div><\/div><\/div><div class=\"fusion-layout-column fusion_builder_column fusion-builder-column-1 fusion_builder_column_1_1 1_1 fusion-flex-column\" style=\"--awb-padding-top:36px;--awb-padding-right:25px;--awb-padding-bottom:36px;--awb-padding-left:25px;--awb-overflow:hidden;--awb-bg-color:var(--awb-color3);--awb-bg-color-hover:var(--awb-color3);--awb-bg-size:cover;--awb-border-radius:10px 10px 10px 10px;--awb-width-large:100%;--awb-margin-top-large:0px;--awb-spacing-right-large:1.92%;--awb-margin-bottom-large:0px;--awb-spacing-left-large:1.92%;--awb-width-medium:100%;--awb-order-medium:0;--awb-spacing-right-medium:1.92%;--awb-spacing-left-medium:1.92%;--awb-width-small:100%;--awb-order-small:0;--awb-spacing-right-small:1.92%;--awb-spacing-left-small:1.92%;\"><div class=\"fusion-column-wrapper fusion-column-has-shadow fusion-flex-justify-content-flex-start fusion-content-layout-column\"><div class=\"awb-toc-el awb-toc-el--1\" data-awb-toc-id=\"1\" data-awb-toc-options=\"{&quot;allowed_heading_tags&quot;:{&quot;h2&quot;:0},&quot;ignore_headings&quot;:&quot;&quot;,&quot;ignore_headings_words&quot;:&quot;&quot;,&quot;enable_cache&quot;:&quot;yes&quot;,&quot;highlight_current_heading&quot;:&quot;no&quot;,&quot;hide_hidden_titles&quot;:&quot;yes&quot;,&quot;limit_container&quot;:&quot;all&quot;,&quot;select_custom_headings&quot;:&quot;&quot;,&quot;icon&quot;:&quot;fa-angle-right fas&quot;,&quot;counter_type&quot;:&quot;custom_icon&quot;}\" style=\"--awb-item-text-transform:capitalize;--awb-item-color:var(--awb-color6);\"><div class=\"awb-toc-el__content\"><ul class=\"awb-toc-el__list awb-toc-el__list--0\"><li class=\"awb-toc-el__list-item\"><a class=\"awb-toc-el__item-anchor\" href=\"#amaranteimmortelle\"><span class=\"awb-toc-el__item-icon fa-angle-right fas\"><\/span>Amarante\u2026 l\u2019immortelle\u2026<\/a><\/li><li class=\"awb-toc-el__list-item\"><a class=\"awb-toc-el__item-anchor\" href=\"#casserlescodes\"><span class=\"awb-toc-el__item-icon fa-angle-right fas\"><\/span>\u201cCasser les codes\u201d tout en ma\u00eetrisant la magie\u2026<\/a><\/li><li class=\"awb-toc-el__list-item\"><a class=\"awb-toc-el__item-anchor\" href=\"#senteursmaison\"><span class=\"awb-toc-el__item-icon fa-angle-right fas\"><\/span>La fabrication de senteurs maison<\/a><\/li><li class=\"awb-toc-el__list-item\"><a class=\"awb-toc-el__item-anchor\" href=\"#experienceunique\"><span class=\"awb-toc-el__item-icon fa-angle-right fas\"><\/span>Plus qu\u2019une boutique, une exp\u00e9rience unique<\/a><\/li><\/ul><\/div><\/div><\/div><\/div><div class=\"fusion-layout-column fusion_builder_column fusion-builder-column-2 fusion_builder_column_1_1 1_1 fusion-flex-column\" style=\"--awb-bg-size:cover;--awb-width-large:100%;--awb-margin-top-large:0px;--awb-spacing-right-large:1.92%;--awb-margin-bottom-large:0px;--awb-spacing-left-large:1.92%;--awb-width-medium:100%;--awb-order-medium:0;--awb-spacing-right-medium:1.92%;--awb-spacing-left-medium:1.92%;--awb-width-small:100%;--awb-order-small:0;--awb-spacing-right-small:1.92%;--awb-spacing-left-small:1.92%;\"><div class=\"fusion-column-wrapper fusion-column-has-shadow fusion-flex-justify-content-flex-start fusion-content-layout-column\"><div class=\"fusion-separator fusion-full-width-sep\" style=\"align-self: center;margin-left: auto;margin-right: auto;margin-top:20px;margin-bottom:20px;width:100%;\"><div class=\"fusion-separator-border sep-single sep-solid\" style=\"--awb-height:20px;--awb-amount:20px;--awb-sep-color:var(--awb-color5);border-color:var(--awb-color5);border-top-width:3px;\"><\/div><\/div><div class=\"fusion-text fusion-text-2 fusion-text-no-margin\" style=\"--awb-margin-bottom:20px;\"><h2 id=\"amarante-immortelle\">Amarante\u2026 l&rsquo;immortelle\u2026<\/h2>\n<\/div><div class=\"fusion-text fusion-text-3\"><p>Et c\u2019est ici que Claire, d\u2019origine iranienne, chaleureuse et dynamique professionnelle, vous accueille \u00e0 seulement 8 mn \u00e0 pied du centre-ville. Sa boutique est une ode \u00e0 la beaut\u00e9 qui r\u00e9siste. Inspir\u00e9e par la fleur qui ne s\u2019alt\u00e8re pas, elle c\u00e9l\u00e8bre l&rsquo;art floral en r\u00e9f\u00e9rence \u00e0 la beaut\u00e9 imp\u00e9rissable.<\/p>\n<\/div><div class=\"awb-gallery-wrapper awb-gallery-wrapper-1 button-span-no\" style=\"--more-btn-alignment:center;margin-top:20px;margin-bottom:20px;\" data-limit=\"2\" data-page=\"1\"><div style=\"margin:-2px;--awb-aspect-ratio:2 \/ 3;--awb-bordersize:0px;--awb-border-radius:7px;--awb-columns-medium:100%;--awb-columns-small:50%;\" class=\"fusion-gallery fusion-gallery-container fusion-grid-2 fusion-columns-total-4 fusion-gallery-layout-grid fusion-gallery-1 has-aspect-ratio\"><div style=\"padding:2.5px;\" class=\"fusion-grid-column fusion-gallery-column fusion-gallery-column-2 hover-type-none\"><div class=\"fusion-gallery-image\"><a href=\"https:\/\/verdnatura.es\/wp-content\/uploads\/2025\/09\/rose-4.webp\" rel=\"noreferrer\" data-rel=\"iLightbox[gallery_image_1]\" class=\"fusion-lightbox\" target=\"_self\"><img decoding=\"async\" src=\"https:\/\/verdnatura.es\/wp-content\/uploads\/2025\/09\/rose-4.webp\" width=\"725\" height=\"725\" alt=\"\" title=\"rose (4)\" aria-label=\"rose (4)\" class=\"img-responsive wp-image-36973 fusion-gallery-image-size-fixed\" srcset=\"https:\/\/verdnatura.es\/wp-content\/uploads\/2025\/09\/rose-4-200x200.webp 200w, https:\/\/verdnatura.es\/wp-content\/uploads\/2025\/09\/rose-4-400x400.webp 400w, https:\/\/verdnatura.es\/wp-content\/uploads\/2025\/09\/rose-4-600x600.webp 600w, https:\/\/verdnatura.es\/wp-content\/uploads\/2025\/09\/rose-4.webp 725w\" sizes=\"(min-width: 2200px) 100vw, (min-width: 712px) 649px, (min-width: 640px) 712px, \" \/><\/a><\/div><\/div><div style=\"padding:2.5px;\" class=\"fusion-grid-column fusion-gallery-column fusion-gallery-column-2 hover-type-none\"><div class=\"fusion-gallery-image\"><a href=\"https:\/\/verdnatura.es\/wp-content\/uploads\/2025\/09\/rose-5.webp\" rel=\"noreferrer\" data-rel=\"iLightbox[gallery_image_1]\" class=\"fusion-lightbox\" target=\"_self\"><img decoding=\"async\" src=\"https:\/\/verdnatura.es\/wp-content\/uploads\/2025\/09\/rose-5.webp\" width=\"828\" height=\"828\" alt=\"\" title=\"rose (5)\" aria-label=\"rose (5)\" class=\"img-responsive wp-image-36980 fusion-gallery-image-size-fixed\" srcset=\"https:\/\/verdnatura.es\/wp-content\/uploads\/2025\/09\/rose-5-200x200.webp 200w, https:\/\/verdnatura.es\/wp-content\/uploads\/2025\/09\/rose-5-400x400.webp 400w, https:\/\/verdnatura.es\/wp-content\/uploads\/2025\/09\/rose-5-600x600.webp 600w, https:\/\/verdnatura.es\/wp-content\/uploads\/2025\/09\/rose-5-800x800.webp 800w, https:\/\/verdnatura.es\/wp-content\/uploads\/2025\/09\/rose-5.webp 828w\" sizes=\"(min-width: 2200px) 100vw, (min-width: 712px) 649px, (min-width: 640px) 712px, \" \/><\/a><\/div><\/div><div class=\"clearfix\"><\/div><div style=\"padding:2.5px;\" class=\"fusion-grid-column fusion-gallery-column fusion-gallery-column-2 hover-type-none awb-gallery-item-hidden\"><div class=\"fusion-gallery-image\"><a href=\"https:\/\/verdnatura.es\/wp-content\/uploads\/2025\/09\/rose-6.webp\" rel=\"noreferrer\" data-rel=\"iLightbox[gallery_image_1]\" class=\"fusion-lightbox\" target=\"_self\"><img decoding=\"async\" src=\"https:\/\/verdnatura.es\/wp-content\/uploads\/2025\/09\/rose-6.webp\" width=\"766\" height=\"1023\" alt=\"\" title=\"rose (6)\" aria-label=\"rose (6)\" class=\"img-responsive wp-image-36987 fusion-gallery-image-size-fixed\" srcset=\"https:\/\/verdnatura.es\/wp-content\/uploads\/2025\/09\/rose-6-200x267.webp 200w, https:\/\/verdnatura.es\/wp-content\/uploads\/2025\/09\/rose-6-400x534.webp 400w, https:\/\/verdnatura.es\/wp-content\/uploads\/2025\/09\/rose-6-600x801.webp 600w, https:\/\/verdnatura.es\/wp-content\/uploads\/2025\/09\/rose-6.webp 766w\" sizes=\"(min-width: 2200px) 100vw, (min-width: 712px) 649px, (min-width: 640px) 712px, \" \/><\/a><\/div><\/div><div style=\"padding:2.5px;\" class=\"fusion-grid-column fusion-gallery-column fusion-gallery-column-2 hover-type-none awb-gallery-item-hidden\"><div class=\"fusion-gallery-image\"><a href=\"https:\/\/verdnatura.es\/wp-content\/uploads\/2025\/09\/rose-7.webp\" rel=\"noreferrer\" data-rel=\"iLightbox[gallery_image_1]\" class=\"fusion-lightbox\" target=\"_self\"><img decoding=\"async\" src=\"https:\/\/verdnatura.es\/wp-content\/uploads\/2025\/09\/rose-7.webp\" width=\"828\" height=\"954\" alt=\"\" title=\"rose (7)\" aria-label=\"rose (7)\" class=\"img-responsive wp-image-36994 fusion-gallery-image-size-fixed\" srcset=\"https:\/\/verdnatura.es\/wp-content\/uploads\/2025\/09\/rose-7-200x230.webp 200w, https:\/\/verdnatura.es\/wp-content\/uploads\/2025\/09\/rose-7-400x461.webp 400w, https:\/\/verdnatura.es\/wp-content\/uploads\/2025\/09\/rose-7-600x691.webp 600w, https:\/\/verdnatura.es\/wp-content\/uploads\/2025\/09\/rose-7-800x922.webp 800w, https:\/\/verdnatura.es\/wp-content\/uploads\/2025\/09\/rose-7.webp 828w\" sizes=\"(min-width: 2200px) 100vw, (min-width: 712px) 649px, (min-width: 640px) 712px, \" \/><\/a><\/div><\/div><div class=\"clearfix\"><\/div><\/div><div class=\"fusion-loading-container fusion-clearfix awb-gallery-posts-loading-container\">\n\t\t\t\t<div class=\"fusion-loading-spinner\">\n\t\t\t\t\t<div class=\"fusion-spinner-1\"><\/div>\n\t\t\t\t\t<div class=\"fusion-spinner-2\"><\/div>\n\t\t\t\t\t<div class=\"fusion-spinner-3\"><\/div>\n\t\t\t\t<\/div><div class=\"fusion-loading-msg\"><em>Loading the next set of gallery items...<\/em><\/div><\/div><div class=\"awb-gallery-buttons\"><a href=\"#\" class=\"fusion-button button-flat button-default fusion-button-default-size awb-gallery-load-more-btn\">Load More<\/a><\/div><\/div><div class=\"fusion-text fusion-text-4\"><p>Car \u201camarante\u201d signifie immortel en grec. Sans peur des saisons qui tournent comme les ailes gracieuses des moulins d\u2019antan, cette force tranquille de la nature ne meurt jamais vraiment. Elle persiste \u00e0 \u00eatre elle-m\u00eame. C\u2019est pourquoi, elle est associ\u00e9e aux passions durables et aux sentiments qui ne fl\u00e9trissent pas, m\u00eame lorsque les corps ont disparu. Sa r\u00e9sistance et sa consistance sont salu\u00e9es. Elle \u00e9voque, en effet, la force face \u00e0 l\u2019adversit\u00e9; la fid\u00e9lit\u00e9 in\u00e9branlable; sans oublier la beaut\u00e9 spirituelle, cette alliance po\u00e9tique et symbolique entre l\u2019intemporel et le sacr\u00e9.<\/p>\n<\/div><div class=\"fusion-separator fusion-full-width-sep\" style=\"align-self: center;margin-left: auto;margin-right: auto;margin-top:20px;margin-bottom:20px;width:100%;\"><div class=\"fusion-separator-border sep-single sep-solid\" style=\"--awb-height:20px;--awb-amount:20px;--awb-sep-color:var(--awb-color5);border-color:var(--awb-color5);border-top-width:3px;\"><\/div><\/div><div class=\"fusion-text fusion-text-5 fusion-text-no-margin\" style=\"--awb-margin-bottom:20px;\"><h2 id=\"casser-les-codes\">\u201cCasser les codes\u201d tout en ma\u00eetrisant la magie\u2026<\/h2>\n<\/div><div class=\"fusion-text fusion-text-6\"><p>Ce sanctuaire pour les amateurs de botanique et de d\u00e9coration florale est ouvert depuis 15 ans ! L\u2019originalit\u00e9 et la ma\u00eetrise sont les piliers de son accompagnement sur-mesure pour envo\u00fbter doucement sa client\u00e8le sans jamais s\u2019imposer.<\/p>\n<p>Oubliez les bouquets fig\u00e9s, les vitrines vieillottes, ici on casse les codes pour provoquer des frissons. Le classique, l\u2019harmonie des couleurs, ne sont que des points de d\u00e9part qui laissent place aux dissonances pour ceux qui aiment marquer et ancrer dans le r\u00e9el, la magie des \u00e9motions. D\u00e9livrer ce qui ne peut s&rsquo;exprimer avec les mots. Laisser une trace visuelle et sensorielle comme le sont des objets de m\u00e9moire en proposant des produits haut de gamme \u00e0 l&rsquo;\u00e9l\u00e9gance intemporelle, voici les v\u0153ux chers au c\u0153ur de Claire, \u00e0 la t\u00eate de la boutique.<\/p>\n<\/div><div class=\"awb-gallery-wrapper awb-gallery-wrapper-2 button-span-no\" style=\"--more-btn-alignment:center;margin-top:20px;margin-bottom:20px;\" data-limit=\"2\" data-page=\"1\"><div style=\"margin:-2px;--awb-aspect-ratio:2 \/ 3;--awb-bordersize:0px;--awb-border-radius:7px;--awb-columns-medium:100%;--awb-columns-small:50%;\" class=\"fusion-gallery fusion-gallery-container fusion-grid-2 fusion-columns-total-2 fusion-gallery-layout-grid fusion-gallery-2 has-aspect-ratio\"><div style=\"padding:2.5px;\" class=\"fusion-grid-column fusion-gallery-column fusion-gallery-column-2 hover-type-none\"><div class=\"fusion-gallery-image\"><a href=\"https:\/\/verdnatura.es\/wp-content\/uploads\/2025\/09\/rose-3.webp\" rel=\"noreferrer\" data-rel=\"iLightbox[gallery_image_2]\" class=\"fusion-lightbox\" target=\"_self\"><img decoding=\"async\" src=\"https:\/\/verdnatura.es\/wp-content\/uploads\/2025\/09\/rose-3.webp\" width=\"720\" height=\"480\" alt=\"\" title=\"rose (3)\" aria-label=\"rose (3)\" class=\"img-responsive wp-image-37023 fusion-gallery-image-size-fixed\" srcset=\"https:\/\/verdnatura.es\/wp-content\/uploads\/2025\/09\/rose-3-200x133.webp 200w, https:\/\/verdnatura.es\/wp-content\/uploads\/2025\/09\/rose-3-400x267.webp 400w, https:\/\/verdnatura.es\/wp-content\/uploads\/2025\/09\/rose-3-600x400.webp 600w, https:\/\/verdnatura.es\/wp-content\/uploads\/2025\/09\/rose-3.webp 720w\" sizes=\"(min-width: 2200px) 100vw, (min-width: 712px) 649px, (min-width: 640px) 712px, \" \/><\/a><\/div><\/div><div style=\"padding:2.5px;\" class=\"fusion-grid-column fusion-gallery-column fusion-gallery-column-2 hover-type-none\"><div class=\"fusion-gallery-image\"><a href=\"https:\/\/verdnatura.es\/wp-content\/uploads\/2025\/09\/rose-2.webp\" rel=\"noreferrer\" data-rel=\"iLightbox[gallery_image_2]\" class=\"fusion-lightbox\" target=\"_self\"><img decoding=\"async\" src=\"https:\/\/verdnatura.es\/wp-content\/uploads\/2025\/09\/rose-2.webp\" width=\"1000\" height=\"1000\" alt=\"\" title=\"rose (2)\" aria-label=\"rose (2)\" class=\"img-responsive wp-image-37016 fusion-gallery-image-size-fixed\" srcset=\"https:\/\/verdnatura.es\/wp-content\/uploads\/2025\/09\/rose-2-200x200.webp 200w, https:\/\/verdnatura.es\/wp-content\/uploads\/2025\/09\/rose-2-400x400.webp 400w, https:\/\/verdnatura.es\/wp-content\/uploads\/2025\/09\/rose-2-600x600.webp 600w, https:\/\/verdnatura.es\/wp-content\/uploads\/2025\/09\/rose-2-800x800.webp 800w, https:\/\/verdnatura.es\/wp-content\/uploads\/2025\/09\/rose-2.webp 1000w\" sizes=\"(min-width: 2200px) 100vw, (min-width: 712px) 649px, (min-width: 640px) 712px, \" \/><\/a><\/div><\/div><div class=\"clearfix\"><\/div><\/div><\/div><div class=\"fusion-text fusion-text-7\"><p>Cette amoureuse des couleurs, m\u00e8re de trois enfants et conseill\u00e8re municipale, n&rsquo;a pas froid aux yeux. Forte de son succ\u00e8s, elle a ouvert une seconde boutique \u00e0 Fontenay aux Roses, que tient avec brio son mari, Bertrand. Un duo de fleuristes authentiques, unis par la passion et le travail. Le r\u00e9sultat d\u2019un engagement sans faille et d\u2019une d\u00e9termination partag\u00e9e mais \u00e9galement d\u2019une profonde envie de cr\u00e9er un lien convivial envers leurs clients et de leur rendre service.<\/p>\n<\/div><div class=\"fusion-separator fusion-full-width-sep\" style=\"align-self: center;margin-left: auto;margin-right: auto;margin-top:20px;margin-bottom:20px;width:100%;\"><div class=\"fusion-separator-border sep-single sep-solid\" style=\"--awb-height:20px;--awb-amount:20px;--awb-sep-color:var(--awb-color5);border-color:var(--awb-color5);border-top-width:3px;\"><\/div><\/div><div class=\"fusion-text fusion-text-8 fusion-text-no-margin\" style=\"--awb-margin-bottom:20px;\"><h2 id=\"senteurs-maison\">La fabrication de senteurs maison<\/h2>\n<\/div><div class=\"fusion-text fusion-text-9\"><p>Vous y trouverez, bien entendu des plantes pour votre maison, des esp\u00e8ces florales exotiques, et des agencements de fleurs pour vos \u00e9v\u00e9nements particuliers et professionnels mais vous y d\u00e9couvrirez aussi, la fabrication de senteurs pour la maison !<\/p>\n<\/div><div class=\"fusion-text fusion-text-10\"><p>Voici un autre savoir-faire qui fait le bonheur des amateurs de parfums et des senteurs artisanales. Un savoir-faire qui \u00e9voque la simplicit\u00e9 noble des m\u00e9tiers anciens. Un savoir-faire qui ravive les paysages int\u00e9rieurs que chacun porte en soi. Encore une d\u00e9licieuse histoire de magie\u2026<\/p>\n<\/div><div class=\"fusion-separator fusion-full-width-sep\" style=\"align-self: center;margin-left: auto;margin-right: auto;margin-top:20px;margin-bottom:20px;width:100%;\"><div class=\"fusion-separator-border sep-single sep-solid\" style=\"--awb-height:20px;--awb-amount:20px;--awb-sep-color:var(--awb-color5);border-color:var(--awb-color5);border-top-width:3px;\"><\/div><\/div><div class=\"fusion-text fusion-text-11 fusion-text-no-margin\" style=\"--awb-margin-bottom:20px;\"><h2 id=\"experience-unique\">Plus qu&rsquo;une boutique, une exp\u00e9rience unique<\/h2>\n<\/div><div class=\"fusion-text fusion-text-12\"><p>Et comme Claire soigne l\u2019\u00e9motion dans chaque d\u00e9tail, vous pourrez vous y attarder, pour y d\u00e9nicher des id\u00e9es de cadeaux pleins de charme pour surprendre et faire plaisir. Une invitation \u00e0 entrer dans son monde o\u00f9 les objets sont choisis pour leur valeur symbolique\u2026<\/p>\n<p>Et comme une \u00e9vidence, sur une \u00e9tag\u00e8re, vous remarquerez de jolis coffrets de fleur \u00e9ternelle, qui n&rsquo;attendent que vos mains pour les cueillir. Les attentions les plus simples ne sont-elles pas celles qui marquent les esprits? Elles sont \u00e0 l&rsquo;image des amarantes, des \u00e9clats de m\u00e9moire aux doux ar\u00f4mes ind\u00e9l\u00e9biles.<\/p>\n<p>Vous en sortirez en peu plus l\u00e9ger, comme un frisson doux, avec ind\u00e9niablement l&rsquo;envie d&rsquo;y revenir\u2026<\/p>\n<\/div><div class=\"fusion-image-element \" style=\"--awb-caption-title-font-family:var(--h2_typography-font-family);--awb-caption-title-font-weight:var(--h2_typography-font-weight);--awb-caption-title-font-style:var(--h2_typography-font-style);--awb-caption-title-size:var(--h2_typography-font-size);--awb-caption-title-transform:var(--h2_typography-text-transform);--awb-caption-title-line-height:var(--h2_typography-line-height);--awb-caption-title-letter-spacing:var(--h2_typography-letter-spacing);\"><span class=\" fusion-imageframe imageframe-none imageframe-1 hover-type-none\" style=\"border-radius:7px;\"><img decoding=\"async\" width=\"1000\" height=\"667\" title=\"rose (8)\" src=\"https:\/\/verdnatura.es\/wp-content\/uploads\/2025\/09\/rose-8.webp\" data-orig-src=\"https:\/\/verdnatura.es\/wp-content\/uploads\/2025\/09\/rose-8.webp\" alt class=\"lazyload img-responsive wp-image-37001\" srcset=\"data:image\/svg+xml,%3Csvg%20xmlns%3D%27http%3A%2F%2Fwww.w3.org%2F2000%2Fsvg%27%20width%3D%271000%27%20height%3D%27667%27%20viewBox%3D%270%200%201000%20667%27%3E%3Crect%20width%3D%271000%27%20height%3D%27667%27%20fill-opacity%3D%220%22%2F%3E%3C%2Fsvg%3E\" data-srcset=\"https:\/\/verdnatura.es\/wp-content\/uploads\/2025\/09\/rose-8-200x133.webp 200w, https:\/\/verdnatura.es\/wp-content\/uploads\/2025\/09\/rose-8-400x267.webp 400w, https:\/\/verdnatura.es\/wp-content\/uploads\/2025\/09\/rose-8-600x400.webp 600w, https:\/\/verdnatura.es\/wp-content\/uploads\/2025\/09\/rose-8-800x534.webp 800w, https:\/\/verdnatura.es\/wp-content\/uploads\/2025\/09\/rose-8.webp 1000w\" data-sizes=\"auto\" data-orig-sizes=\"(max-width: 1024px) 100vw, (max-width: 640px) 100vw, 1000px\" \/><\/span><\/div><\/div><\/div><\/div><\/div>\n","protected":false},"excerpt":{"rendered":"","protected":false},"author":7,"featured_media":37008,"comment_status":"open","ping_status":"open","sticky":false,"template":"","format":"standard","meta":{"_acf_changed":false,"footnotes":""},"categories":[70],"tags":[],"class_list":["post-37015","post","type-post","status-publish","format-standard","has-post-thumbnail","hentry","category-non-classifie"],"acf":[],"yoast_head":"<!-- This site is optimized with the Yoast SEO plugin v27.1.1 - https:\/\/yoast.com\/product\/yoast-seo-wordpress\/ -->\n<title>FLEURISTE AMARANTE - Verdnatura<\/title>\n<meta name=\"robots\" content=\"index, follow, max-snippet:-1, max-image-preview:large, max-video-preview:-1\" \/>\n<link rel=\"canonical\" href=\"https:\/\/verdnatura.es\/fr\/fleuriste-amarante\/\" \/>\n<meta property=\"og:locale\" content=\"fr_FR\" \/>\n<meta property=\"og:type\" content=\"article\" \/>\n<meta property=\"og:title\" content=\"FLEURISTE AMARANTE - Verdnatura\" \/>\n<meta property=\"og:url\" content=\"https:\/\/verdnatura.es\/fr\/fleuriste-amarante\/\" \/>\n<meta property=\"og:site_name\" content=\"Verdnatura\" \/>\n<meta property=\"article:publisher\" content=\"http:\/\/www.facebook.com\/verdnatura\" \/>\n<meta property=\"article:published_time\" content=\"2025-09-03T07:51:05+00:00\" \/>\n<meta property=\"article:modified_time\" content=\"2025-09-03T07:53:22+00:00\" \/>\n<meta property=\"og:image\" content=\"https:\/\/verdnatura.es\/wp-content\/uploads\/2025\/09\/rose-1.webp\" \/>\n\t<meta property=\"og:image:width\" content=\"2000\" \/>\n\t<meta property=\"og:image:height\" content=\"1334\" \/>\n\t<meta property=\"og:image:type\" content=\"image\/webp\" \/>\n<meta name=\"author\" content=\"Robert Ghidersa\" \/>\n<meta name=\"twitter:card\" content=\"summary_large_image\" \/>\n<meta name=\"twitter:label1\" content=\"\u00c9crit par\" \/>\n\t<meta name=\"twitter:data1\" content=\"Robert Ghidersa\" \/>\n\t<meta name=\"twitter:label2\" content=\"Dur\u00e9e de lecture estim\u00e9e\" \/>\n\t<meta name=\"twitter:data2\" content=\"5 minutes\" \/>\n<script type=\"application\/ld+json\" class=\"yoast-schema-graph\">{\"@context\":\"https:\/\/schema.org\",\"@graph\":[{\"@type\":\"Article\",\"@id\":\"https:\/\/verdnatura.es\/fr\/fleuriste-amarante\/#article\",\"isPartOf\":{\"@id\":\"https:\/\/verdnatura.es\/fr\/fleuriste-amarante\/\"},\"author\":{\"name\":\"Robert Ghidersa\",\"@id\":\"https:\/\/verdnatura.es\/fr\/#\/schema\/person\/a0727ce6de383f0c7f29fe22f6e9b424\"},\"headline\":\"FLEURISTE AMARANTE\",\"datePublished\":\"2025-09-03T07:51:05+00:00\",\"dateModified\":\"2025-09-03T07:53:22+00:00\",\"mainEntityOfPage\":{\"@id\":\"https:\/\/verdnatura.es\/fr\/fleuriste-amarante\/\"},\"wordCount\":3508,\"commentCount\":0,\"publisher\":{\"@id\":\"https:\/\/verdnatura.es\/fr\/#organization\"},\"image\":{\"@id\":\"https:\/\/verdnatura.es\/fr\/fleuriste-amarante\/#primaryimage\"},\"thumbnailUrl\":\"https:\/\/verdnatura.es\/wp-content\/uploads\/2025\/09\/rose-1.webp\",\"articleSection\":[\"Non classifi\u00e9\"],\"inLanguage\":\"fr-FR\",\"potentialAction\":[{\"@type\":\"CommentAction\",\"name\":\"Comment\",\"target\":[\"https:\/\/verdnatura.es\/fr\/fleuriste-amarante\/#respond\"]}]},{\"@type\":\"WebPage\",\"@id\":\"https:\/\/verdnatura.es\/fr\/fleuriste-amarante\/\",\"url\":\"https:\/\/verdnatura.es\/fr\/fleuriste-amarante\/\",\"name\":\"FLEURISTE AMARANTE - Verdnatura\",\"isPartOf\":{\"@id\":\"https:\/\/verdnatura.es\/fr\/#website\"},\"primaryImageOfPage\":{\"@id\":\"https:\/\/verdnatura.es\/fr\/fleuriste-amarante\/#primaryimage\"},\"image\":{\"@id\":\"https:\/\/verdnatura.es\/fr\/fleuriste-amarante\/#primaryimage\"},\"thumbnailUrl\":\"https:\/\/verdnatura.es\/wp-content\/uploads\/2025\/09\/rose-1.webp\",\"datePublished\":\"2025-09-03T07:51:05+00:00\",\"dateModified\":\"2025-09-03T07:53:22+00:00\",\"breadcrumb\":{\"@id\":\"https:\/\/verdnatura.es\/fr\/fleuriste-amarante\/#breadcrumb\"},\"inLanguage\":\"fr-FR\",\"potentialAction\":[{\"@type\":\"ReadAction\",\"target\":[\"https:\/\/verdnatura.es\/fr\/fleuriste-amarante\/\"]}]},{\"@type\":\"ImageObject\",\"inLanguage\":\"fr-FR\",\"@id\":\"https:\/\/verdnatura.es\/fr\/fleuriste-amarante\/#primaryimage\",\"url\":\"https:\/\/verdnatura.es\/wp-content\/uploads\/2025\/09\/rose-1.webp\",\"contentUrl\":\"https:\/\/verdnatura.es\/wp-content\/uploads\/2025\/09\/rose-1.webp\",\"width\":2000,\"height\":1334},{\"@type\":\"BreadcrumbList\",\"@id\":\"https:\/\/verdnatura.es\/fr\/fleuriste-amarante\/#breadcrumb\",\"itemListElement\":[{\"@type\":\"ListItem\",\"position\":1,\"name\":\"Portada\",\"item\":\"https:\/\/verdnatura.es\/fr\/\"},{\"@type\":\"ListItem\",\"position\":2,\"name\":\"FLEURISTE AMARANTE\"}]},{\"@type\":\"WebSite\",\"@id\":\"https:\/\/verdnatura.es\/fr\/#website\",\"url\":\"https:\/\/verdnatura.es\/fr\/\",\"name\":\"Verdnatura\",\"description\":\"Mayorista de flores y plantas\",\"publisher\":{\"@id\":\"https:\/\/verdnatura.es\/fr\/#organization\"},\"potentialAction\":[{\"@type\":\"SearchAction\",\"target\":{\"@type\":\"EntryPoint\",\"urlTemplate\":\"https:\/\/verdnatura.es\/fr\/?s={search_term_string}\"},\"query-input\":{\"@type\":\"PropertyValueSpecification\",\"valueRequired\":true,\"valueName\":\"search_term_string\"}}],\"inLanguage\":\"fr-FR\"},{\"@type\":\"Organization\",\"@id\":\"https:\/\/verdnatura.es\/fr\/#organization\",\"name\":\"Verdnatura Levante SL\",\"url\":\"https:\/\/verdnatura.es\/fr\/\",\"logo\":{\"@type\":\"ImageObject\",\"inLanguage\":\"fr-FR\",\"@id\":\"https:\/\/verdnatura.es\/fr\/#\/schema\/logo\/image\/\",\"url\":\"https:\/\/verdnatura.es\/wp-content\/uploads\/2023\/12\/Marca-sin-fondo.png\",\"contentUrl\":\"https:\/\/verdnatura.es\/wp-content\/uploads\/2023\/12\/Marca-sin-fondo.png\",\"width\":1000,\"height\":630,\"caption\":\"Verdnatura Levante SL\"},\"image\":{\"@id\":\"https:\/\/verdnatura.es\/fr\/#\/schema\/logo\/image\/\"},\"sameAs\":[\"http:\/\/www.facebook.com\/verdnatura\",\"https:\/\/www.instagram.com\/verdnatura\",\"https:\/\/www.linkedin.com\/company\/verdnatura\"]},{\"@type\":\"Person\",\"@id\":\"https:\/\/verdnatura.es\/fr\/#\/schema\/person\/a0727ce6de383f0c7f29fe22f6e9b424\",\"name\":\"Robert Ghidersa\",\"image\":{\"@type\":\"ImageObject\",\"inLanguage\":\"fr-FR\",\"@id\":\"https:\/\/verdnatura.es\/fr\/#\/schema\/person\/image\/\",\"url\":\"https:\/\/secure.gravatar.com\/avatar\/0fc78d2561267c2552d975ffb3caa3f66843cfc429af4865c9fc7e1a70773b1d?s=96&d=mm&r=g\",\"contentUrl\":\"https:\/\/secure.gravatar.com\/avatar\/0fc78d2561267c2552d975ffb3caa3f66843cfc429af4865c9fc7e1a70773b1d?s=96&d=mm&r=g\",\"caption\":\"Robert Ghidersa\"},\"url\":\"https:\/\/verdnatura.es\/fr\/author\/robert\/\"}]}<\/script>\n<!-- \/ Yoast SEO plugin. -->","yoast_head_json":{"title":"FLEURISTE AMARANTE - Verdnatura","robots":{"index":"index","follow":"follow","max-snippet":"max-snippet:-1","max-image-preview":"max-image-preview:large","max-video-preview":"max-video-preview:-1"},"canonical":"https:\/\/verdnatura.es\/fr\/fleuriste-amarante\/","og_locale":"fr_FR","og_type":"article","og_title":"FLEURISTE AMARANTE - Verdnatura","og_url":"https:\/\/verdnatura.es\/fr\/fleuriste-amarante\/","og_site_name":"Verdnatura","article_publisher":"http:\/\/www.facebook.com\/verdnatura","article_published_time":"2025-09-03T07:51:05+00:00","article_modified_time":"2025-09-03T07:53:22+00:00","og_image":[{"width":2000,"height":1334,"url":"https:\/\/verdnatura.es\/wp-content\/uploads\/2025\/09\/rose-1.webp","type":"image\/webp"}],"author":"Robert Ghidersa","twitter_card":"summary_large_image","twitter_misc":{"\u00c9crit par":"Robert Ghidersa","Dur\u00e9e de lecture estim\u00e9e":"5 minutes"},"schema":{"@context":"https:\/\/schema.org","@graph":[{"@type":"Article","@id":"https:\/\/verdnatura.es\/fr\/fleuriste-amarante\/#article","isPartOf":{"@id":"https:\/\/verdnatura.es\/fr\/fleuriste-amarante\/"},"author":{"name":"Robert Ghidersa","@id":"https:\/\/verdnatura.es\/fr\/#\/schema\/person\/a0727ce6de383f0c7f29fe22f6e9b424"},"headline":"FLEURISTE AMARANTE","datePublished":"2025-09-03T07:51:05+00:00","dateModified":"2025-09-03T07:53:22+00:00","mainEntityOfPage":{"@id":"https:\/\/verdnatura.es\/fr\/fleuriste-amarante\/"},"wordCount":3508,"commentCount":0,"publisher":{"@id":"https:\/\/verdnatura.es\/fr\/#organization"},"image":{"@id":"https:\/\/verdnatura.es\/fr\/fleuriste-amarante\/#primaryimage"},"thumbnailUrl":"https:\/\/verdnatura.es\/wp-content\/uploads\/2025\/09\/rose-1.webp","articleSection":["Non classifi\u00e9"],"inLanguage":"fr-FR","potentialAction":[{"@type":"CommentAction","name":"Comment","target":["https:\/\/verdnatura.es\/fr\/fleuriste-amarante\/#respond"]}]},{"@type":"WebPage","@id":"https:\/\/verdnatura.es\/fr\/fleuriste-amarante\/","url":"https:\/\/verdnatura.es\/fr\/fleuriste-amarante\/","name":"FLEURISTE AMARANTE - Verdnatura","isPartOf":{"@id":"https:\/\/verdnatura.es\/fr\/#website"},"primaryImageOfPage":{"@id":"https:\/\/verdnatura.es\/fr\/fleuriste-amarante\/#primaryimage"},"image":{"@id":"https:\/\/verdnatura.es\/fr\/fleuriste-amarante\/#primaryimage"},"thumbnailUrl":"https:\/\/verdnatura.es\/wp-content\/uploads\/2025\/09\/rose-1.webp","datePublished":"2025-09-03T07:51:05+00:00","dateModified":"2025-09-03T07:53:22+00:00","breadcrumb":{"@id":"https:\/\/verdnatura.es\/fr\/fleuriste-amarante\/#breadcrumb"},"inLanguage":"fr-FR","potentialAction":[{"@type":"ReadAction","target":["https:\/\/verdnatura.es\/fr\/fleuriste-amarante\/"]}]},{"@type":"ImageObject","inLanguage":"fr-FR","@id":"https:\/\/verdnatura.es\/fr\/fleuriste-amarante\/#primaryimage","url":"https:\/\/verdnatura.es\/wp-content\/uploads\/2025\/09\/rose-1.webp","contentUrl":"https:\/\/verdnatura.es\/wp-content\/uploads\/2025\/09\/rose-1.webp","width":2000,"height":1334},{"@type":"BreadcrumbList","@id":"https:\/\/verdnatura.es\/fr\/fleuriste-amarante\/#breadcrumb","itemListElement":[{"@type":"ListItem","position":1,"name":"Portada","item":"https:\/\/verdnatura.es\/fr\/"},{"@type":"ListItem","position":2,"name":"FLEURISTE AMARANTE"}]},{"@type":"WebSite","@id":"https:\/\/verdnatura.es\/fr\/#website","url":"https:\/\/verdnatura.es\/fr\/","name":"Verdnatura","description":"Mayorista de flores y plantas","publisher":{"@id":"https:\/\/verdnatura.es\/fr\/#organization"},"potentialAction":[{"@type":"SearchAction","target":{"@type":"EntryPoint","urlTemplate":"https:\/\/verdnatura.es\/fr\/?s={search_term_string}"},"query-input":{"@type":"PropertyValueSpecification","valueRequired":true,"valueName":"search_term_string"}}],"inLanguage":"fr-FR"},{"@type":"Organization","@id":"https:\/\/verdnatura.es\/fr\/#organization","name":"Verdnatura Levante SL","url":"https:\/\/verdnatura.es\/fr\/","logo":{"@type":"ImageObject","inLanguage":"fr-FR","@id":"https:\/\/verdnatura.es\/fr\/#\/schema\/logo\/image\/","url":"https:\/\/verdnatura.es\/wp-content\/uploads\/2023\/12\/Marca-sin-fondo.png","contentUrl":"https:\/\/verdnatura.es\/wp-content\/uploads\/2023\/12\/Marca-sin-fondo.png","width":1000,"height":630,"caption":"Verdnatura Levante SL"},"image":{"@id":"https:\/\/verdnatura.es\/fr\/#\/schema\/logo\/image\/"},"sameAs":["http:\/\/www.facebook.com\/verdnatura","https:\/\/www.instagram.com\/verdnatura","https:\/\/www.linkedin.com\/company\/verdnatura"]},{"@type":"Person","@id":"https:\/\/verdnatura.es\/fr\/#\/schema\/person\/a0727ce6de383f0c7f29fe22f6e9b424","name":"Robert Ghidersa","image":{"@type":"ImageObject","inLanguage":"fr-FR","@id":"https:\/\/verdnatura.es\/fr\/#\/schema\/person\/image\/","url":"https:\/\/secure.gravatar.com\/avatar\/0fc78d2561267c2552d975ffb3caa3f66843cfc429af4865c9fc7e1a70773b1d?s=96&d=mm&r=g","contentUrl":"https:\/\/secure.gravatar.com\/avatar\/0fc78d2561267c2552d975ffb3caa3f66843cfc429af4865c9fc7e1a70773b1d?s=96&d=mm&r=g","caption":"Robert Ghidersa"},"url":"https:\/\/verdnatura.es\/fr\/author\/robert\/"}]}},"_links":{"self":[{"href":"https:\/\/verdnatura.es\/fr\/wp-json\/wp\/v2\/posts\/37015","targetHints":{"allow":["GET"]}}],"collection":[{"href":"https:\/\/verdnatura.es\/fr\/wp-json\/wp\/v2\/posts"}],"about":[{"href":"https:\/\/verdnatura.es\/fr\/wp-json\/wp\/v2\/types\/post"}],"author":[{"embeddable":true,"href":"https:\/\/verdnatura.es\/fr\/wp-json\/wp\/v2\/users\/7"}],"replies":[{"embeddable":true,"href":"https:\/\/verdnatura.es\/fr\/wp-json\/wp\/v2\/comments?post=37015"}],"version-history":[{"count":9,"href":"https:\/\/verdnatura.es\/fr\/wp-json\/wp\/v2\/posts\/37015\/revisions"}],"predecessor-version":[{"id":37038,"href":"https:\/\/verdnatura.es\/fr\/wp-json\/wp\/v2\/posts\/37015\/revisions\/37038"}],"wp:featuredmedia":[{"embeddable":true,"href":"https:\/\/verdnatura.es\/fr\/wp-json\/wp\/v2\/media\/37008"}],"wp:attachment":[{"href":"https:\/\/verdnatura.es\/fr\/wp-json\/wp\/v2\/media?parent=37015"}],"wp:term":[{"taxonomy":"category","embeddable":true,"href":"https:\/\/verdnatura.es\/fr\/wp-json\/wp\/v2\/categories?post=37015"},{"taxonomy":"post_tag","embeddable":true,"href":"https:\/\/verdnatura.es\/fr\/wp-json\/wp\/v2\/tags?post=37015"}],"curies":[{"name":"wp","href":"https:\/\/api.w.org\/{rel}","templated":true}]}}