{"id":38028,"date":"2025-10-24T07:43:01","date_gmt":"2025-10-24T05:43:01","guid":{"rendered":"https:\/\/verdnatura.es\/?p=38028"},"modified":"2025-10-24T07:43:01","modified_gmt":"2025-10-24T05:43:01","slug":"stephanie-rigaud-floral-designer-de-talent","status":"publish","type":"post","link":"https:\/\/verdnatura.es\/fr\/stephanie-rigaud-floral-designer-de-talent\/","title":{"rendered":"St\u00e9phanie Rigaud &#8211; Floral designer de talent"},"content":{"rendered":"<div class=\"fusion-fullwidth fullwidth-box fusion-builder-row-1 fusion-flex-container has-pattern-background has-mask-background nonhundred-percent-fullwidth non-hundred-percent-height-scrolling\" style=\"--awb-border-radius-top-left:0px;--awb-border-radius-top-right:0px;--awb-border-radius-bottom-right:0px;--awb-border-radius-bottom-left:0px;--awb-flex-wrap:wrap;\" ><div class=\"fusion-builder-row fusion-row fusion-flex-align-items-flex-start fusion-flex-justify-content-center fusion-flex-content-wrap\" style=\"max-width:1352px;margin-left: calc(-4% \/ 2 );margin-right: calc(-4% \/ 2 );\"><div class=\"fusion-layout-column fusion_builder_column fusion-builder-column-0 fusion_builder_column_1_1 1_1 fusion-flex-column\" style=\"--awb-bg-size:cover;--awb-width-large:100%;--awb-margin-top-large:0px;--awb-spacing-right-large:1.92%;--awb-margin-bottom-large:0px;--awb-spacing-left-large:1.92%;--awb-width-medium:100%;--awb-order-medium:0;--awb-spacing-right-medium:1.92%;--awb-spacing-left-medium:1.92%;--awb-width-small:100%;--awb-order-small:0;--awb-spacing-right-small:1.92%;--awb-spacing-left-small:1.92%;\"><div class=\"fusion-column-wrapper fusion-column-has-shadow fusion-flex-justify-content-flex-start fusion-content-layout-column\"><div class=\"fusion-separator fusion-full-width-sep\" style=\"align-self: center;margin-left: auto;margin-right: auto;margin-top:20px;margin-bottom:30px;width:100%;\"><div class=\"fusion-separator-border sep-single sep-solid\" style=\"--awb-height:20px;--awb-amount:20px;--awb-sep-color:var(--awb-color5);border-color:var(--awb-color5);border-top-width:3px;\"><\/div><\/div><div class=\"fusion-text fusion-text-1\"><p style=\"text-align: center;\">Le go\u00fbt du d\u00e9passement et de l\u2019audace<br \/>\nFinaliste de la coupe de France des Fleuristes 2025<\/p>\n<\/div><div class=\"fusion-text fusion-text-2\"><p>Sc\u00e9nographe florale, passionn\u00e9e par l\u2019art de transformer l\u2019espace par le v\u00e9g\u00e9tal, St\u00e9phanie con\u00e7oit des univers o\u00f9 chaque fleur devient un \u00e9l\u00e9ment de narration.<\/p>\n<\/div><\/div><\/div><div class=\"fusion-layout-column fusion_builder_column fusion-builder-column-1 fusion_builder_column_1_1 1_1 fusion-flex-column\" style=\"--awb-padding-top:36px;--awb-padding-right:25px;--awb-padding-bottom:36px;--awb-padding-left:25px;--awb-overflow:hidden;--awb-bg-color:var(--awb-color3);--awb-bg-color-hover:var(--awb-color3);--awb-bg-size:cover;--awb-border-radius:10px 10px 10px 10px;--awb-width-large:100%;--awb-margin-top-large:0px;--awb-spacing-right-large:1.92%;--awb-margin-bottom-large:0px;--awb-spacing-left-large:1.92%;--awb-width-medium:100%;--awb-order-medium:0;--awb-spacing-right-medium:1.92%;--awb-spacing-left-medium:1.92%;--awb-width-small:100%;--awb-order-small:0;--awb-spacing-right-small:1.92%;--awb-spacing-left-small:1.92%;\"><div class=\"fusion-column-wrapper fusion-column-has-shadow fusion-flex-justify-content-flex-start fusion-content-layout-column\"><div class=\"awb-toc-el awb-toc-el--1\" data-awb-toc-id=\"1\" data-awb-toc-options=\"{&quot;allowed_heading_tags&quot;:{&quot;h2&quot;:0},&quot;ignore_headings&quot;:&quot;&quot;,&quot;ignore_headings_words&quot;:&quot;&quot;,&quot;enable_cache&quot;:&quot;yes&quot;,&quot;highlight_current_heading&quot;:&quot;no&quot;,&quot;hide_hidden_titles&quot;:&quot;yes&quot;,&quot;limit_container&quot;:&quot;all&quot;,&quot;select_custom_headings&quot;:&quot;&quot;,&quot;icon&quot;:&quot;fa-angle-right fas&quot;,&quot;counter_type&quot;:&quot;custom_icon&quot;}\" style=\"--awb-item-text-transform:capitalize;--awb-item-color:var(--awb-color6);\"><div class=\"awb-toc-el__content\"><\/div><\/div><\/div><\/div><div class=\"fusion-layout-column fusion_builder_column fusion-builder-column-2 fusion_builder_column_1_1 1_1 fusion-flex-column\" style=\"--awb-bg-size:cover;--awb-width-large:100%;--awb-margin-top-large:0px;--awb-spacing-right-large:1.92%;--awb-margin-bottom-large:0px;--awb-spacing-left-large:1.92%;--awb-width-medium:100%;--awb-order-medium:0;--awb-spacing-right-medium:1.92%;--awb-spacing-left-medium:1.92%;--awb-width-small:100%;--awb-order-small:0;--awb-spacing-right-small:1.92%;--awb-spacing-left-small:1.92%;\"><div class=\"fusion-column-wrapper fusion-column-has-shadow fusion-flex-justify-content-flex-start fusion-content-layout-column\"><div class=\"fusion-separator fusion-full-width-sep\" style=\"align-self: center;margin-left: auto;margin-right: auto;margin-top:20px;margin-bottom:20px;width:100%;\"><div class=\"fusion-separator-border sep-single sep-solid\" style=\"--awb-height:20px;--awb-amount:20px;--awb-sep-color:var(--awb-color5);border-color:var(--awb-color5);border-top-width:3px;\"><\/div><\/div><div class=\"fusion-text fusion-text-3\"><h2 id=\"le-gout-du-defi\">Le Go\u00fbt du D\u00e9passement et de l\u2019Audace<\/h2>\n<\/div><div class=\"awb-gallery-wrapper awb-gallery-wrapper-1 button-span-no\" style=\"--more-btn-alignment:center;margin-top:20px;margin-bottom:20px;\" data-limit=\"2\" data-page=\"1\"><div style=\"margin:-2px;--awb-aspect-ratio:2 \/ 3;--awb-bordersize:0px;--awb-border-radius:7px;--awb-columns-medium:100%;--awb-columns-small:50%;\" class=\"fusion-gallery fusion-gallery-container fusion-grid-2 fusion-columns-total-4 fusion-gallery-layout-grid fusion-gallery-1 has-aspect-ratio\"><div style=\"padding:2.5px;\" class=\"fusion-grid-column fusion-gallery-column fusion-gallery-column-2 hover-type-none\"><div class=\"fusion-gallery-image\"><a href=\"https:\/\/verdnatura.es\/wp-content\/uploads\/2025\/10\/couronne-fleurs-blanches-statues-decoratives-interieur.webp\" rel=\"noreferrer\" data-rel=\"iLightbox[gallery_image_1]\" class=\"fusion-lightbox\" target=\"_self\"><img decoding=\"async\" src=\"https:\/\/verdnatura.es\/wp-content\/uploads\/2025\/10\/couronne-fleurs-blanches-statues-decoratives-interieur.webp\" width=\"800\" height=\"965\" alt=\"\" title=\"couronne-fleurs-blanches-statues-decoratives-interieur\" aria-label=\"couronne-fleurs-blanches-statues-decoratives-interieur\" class=\"img-responsive wp-image-38153 fusion-gallery-image-size-fixed\" srcset=\"https:\/\/verdnatura.es\/wp-content\/uploads\/2025\/10\/couronne-fleurs-blanches-statues-decoratives-interieur-200x241.webp 200w, https:\/\/verdnatura.es\/wp-content\/uploads\/2025\/10\/couronne-fleurs-blanches-statues-decoratives-interieur-400x483.webp 400w, https:\/\/verdnatura.es\/wp-content\/uploads\/2025\/10\/couronne-fleurs-blanches-statues-decoratives-interieur-600x724.webp 600w, https:\/\/verdnatura.es\/wp-content\/uploads\/2025\/10\/couronne-fleurs-blanches-statues-decoratives-interieur.webp 800w\" sizes=\"(min-width: 2200px) 100vw, (min-width: 712px) 649px, (min-width: 640px) 712px, \" \/><\/a><\/div><\/div><div style=\"padding:2.5px;\" class=\"fusion-grid-column fusion-gallery-column fusion-gallery-column-2 hover-type-none\"><div class=\"fusion-gallery-image\"><a href=\"https:\/\/verdnatura.es\/wp-content\/uploads\/2025\/10\/stephanie-rigaud-artisan-fleuriste-creation-florale-concours.webp\" rel=\"noreferrer\" data-rel=\"iLightbox[gallery_image_1]\" class=\"fusion-lightbox\" target=\"_self\"><img decoding=\"async\" src=\"https:\/\/verdnatura.es\/wp-content\/uploads\/2025\/10\/stephanie-rigaud-artisan-fleuriste-creation-florale-concours.webp\" width=\"800\" height=\"1067\" alt=\"\" title=\"stephanie-rigaud-artisan-fleuriste-creation-florale-concours\" aria-label=\"stephanie-rigaud-artisan-fleuriste-creation-florale-concours\" class=\"img-responsive wp-image-38139 fusion-gallery-image-size-fixed\" srcset=\"https:\/\/verdnatura.es\/wp-content\/uploads\/2025\/10\/stephanie-rigaud-artisan-fleuriste-creation-florale-concours-200x267.webp 200w, https:\/\/verdnatura.es\/wp-content\/uploads\/2025\/10\/stephanie-rigaud-artisan-fleuriste-creation-florale-concours-400x534.webp 400w, https:\/\/verdnatura.es\/wp-content\/uploads\/2025\/10\/stephanie-rigaud-artisan-fleuriste-creation-florale-concours-600x800.webp 600w, https:\/\/verdnatura.es\/wp-content\/uploads\/2025\/10\/stephanie-rigaud-artisan-fleuriste-creation-florale-concours.webp 800w\" sizes=\"(min-width: 2200px) 100vw, (min-width: 712px) 649px, (min-width: 640px) 712px, \" \/><\/a><\/div><\/div><div class=\"clearfix\"><\/div><div style=\"padding:2.5px;\" class=\"fusion-grid-column fusion-gallery-column fusion-gallery-column-2 hover-type-none awb-gallery-item-hidden\"><div class=\"fusion-gallery-image\"><a href=\"https:\/\/verdnatura.es\/wp-content\/uploads\/2025\/10\/composition-florale-artistique-fleurs-exotiques-fond-orange.webp\" rel=\"noreferrer\" data-rel=\"iLightbox[gallery_image_1]\" class=\"fusion-lightbox\" target=\"_self\"><img decoding=\"async\" src=\"https:\/\/verdnatura.es\/wp-content\/uploads\/2025\/10\/composition-florale-artistique-fleurs-exotiques-fond-orange.webp\" width=\"800\" height=\"937\" alt=\"\" title=\"composition-florale-artistique-fleurs-exotiques-fond-orange\" aria-label=\"composition-florale-artistique-fleurs-exotiques-fond-orange\" class=\"img-responsive wp-image-38132 fusion-gallery-image-size-fixed\" srcset=\"https:\/\/verdnatura.es\/wp-content\/uploads\/2025\/10\/composition-florale-artistique-fleurs-exotiques-fond-orange-200x234.webp 200w, https:\/\/verdnatura.es\/wp-content\/uploads\/2025\/10\/composition-florale-artistique-fleurs-exotiques-fond-orange-400x469.webp 400w, https:\/\/verdnatura.es\/wp-content\/uploads\/2025\/10\/composition-florale-artistique-fleurs-exotiques-fond-orange-600x703.webp 600w, https:\/\/verdnatura.es\/wp-content\/uploads\/2025\/10\/composition-florale-artistique-fleurs-exotiques-fond-orange.webp 800w\" sizes=\"(min-width: 2200px) 100vw, (min-width: 712px) 649px, (min-width: 640px) 712px, \" \/><\/a><\/div><\/div><div style=\"padding:2.5px;\" class=\"fusion-grid-column fusion-gallery-column fusion-gallery-column-2 hover-type-none awb-gallery-item-hidden\"><div class=\"fusion-gallery-image\"><a href=\"https:\/\/verdnatura.es\/wp-content\/uploads\/2025\/10\/personne-tenant-grande-feuille-tropicale-fleuriste-boutique.webp\" rel=\"noreferrer\" data-rel=\"iLightbox[gallery_image_1]\" class=\"fusion-lightbox\" target=\"_self\"><img decoding=\"async\" src=\"https:\/\/verdnatura.es\/wp-content\/uploads\/2025\/10\/personne-tenant-grande-feuille-tropicale-fleuriste-boutique.webp\" width=\"800\" height=\"947\" alt=\"\" title=\"personne-tenant-grande-feuille-tropicale-fleuriste-boutique\" aria-label=\"personne-tenant-grande-feuille-tropicale-fleuriste-boutique\" class=\"img-responsive wp-image-38160 fusion-gallery-image-size-fixed\" srcset=\"https:\/\/verdnatura.es\/wp-content\/uploads\/2025\/10\/personne-tenant-grande-feuille-tropicale-fleuriste-boutique-200x237.webp 200w, https:\/\/verdnatura.es\/wp-content\/uploads\/2025\/10\/personne-tenant-grande-feuille-tropicale-fleuriste-boutique-400x474.webp 400w, https:\/\/verdnatura.es\/wp-content\/uploads\/2025\/10\/personne-tenant-grande-feuille-tropicale-fleuriste-boutique-600x710.webp 600w, https:\/\/verdnatura.es\/wp-content\/uploads\/2025\/10\/personne-tenant-grande-feuille-tropicale-fleuriste-boutique.webp 800w\" sizes=\"(min-width: 2200px) 100vw, (min-width: 712px) 649px, (min-width: 640px) 712px, \" \/><\/a><\/div><\/div><div class=\"clearfix\"><\/div><\/div><div class=\"fusion-loading-container fusion-clearfix awb-gallery-posts-loading-container\">\n\t\t\t\t<div class=\"fusion-loading-spinner\">\n\t\t\t\t\t<div class=\"fusion-spinner-1\"><\/div>\n\t\t\t\t\t<div class=\"fusion-spinner-2\"><\/div>\n\t\t\t\t\t<div class=\"fusion-spinner-3\"><\/div>\n\t\t\t\t<\/div><div class=\"fusion-loading-msg\"><em>Loading the next set of gallery items...<\/em><\/div><\/div><div class=\"awb-gallery-buttons\"><a href=\"#\" class=\"fusion-button button-flat button-default fusion-button-default-size awb-gallery-load-more-btn\">Load More<\/a><\/div><\/div><div class=\"fusion-text fusion-text-4\"><p>Heureuse et fi\u00e8re de faire partie de la famille des artisans, de travailler de ses mains, elle aime relever les d\u00e9fis !<\/p>\n<\/div><div class=\"fusion-text fusion-text-5\"><p>En effet, elle adore mettre \u00e0 l\u2019\u00e9preuve son esprit cr\u00e9atif. \u201cSe battre contre soi-m\u00eame\u201d, lui apporte une dose d\u2019adr\u00e9naline qui lui permet de repousser ses limites cr\u00e9atives et de c\u00e9l\u00e9brer l\u2019art floral. Car participer \u00e0 un concours, c\u2019est de toute \u00e9vidence, accepter de transformer la pression en \u00e9nergie cr\u00e9ative, de dominer sa vuln\u00e9rabilit\u00e9 et de livrer sa d\u00e9claration d\u2019artiste.<\/p>\n<\/div><div class=\"fusion-separator fusion-full-width-sep\" style=\"align-self: center;margin-left: auto;margin-right: auto;margin-top:20px;margin-bottom:20px;width:100%;\"><div class=\"fusion-separator-border sep-single sep-solid\" style=\"--awb-height:20px;--awb-amount:20px;--awb-sep-color:var(--awb-color5);border-color:var(--awb-color5);border-top-width:3px;\"><\/div><\/div><div class=\"fusion-text fusion-text-6\"><h2 id=\"un-talent-recompense\">Un Talent R\u00e9compens\u00e9 par la Profession<\/h2>\n<\/div><div class=\"fusion-text fusion-text-7\"><p>Apr\u00e8s avoir \u00e9t\u00e9 consacr\u00e9e en 2024 le meilleur sc\u00e9nographe de France, elle s\u2019est lanc\u00e9e en octobre 2025 dans l\u2019aventure exigeante de la 53\u00e8me \u00e9dition de la coupe de France des Fleuristes, organis\u00e9e par La F\u00e9d\u00e9ration Fran\u00e7aise des Artisans Fleuristes \u2013 F.F.A.F. pour y gagner haut la main le 5\u00e8me poste !<\/p>\n<\/div><div class=\"fusion-text fusion-text-8\"><p>C\u2019est ainsi que dans le cadre de la 7e \u00e9dition ayant pour th\u00e8me \u201c Quand Fleurir est un Art\u201c qui s\u2019est tenue au Domaine de Chaumont sur Loire, dans le Loir et Cher, les 4 et 5 octobre derniers, St\u00e9phanie, figurant parmi les 8 finalistes a mis en lumi\u00e8re son savoir-faire et pr\u00e9senter au grand public des cr\u00e9ations florales in\u00e9dites de haute qualit\u00e9.<\/p>\n<\/div><div class=\"fusion-text fusion-text-9\"><p>Au sein de ce royaume de l\u2019art v\u00e9g\u00e9tal et floral, elle a su convaincre un jury \u00e0 travers cinq \u00e9preuves r\u00e9parties durant trois journ\u00e9es. Cette reconnaissance de ses pairs des m\u00e9tiers d\u2019art et de la cr\u00e9ation confirme son parcours d\u2019excellence. Un talent donc reconnu encore une fois par la profession qui loue son expertise en art floral, sa technique et sa rigueur.<\/p>\n<\/div><div class=\"fusion-separator fusion-full-width-sep\" style=\"align-self: center;margin-left: auto;margin-right: auto;margin-top:20px;margin-bottom:20px;width:100%;\"><div class=\"fusion-separator-border sep-single sep-solid\" style=\"--awb-height:20px;--awb-amount:20px;--awb-sep-color:var(--awb-color5);border-color:var(--awb-color5);border-top-width:3px;\"><\/div><\/div><div class=\"fusion-text fusion-text-10\"><h2 id=\"une-vie-dediee-aux-fleurs\">Une Vie D\u00e9di\u00e9e aux Fleurs<\/h2>\n<\/div><div class=\"fusion-text fusion-text-11\"><p>Fille de fleuriste et fleuriste depuis 30 ans, elle est \u00e0 la t\u00eate de deux boutiques: Maison Rigaud \u00e0 Salon de Provence et Le Garden \u00e0 Avignon. Chaque victoire lui rappelle \u00f4 combien, elle a eu raison de suivre sa voie et son instinct.<\/p>\n<\/div><div class=\"fusion-text fusion-text-12\"><p>Cette satisfaction personnelle accompagne sa joie et sa curiosit\u00e9 de conna\u00eetre d\u2019autres fleuristes. Car les \u00e9changes font partie de ce milieu passionnant et constitu\u00e9 de passionn\u00e9s. L\u2019art n&rsquo;est-il pas toujours propice aux belles rencontres, \u00e0 ceux qui savent regarder\u2026?<\/p>\n<\/div><div class=\"fusion-separator fusion-full-width-sep\" style=\"align-self: center;margin-left: auto;margin-right: auto;margin-top:20px;margin-bottom:20px;width:100%;\"><div class=\"fusion-separator-border sep-single sep-solid\" style=\"--awb-height:20px;--awb-amount:20px;--awb-sep-color:var(--awb-color5);border-color:var(--awb-color5);border-top-width:3px;\"><\/div><\/div><div class=\"fusion-text fusion-text-13\"><h2 id=\"une-inspiration\">Une Source d&rsquo;Inspiration<\/h2>\n<\/div><div class=\"fusion-text fusion-text-14\"><p>Du haut de sa cinquantaine, elle n&rsquo;arr\u00eate pas d\u2019oser et de vivre sa passion \u00e0 fond !<\/p>\n<\/div><div class=\"fusion-text fusion-text-15\"><p>Sans aucun doute, un exemple pour les jeunes g\u00e9n\u00e9rations ! Non pas pour se comparer mais pour prendre leur place parmi ceux qui croient comme elle, que le v\u00e9g\u00e9tal est une magnifique et g\u00e9n\u00e9reuse mati\u00e8re de sc\u00e8ne, de souffle et de v\u00e9rit\u00e9. Tout simplement pour clamer haut et fort: \u201cVoici ma voix, voici ma vision\u2026et je voulais les partager avec vous\u201d.<\/p>\n<\/div><\/div><\/div><\/div><\/div>\n","protected":false},"excerpt":{"rendered":"","protected":false},"author":7,"featured_media":38146,"comment_status":"open","ping_status":"open","sticky":false,"template":"","format":"standard","meta":{"_acf_changed":false,"footnotes":""},"categories":[70],"tags":[],"class_list":["post-38028","post","type-post","status-publish","format-standard","has-post-thumbnail","hentry","category-non-classifie"],"acf":[],"yoast_head":"<!-- This site is optimized with the Yoast SEO plugin v27.1.1 - https:\/\/yoast.com\/product\/yoast-seo-wordpress\/ -->\n<title>St\u00e9phanie Rigaud - Floral designer de talent - Verdnatura<\/title>\n<meta name=\"robots\" content=\"index, follow, max-snippet:-1, max-image-preview:large, max-video-preview:-1\" \/>\n<link rel=\"canonical\" href=\"https:\/\/verdnatura.es\/fr\/stephanie-rigaud-floral-designer-de-talent\/\" \/>\n<meta property=\"og:locale\" content=\"fr_FR\" \/>\n<meta property=\"og:type\" content=\"article\" \/>\n<meta property=\"og:title\" content=\"St\u00e9phanie Rigaud - Floral designer de talent - Verdnatura\" \/>\n<meta property=\"og:url\" content=\"https:\/\/verdnatura.es\/fr\/stephanie-rigaud-floral-designer-de-talent\/\" \/>\n<meta property=\"og:site_name\" content=\"Verdnatura\" \/>\n<meta property=\"article:publisher\" content=\"http:\/\/www.facebook.com\/verdnatura\" \/>\n<meta property=\"article:published_time\" content=\"2025-10-24T05:43:01+00:00\" \/>\n<meta property=\"og:image\" content=\"https:\/\/verdnatura.es\/wp-content\/uploads\/2025\/10\/facade-fleuriste-maison-rigaud-decoration-roses-rouges-avion-rouge.webp\" \/>\n\t<meta property=\"og:image:width\" content=\"2000\" \/>\n\t<meta property=\"og:image:height\" content=\"1125\" \/>\n\t<meta property=\"og:image:type\" content=\"image\/webp\" \/>\n<meta name=\"author\" content=\"Robert Ghidersa\" \/>\n<meta name=\"twitter:card\" content=\"summary_large_image\" \/>\n<meta name=\"twitter:label1\" content=\"\u00c9crit par\" \/>\n\t<meta name=\"twitter:data1\" content=\"Robert Ghidersa\" \/>\n\t<meta name=\"twitter:label2\" content=\"Dur\u00e9e de lecture estim\u00e9e\" \/>\n\t<meta name=\"twitter:data2\" content=\"9 minutes\" \/>\n<script type=\"application\/ld+json\" class=\"yoast-schema-graph\">{\"@context\":\"https:\/\/schema.org\",\"@graph\":[{\"@type\":\"Article\",\"@id\":\"https:\/\/verdnatura.es\/fr\/stephanie-rigaud-floral-designer-de-talent\/#article\",\"isPartOf\":{\"@id\":\"https:\/\/verdnatura.es\/fr\/stephanie-rigaud-floral-designer-de-talent\/\"},\"author\":{\"name\":\"Robert Ghidersa\",\"@id\":\"https:\/\/verdnatura.es\/fr\/#\/schema\/person\/a0727ce6de383f0c7f29fe22f6e9b424\"},\"headline\":\"St\u00e9phanie Rigaud &#8211; Floral designer de talent\",\"datePublished\":\"2025-10-24T05:43:01+00:00\",\"mainEntityOfPage\":{\"@id\":\"https:\/\/verdnatura.es\/fr\/stephanie-rigaud-floral-designer-de-talent\/\"},\"wordCount\":1747,\"commentCount\":0,\"publisher\":{\"@id\":\"https:\/\/verdnatura.es\/fr\/#organization\"},\"image\":{\"@id\":\"https:\/\/verdnatura.es\/fr\/stephanie-rigaud-floral-designer-de-talent\/#primaryimage\"},\"thumbnailUrl\":\"https:\/\/verdnatura.es\/wp-content\/uploads\/2025\/10\/facade-fleuriste-maison-rigaud-decoration-roses-rouges-avion-rouge.webp\",\"articleSection\":[\"Non classifi\u00e9\"],\"inLanguage\":\"fr-FR\",\"potentialAction\":[{\"@type\":\"CommentAction\",\"name\":\"Comment\",\"target\":[\"https:\/\/verdnatura.es\/fr\/stephanie-rigaud-floral-designer-de-talent\/#respond\"]}]},{\"@type\":\"WebPage\",\"@id\":\"https:\/\/verdnatura.es\/fr\/stephanie-rigaud-floral-designer-de-talent\/\",\"url\":\"https:\/\/verdnatura.es\/fr\/stephanie-rigaud-floral-designer-de-talent\/\",\"name\":\"St\u00e9phanie Rigaud - Floral designer de talent - Verdnatura\",\"isPartOf\":{\"@id\":\"https:\/\/verdnatura.es\/fr\/#website\"},\"primaryImageOfPage\":{\"@id\":\"https:\/\/verdnatura.es\/fr\/stephanie-rigaud-floral-designer-de-talent\/#primaryimage\"},\"image\":{\"@id\":\"https:\/\/verdnatura.es\/fr\/stephanie-rigaud-floral-designer-de-talent\/#primaryimage\"},\"thumbnailUrl\":\"https:\/\/verdnatura.es\/wp-content\/uploads\/2025\/10\/facade-fleuriste-maison-rigaud-decoration-roses-rouges-avion-rouge.webp\",\"datePublished\":\"2025-10-24T05:43:01+00:00\",\"breadcrumb\":{\"@id\":\"https:\/\/verdnatura.es\/fr\/stephanie-rigaud-floral-designer-de-talent\/#breadcrumb\"},\"inLanguage\":\"fr-FR\",\"potentialAction\":[{\"@type\":\"ReadAction\",\"target\":[\"https:\/\/verdnatura.es\/fr\/stephanie-rigaud-floral-designer-de-talent\/\"]}]},{\"@type\":\"ImageObject\",\"inLanguage\":\"fr-FR\",\"@id\":\"https:\/\/verdnatura.es\/fr\/stephanie-rigaud-floral-designer-de-talent\/#primaryimage\",\"url\":\"https:\/\/verdnatura.es\/wp-content\/uploads\/2025\/10\/facade-fleuriste-maison-rigaud-decoration-roses-rouges-avion-rouge.webp\",\"contentUrl\":\"https:\/\/verdnatura.es\/wp-content\/uploads\/2025\/10\/facade-fleuriste-maison-rigaud-decoration-roses-rouges-avion-rouge.webp\",\"width\":2000,\"height\":1125},{\"@type\":\"BreadcrumbList\",\"@id\":\"https:\/\/verdnatura.es\/fr\/stephanie-rigaud-floral-designer-de-talent\/#breadcrumb\",\"itemListElement\":[{\"@type\":\"ListItem\",\"position\":1,\"name\":\"Portada\",\"item\":\"https:\/\/verdnatura.es\/fr\/\"},{\"@type\":\"ListItem\",\"position\":2,\"name\":\"St\u00e9phanie Rigaud &#8211; Floral designer de talent\"}]},{\"@type\":\"WebSite\",\"@id\":\"https:\/\/verdnatura.es\/fr\/#website\",\"url\":\"https:\/\/verdnatura.es\/fr\/\",\"name\":\"Verdnatura\",\"description\":\"Mayorista de flores y plantas\",\"publisher\":{\"@id\":\"https:\/\/verdnatura.es\/fr\/#organization\"},\"potentialAction\":[{\"@type\":\"SearchAction\",\"target\":{\"@type\":\"EntryPoint\",\"urlTemplate\":\"https:\/\/verdnatura.es\/fr\/?s={search_term_string}\"},\"query-input\":{\"@type\":\"PropertyValueSpecification\",\"valueRequired\":true,\"valueName\":\"search_term_string\"}}],\"inLanguage\":\"fr-FR\"},{\"@type\":\"Organization\",\"@id\":\"https:\/\/verdnatura.es\/fr\/#organization\",\"name\":\"Verdnatura Levante SL\",\"url\":\"https:\/\/verdnatura.es\/fr\/\",\"logo\":{\"@type\":\"ImageObject\",\"inLanguage\":\"fr-FR\",\"@id\":\"https:\/\/verdnatura.es\/fr\/#\/schema\/logo\/image\/\",\"url\":\"https:\/\/verdnatura.es\/wp-content\/uploads\/2023\/12\/Marca-sin-fondo.png\",\"contentUrl\":\"https:\/\/verdnatura.es\/wp-content\/uploads\/2023\/12\/Marca-sin-fondo.png\",\"width\":1000,\"height\":630,\"caption\":\"Verdnatura Levante SL\"},\"image\":{\"@id\":\"https:\/\/verdnatura.es\/fr\/#\/schema\/logo\/image\/\"},\"sameAs\":[\"http:\/\/www.facebook.com\/verdnatura\",\"https:\/\/www.instagram.com\/verdnatura\",\"https:\/\/www.linkedin.com\/company\/verdnatura\"]},{\"@type\":\"Person\",\"@id\":\"https:\/\/verdnatura.es\/fr\/#\/schema\/person\/a0727ce6de383f0c7f29fe22f6e9b424\",\"name\":\"Robert Ghidersa\",\"image\":{\"@type\":\"ImageObject\",\"inLanguage\":\"fr-FR\",\"@id\":\"https:\/\/verdnatura.es\/fr\/#\/schema\/person\/image\/\",\"url\":\"https:\/\/secure.gravatar.com\/avatar\/0fc78d2561267c2552d975ffb3caa3f66843cfc429af4865c9fc7e1a70773b1d?s=96&d=mm&r=g\",\"contentUrl\":\"https:\/\/secure.gravatar.com\/avatar\/0fc78d2561267c2552d975ffb3caa3f66843cfc429af4865c9fc7e1a70773b1d?s=96&d=mm&r=g\",\"caption\":\"Robert Ghidersa\"},\"url\":\"https:\/\/verdnatura.es\/fr\/author\/robert\/\"}]}<\/script>\n<!-- \/ Yoast SEO plugin. -->","yoast_head_json":{"title":"St\u00e9phanie Rigaud - Floral designer de talent - Verdnatura","robots":{"index":"index","follow":"follow","max-snippet":"max-snippet:-1","max-image-preview":"max-image-preview:large","max-video-preview":"max-video-preview:-1"},"canonical":"https:\/\/verdnatura.es\/fr\/stephanie-rigaud-floral-designer-de-talent\/","og_locale":"fr_FR","og_type":"article","og_title":"St\u00e9phanie Rigaud - Floral designer de talent - Verdnatura","og_url":"https:\/\/verdnatura.es\/fr\/stephanie-rigaud-floral-designer-de-talent\/","og_site_name":"Verdnatura","article_publisher":"http:\/\/www.facebook.com\/verdnatura","article_published_time":"2025-10-24T05:43:01+00:00","og_image":[{"width":2000,"height":1125,"url":"https:\/\/verdnatura.es\/wp-content\/uploads\/2025\/10\/facade-fleuriste-maison-rigaud-decoration-roses-rouges-avion-rouge.webp","type":"image\/webp"}],"author":"Robert Ghidersa","twitter_card":"summary_large_image","twitter_misc":{"\u00c9crit par":"Robert Ghidersa","Dur\u00e9e de lecture estim\u00e9e":"9 minutes"},"schema":{"@context":"https:\/\/schema.org","@graph":[{"@type":"Article","@id":"https:\/\/verdnatura.es\/fr\/stephanie-rigaud-floral-designer-de-talent\/#article","isPartOf":{"@id":"https:\/\/verdnatura.es\/fr\/stephanie-rigaud-floral-designer-de-talent\/"},"author":{"name":"Robert Ghidersa","@id":"https:\/\/verdnatura.es\/fr\/#\/schema\/person\/a0727ce6de383f0c7f29fe22f6e9b424"},"headline":"St\u00e9phanie Rigaud &#8211; Floral designer de talent","datePublished":"2025-10-24T05:43:01+00:00","mainEntityOfPage":{"@id":"https:\/\/verdnatura.es\/fr\/stephanie-rigaud-floral-designer-de-talent\/"},"wordCount":1747,"commentCount":0,"publisher":{"@id":"https:\/\/verdnatura.es\/fr\/#organization"},"image":{"@id":"https:\/\/verdnatura.es\/fr\/stephanie-rigaud-floral-designer-de-talent\/#primaryimage"},"thumbnailUrl":"https:\/\/verdnatura.es\/wp-content\/uploads\/2025\/10\/facade-fleuriste-maison-rigaud-decoration-roses-rouges-avion-rouge.webp","articleSection":["Non classifi\u00e9"],"inLanguage":"fr-FR","potentialAction":[{"@type":"CommentAction","name":"Comment","target":["https:\/\/verdnatura.es\/fr\/stephanie-rigaud-floral-designer-de-talent\/#respond"]}]},{"@type":"WebPage","@id":"https:\/\/verdnatura.es\/fr\/stephanie-rigaud-floral-designer-de-talent\/","url":"https:\/\/verdnatura.es\/fr\/stephanie-rigaud-floral-designer-de-talent\/","name":"St\u00e9phanie Rigaud - Floral designer de talent - Verdnatura","isPartOf":{"@id":"https:\/\/verdnatura.es\/fr\/#website"},"primaryImageOfPage":{"@id":"https:\/\/verdnatura.es\/fr\/stephanie-rigaud-floral-designer-de-talent\/#primaryimage"},"image":{"@id":"https:\/\/verdnatura.es\/fr\/stephanie-rigaud-floral-designer-de-talent\/#primaryimage"},"thumbnailUrl":"https:\/\/verdnatura.es\/wp-content\/uploads\/2025\/10\/facade-fleuriste-maison-rigaud-decoration-roses-rouges-avion-rouge.webp","datePublished":"2025-10-24T05:43:01+00:00","breadcrumb":{"@id":"https:\/\/verdnatura.es\/fr\/stephanie-rigaud-floral-designer-de-talent\/#breadcrumb"},"inLanguage":"fr-FR","potentialAction":[{"@type":"ReadAction","target":["https:\/\/verdnatura.es\/fr\/stephanie-rigaud-floral-designer-de-talent\/"]}]},{"@type":"ImageObject","inLanguage":"fr-FR","@id":"https:\/\/verdnatura.es\/fr\/stephanie-rigaud-floral-designer-de-talent\/#primaryimage","url":"https:\/\/verdnatura.es\/wp-content\/uploads\/2025\/10\/facade-fleuriste-maison-rigaud-decoration-roses-rouges-avion-rouge.webp","contentUrl":"https:\/\/verdnatura.es\/wp-content\/uploads\/2025\/10\/facade-fleuriste-maison-rigaud-decoration-roses-rouges-avion-rouge.webp","width":2000,"height":1125},{"@type":"BreadcrumbList","@id":"https:\/\/verdnatura.es\/fr\/stephanie-rigaud-floral-designer-de-talent\/#breadcrumb","itemListElement":[{"@type":"ListItem","position":1,"name":"Portada","item":"https:\/\/verdnatura.es\/fr\/"},{"@type":"ListItem","position":2,"name":"St\u00e9phanie Rigaud &#8211; Floral designer de talent"}]},{"@type":"WebSite","@id":"https:\/\/verdnatura.es\/fr\/#website","url":"https:\/\/verdnatura.es\/fr\/","name":"Verdnatura","description":"Mayorista de flores y plantas","publisher":{"@id":"https:\/\/verdnatura.es\/fr\/#organization"},"potentialAction":[{"@type":"SearchAction","target":{"@type":"EntryPoint","urlTemplate":"https:\/\/verdnatura.es\/fr\/?s={search_term_string}"},"query-input":{"@type":"PropertyValueSpecification","valueRequired":true,"valueName":"search_term_string"}}],"inLanguage":"fr-FR"},{"@type":"Organization","@id":"https:\/\/verdnatura.es\/fr\/#organization","name":"Verdnatura Levante SL","url":"https:\/\/verdnatura.es\/fr\/","logo":{"@type":"ImageObject","inLanguage":"fr-FR","@id":"https:\/\/verdnatura.es\/fr\/#\/schema\/logo\/image\/","url":"https:\/\/verdnatura.es\/wp-content\/uploads\/2023\/12\/Marca-sin-fondo.png","contentUrl":"https:\/\/verdnatura.es\/wp-content\/uploads\/2023\/12\/Marca-sin-fondo.png","width":1000,"height":630,"caption":"Verdnatura Levante SL"},"image":{"@id":"https:\/\/verdnatura.es\/fr\/#\/schema\/logo\/image\/"},"sameAs":["http:\/\/www.facebook.com\/verdnatura","https:\/\/www.instagram.com\/verdnatura","https:\/\/www.linkedin.com\/company\/verdnatura"]},{"@type":"Person","@id":"https:\/\/verdnatura.es\/fr\/#\/schema\/person\/a0727ce6de383f0c7f29fe22f6e9b424","name":"Robert Ghidersa","image":{"@type":"ImageObject","inLanguage":"fr-FR","@id":"https:\/\/verdnatura.es\/fr\/#\/schema\/person\/image\/","url":"https:\/\/secure.gravatar.com\/avatar\/0fc78d2561267c2552d975ffb3caa3f66843cfc429af4865c9fc7e1a70773b1d?s=96&d=mm&r=g","contentUrl":"https:\/\/secure.gravatar.com\/avatar\/0fc78d2561267c2552d975ffb3caa3f66843cfc429af4865c9fc7e1a70773b1d?s=96&d=mm&r=g","caption":"Robert Ghidersa"},"url":"https:\/\/verdnatura.es\/fr\/author\/robert\/"}]}},"_links":{"self":[{"href":"https:\/\/verdnatura.es\/fr\/wp-json\/wp\/v2\/posts\/38028","targetHints":{"allow":["GET"]}}],"collection":[{"href":"https:\/\/verdnatura.es\/fr\/wp-json\/wp\/v2\/posts"}],"about":[{"href":"https:\/\/verdnatura.es\/fr\/wp-json\/wp\/v2\/types\/post"}],"author":[{"embeddable":true,"href":"https:\/\/verdnatura.es\/fr\/wp-json\/wp\/v2\/users\/7"}],"replies":[{"embeddable":true,"href":"https:\/\/verdnatura.es\/fr\/wp-json\/wp\/v2\/comments?post=38028"}],"version-history":[{"count":5,"href":"https:\/\/verdnatura.es\/fr\/wp-json\/wp\/v2\/posts\/38028\/revisions"}],"predecessor-version":[{"id":38170,"href":"https:\/\/verdnatura.es\/fr\/wp-json\/wp\/v2\/posts\/38028\/revisions\/38170"}],"wp:featuredmedia":[{"embeddable":true,"href":"https:\/\/verdnatura.es\/fr\/wp-json\/wp\/v2\/media\/38146"}],"wp:attachment":[{"href":"https:\/\/verdnatura.es\/fr\/wp-json\/wp\/v2\/media?parent=38028"}],"wp:term":[{"taxonomy":"category","embeddable":true,"href":"https:\/\/verdnatura.es\/fr\/wp-json\/wp\/v2\/categories?post=38028"},{"taxonomy":"post_tag","embeddable":true,"href":"https:\/\/verdnatura.es\/fr\/wp-json\/wp\/v2\/tags?post=38028"}],"curies":[{"name":"wp","href":"https:\/\/api.w.org\/{rel}","templated":true}]}}