{"id":43368,"date":"2026-08-27T11:55:45","date_gmt":"2026-08-27T09:55:45","guid":{"rendered":"https:\/\/verdnatura.es\/como-preparar-nueva-temporada-floristeria\/"},"modified":"2026-08-27T12:36:28","modified_gmt":"2026-08-27T10:36:28","slug":"comment-preparer-nouvelle-saison-boutique-florale","status":"publish","type":"post","link":"https:\/\/verdnatura.es\/fr\/comment-preparer-nouvelle-saison-boutique-florale\/","title":{"rendered":"Comment pr\u00e9parer la nouvelle saison de votre boutique florale apr\u00e8s l&rsquo;\u00e9t\u00e9"},"content":{"rendered":"<p><div class=\"fusion-fullwidth fullwidth-box fusion-builder-row-1 fusion-flex-container has-pattern-background has-mask-background nonhundred-percent-fullwidth non-hundred-percent-height-scrolling\" style=\"--awb-border-radius-top-left:0px;--awb-border-radius-top-right:0px;--awb-border-radius-bottom-right:0px;--awb-border-radius-bottom-left:0px;--awb-flex-wrap:wrap;\" ><div class=\"fusion-builder-row fusion-row fusion-flex-align-items-flex-start fusion-flex-justify-content-center fusion-flex-content-wrap\" style=\"max-width:1352px;margin-left: calc(-4% \/ 2 );margin-right: calc(-4% \/ 2 );\"><div class=\"fusion-layout-column fusion_builder_column fusion-builder-column-0 fusion_builder_column_1_1 1_1 fusion-flex-column\" style=\"--awb-bg-size:cover;--awb-width-large:100%;--awb-margin-top-large:0px;--awb-spacing-right-large:1.92%;--awb-margin-bottom-large:0px;--awb-spacing-left-large:1.92%;--awb-width-medium:100%;--awb-order-medium:0;--awb-spacing-right-medium:1.92%;--awb-spacing-left-medium:1.92%;--awb-width-small:100%;--awb-order-small:0;--awb-spacing-right-small:1.92%;--awb-spacing-left-small:1.92%;\"><div class=\"fusion-column-wrapper fusion-column-has-shadow fusion-flex-justify-content-flex-start fusion-content-layout-column\"><div class=\"fusion-separator fusion-full-width-sep\" style=\"align-self: center;margin-left: auto;margin-right: auto;margin-top:20px;margin-bottom:30px;width:100%;\"><div class=\"fusion-separator-border sep-single sep-solid\" style=\"--awb-height:20px;--awb-amount:20px;--awb-sep-color:var(--awb-color5);border-color:var(--awb-color5);border-top-width:3px;\"><\/div><\/div><div class=\"fusion-text fusion-text-1\"><p><strong>Septembre rime avec renouveau.<\/strong><\/p>\n<p data-path-to-node=\"5\">Rouvrir les portes. Repenser la vitrine. Accueillir de nouveaux projets, \u00e9v\u00e9nements et commandes. Et, pour de nombreuses boutiques florales, r\u00e9approvisionner l&rsquo;espace de vente apr\u00e8s la pause estivale.<\/p>\n<p data-path-to-node=\"6\">Avant de passer la premi\u00e8re commande de la saison, une question strat\u00e9gique s&rsquo;impose :<\/p>\n<\/div><div class=\"fusion-text fusion-text-2\"><p><strong>De quoi votre activit\u00e9 aura-t-elle r\u00e9ellement besoin au cours des prochains mois ?<\/strong><\/p>\n<p data-path-to-node=\"10\">S&rsquo;il est impossible de pr\u00e9dire chaque d\u00e9tail de la saison \u00e0 venir, l&rsquo;analyse de vos donn\u00e9es d&rsquo;achats pass\u00e9es permet de limiter l&rsquo;improvisation et d&rsquo;optimiser chaque d\u00e9cision d&rsquo;approvisionnement.<\/p>\n<\/div><\/div><\/div><div class=\"fusion-layout-column fusion_builder_column fusion-builder-column-1 fusion_builder_column_1_1 1_1 fusion-flex-column\" style=\"--awb-bg-size:cover;--awb-width-large:100%;--awb-margin-top-large:0px;--awb-spacing-right-large:1.92%;--awb-margin-bottom-large:0px;--awb-spacing-left-large:1.92%;--awb-width-medium:100%;--awb-order-medium:0;--awb-spacing-right-medium:1.92%;--awb-spacing-left-medium:1.92%;--awb-width-small:100%;--awb-order-small:0;--awb-spacing-right-small:1.92%;--awb-spacing-left-small:1.92%;\"><div class=\"fusion-column-wrapper fusion-column-has-shadow fusion-flex-justify-content-flex-start fusion-content-layout-column\"><div class=\"fusion-separator fusion-full-width-sep\" style=\"align-self: center;margin-left: auto;margin-right: auto;margin-top:20px;margin-bottom:20px;width:100%;\"><div class=\"fusion-separator-border sep-single sep-solid\" style=\"--awb-height:20px;--awb-amount:20px;--awb-sep-color:var(--awb-color5);border-color:var(--awb-color5);border-top-width:3px;\"><\/div><\/div><div class=\"fusion-text fusion-text-3\"><h2 id=\"que-busca-el-cliente-cuando-entra-en-verano\">1. Commencez par analyser vos historiques d&rsquo;achat<\/h2>\n<\/div><div class=\"fusion-text fusion-text-4\"><p data-path-to-node=\"12\">Avant d&rsquo;estimer vos besoins futurs, examinez le d\u00e9roulement de la saison pr\u00e9c\u00e9dente. Vos historiques de commande constituent une source pr\u00e9cieuse d&rsquo;enseignements.<\/p>\n<p data-path-to-node=\"13\">Posez-vous les questions suivantes :<\/p>\n<ul data-path-to-node=\"14\">\n<li>\n<p data-path-to-node=\"14,0,0\">Quelles r\u00e9f\u00e9rences avez-vous command\u00e9es le plus fr\u00e9quemment ?<\/p>\n<\/li>\n<li>\n<p data-path-to-node=\"14,1,0\">\u00c0 quel rythme avez-vous pass\u00e9 vos commandes ?<\/p>\n<\/li>\n<li>\n<p data-path-to-node=\"14,2,0\">Quels volumes ont \u00e9t\u00e9 n\u00e9cessaires au quotidien ?<\/p>\n<\/li>\n<li>\n<p data-path-to-node=\"14,3,0\">Durant quels mois votre consommation a-t-elle atteint son pic ?<\/p>\n<\/li>\n<li>\n<p data-path-to-node=\"14,4,0\">Quels achats sont rest\u00e9s purement ponctuels ?<\/p>\n<\/li>\n<li>\n<p data-path-to-node=\"14,5,0\">\u00c0 quels moments avez-vous d\u00fb g\u00e9rer des r\u00e9assorts en urgence ?<\/p>\n<\/li>\n<li>\n<p data-path-to-node=\"14,6,0\">Certaines vari\u00e9t\u00e9s ont-elles g\u00e9n\u00e9r\u00e9 des invendus ou un taux de rotation trop faible ?<\/p>\n<\/li>\n<\/ul>\n<p data-path-to-node=\"15\">Il ne s&rsquo;agit pas de reproduire \u00e0 l&rsquo;identique les achats de l&rsquo;an pass\u00e9, mais d&rsquo;<b data-path-to-node=\"15\" data-index-in-node=\"78\">identifier des tendances<\/b>.<\/p>\n<p data-path-to-node=\"16\">Une vari\u00e9t\u00e9 r\u00e9currente dans vos paniers fait partie int\u00e9grante de votre socle d&rsquo;activit\u00e9. Des hausses cibl\u00e9es sur certaines familles botaniques r\u00e9v\u00e8lent une saisonnalit\u00e9 marqu\u00e9e. Vos donn\u00e9es historiques offrent une base solide pour ne plus planifier vos achats \u00e0 l&rsquo;aveugle.<\/p>\n<\/div><div class=\"fusion-separator fusion-full-width-sep\" style=\"align-self: center;margin-left: auto;margin-right: auto;margin-top:20px;margin-bottom:20px;width:100%;\"><div class=\"fusion-separator-border sep-single sep-solid\" style=\"--awb-height:20px;--awb-amount:20px;--awb-sep-color:var(--awb-color5);border-color:var(--awb-color5);border-top-width:3px;\"><\/div><\/div><div class=\"fusion-text fusion-text-5\"><h2 id=\"flor-cortada-que-vale-la-pena-tener-en-surtido\">2. S\u00e9parez le r\u00e9current de l&rsquo;exceptionnel<\/h2>\n<\/div><div class=\"fusion-image-element\" style=\"text-align:center;--awb-margin-top:20px;--awb-margin-bottom:20px;--awb-caption-title-font-family:var(--h2_typography-font-family);--awb-caption-title-font-weight:var(--h2_typography-font-weight);--awb-caption-title-font-style:var(--h2_typography-font-style);--awb-caption-title-size:var(--h2_typography-font-size);--awb-caption-title-transform:var(--h2_typography-text-transform);--awb-caption-title-line-height:var(--h2_typography-line-height);--awb-caption-title-letter-spacing:var(--h2_typography-letter-spacing);\"><span class=\" fusion-imageframe imageframe-none imageframe-1 hover-type-none\" style=\"border-radius:7px;\"><img decoding=\"async\" width=\"2752\" height=\"1536\" alt=\"Surtido de flor cortada de verano con girasoles, lisianthus y alstroemerias\" title=\"Gemini_Generated_Image_o8chd8o8chd8o8ch\" src=\"https:\/\/verdnatura.es\/wp-content\/uploads\/2026\/08\/Gemini_Generated_Image_o8chd8o8chd8o8ch.jpg\" data-orig-src=\"https:\/\/verdnatura.es\/wp-content\/uploads\/2026\/08\/Gemini_Generated_Image_o8chd8o8chd8o8ch.jpg\" class=\"lazyload img-responsive wp-image-43362\" srcset=\"data:image\/svg+xml,%3Csvg%20xmlns%3D%27http%3A%2F%2Fwww.w3.org%2F2000%2Fsvg%27%20width%3D%272752%27%20height%3D%271536%27%20viewBox%3D%270%200%202752%201536%27%3E%3Crect%20width%3D%272752%27%20height%3D%271536%27%20fill-opacity%3D%220%22%2F%3E%3C%2Fsvg%3E\" data-srcset=\"https:\/\/verdnatura.es\/wp-content\/uploads\/2026\/08\/Gemini_Generated_Image_o8chd8o8chd8o8ch-200x112.jpg 200w, https:\/\/verdnatura.es\/wp-content\/uploads\/2026\/08\/Gemini_Generated_Image_o8chd8o8chd8o8ch-400x223.jpg 400w, https:\/\/verdnatura.es\/wp-content\/uploads\/2026\/08\/Gemini_Generated_Image_o8chd8o8chd8o8ch-600x335.jpg 600w, https:\/\/verdnatura.es\/wp-content\/uploads\/2026\/08\/Gemini_Generated_Image_o8chd8o8chd8o8ch-800x447.jpg 800w, https:\/\/verdnatura.es\/wp-content\/uploads\/2026\/08\/Gemini_Generated_Image_o8chd8o8chd8o8ch-1200x670.jpg 1200w, https:\/\/verdnatura.es\/wp-content\/uploads\/2026\/08\/Gemini_Generated_Image_o8chd8o8chd8o8ch.jpg 2752w\" data-sizes=\"auto\" data-orig-sizes=\"(max-width: 1024px) 100vw, (max-width: 640px) 100vw, 2752px\" \/><\/span><\/div><div class=\"fusion-text fusion-text-6\"><p data-path-to-node=\"19\">Tous les achats n&rsquo;ont pas la m\u00eame vocation. Structurer vos besoins en trois cat\u00e9gories distinctes facilite grandement la gestion de vos stocks :<\/p>\n<ul data-path-to-node=\"20\">\n<li>\n<p data-path-to-node=\"20,0,0\"><b data-path-to-node=\"20,0,0\" data-index-in-node=\"0\">Produits r\u00e9currents :<\/b> Les incontournables indispensables au quotidien, n\u00e9cessitant un r\u00e9assort r\u00e9gulier (feuillages de base, roses standard, fleurs de remplissage).<\/p>\n<\/li>\n<li>\n<p data-path-to-node=\"20,1,0\"><b data-path-to-node=\"20,1,0\" data-index-in-node=\"0\">Produits saisonniers :<\/b> Les vari\u00e9t\u00e9s associ\u00e9es \u00e0 des temps forts ou des campagnes sp\u00e9cifiques (Toussaint, f\u00eates de fin d&rsquo;ann\u00e9e, Saint-Valentin, f\u00eate des M\u00e8res).<\/p>\n<\/li>\n<li>\n<p data-path-to-node=\"20,2,0\"><b data-path-to-node=\"20,2,0\" data-index-in-node=\"0\">Besoins exceptionnels :<\/b> Mariages, sc\u00e9nographies d&rsquo;\u00e9v\u00e9nements, projets d&rsquo;entreprise ou commandes sur mesure qui modifient temporairement votre volume habituel.<\/p>\n<\/li>\n<\/ul>\n<p data-path-to-node=\"21\">Cette segmentation clarifie ce qui rel\u00e8ve de l&rsquo;approvisionnement planifiable et ce qui d\u00e9pend des projets entrants. Cette distinction est cruciale dans la gestion d&rsquo;un produit p\u00e9rissable.<\/p>\n<\/div><div class=\"fusion-separator fusion-full-width-sep\" style=\"align-self: center;margin-left: auto;margin-right: auto;margin-top:20px;margin-bottom:20px;width:100%;\"><div class=\"fusion-separator-border sep-single sep-solid\" style=\"--awb-height:20px;--awb-amount:20px;--awb-sep-color:var(--awb-color5);border-color:var(--awb-color5);border-top-width:3px;\"><\/div><\/div><div class=\"fusion-text fusion-text-7\"><h2 id=\"plantas-de-verano-una-linea-de-venta-que-no-hay-que-subestimar\">3. Acheter plus ne signifie pas acheter mieux<\/h2>\n<\/div><div class=\"fusion-text fusion-text-8\"><p data-path-to-node=\"26\">Dans d&rsquo;autres secteurs, le surstockage sert de marge de s\u00e9curit\u00e9. Avec la fleur coup\u00e9e, l&rsquo;approche est diff\u00e9rente.<\/p>\n<p data-path-to-node=\"27\">La dur\u00e9e de vie en vase \u00e9tant limit\u00e9e, accumuler trop de marchandise augmente m\u00e9caniquement les pertes et la d\u00e9marque.<\/p>\n<p data-path-to-node=\"28\">L&rsquo;objectif est d&rsquo;atteindre le juste \u00e9quilibre entre <b data-path-to-node=\"28\" data-index-in-node=\"52\">disponibilit\u00e9 et rotation<\/b> :<\/p>\n<ul data-path-to-node=\"29\">\n<li>\n<p data-path-to-node=\"29,0,0\">Conna\u00eetre votre rythme de vente hebdomadaire permet de programmer des r\u00e9assorts r\u00e9guliers et adapt\u00e9s aux besoins r\u00e9els de la boutique.<\/p>\n<\/li>\n<li>\n<p data-path-to-node=\"29,1,0\">Conna\u00eetre la consommation moyenne d&rsquo;une vari\u00e9t\u00e9 donn\u00e9e est bien plus rentable que de surcommander par crainte de manquer de stock.<\/p>\n<\/li>\n<\/ul>\n<p data-path-to-node=\"30\">L&rsquo;enjeu n&rsquo;est pas d&rsquo;encombrer la chambre froide, mais de disposer de la fleur id\u00e9ale au moment opportun tout en r\u00e9duisant le gaspillage.<\/p>\n<\/div><div class=\"fusion-separator fusion-full-width-sep\" style=\"align-self: center;margin-left: auto;margin-right: auto;margin-top:20px;margin-bottom:20px;width:100%;\"><div class=\"fusion-separator-border sep-single sep-solid\" style=\"--awb-height:20px;--awb-amount:20px;--awb-sep-color:var(--awb-color5);border-color:var(--awb-color5);border-top-width:3px;\"><\/div><\/div><div class=\"fusion-text fusion-text-9\"><h2 id=\"como-presentar-el-producto-en-tienda\">4. Marquez d\u00e8s maintenant les dates cl\u00e9s de votre calendrier<\/h2>\n<\/div><div class=\"fusion-image-element\" style=\"text-align:center;--awb-margin-top:20px;--awb-margin-bottom:20px;--awb-caption-title-font-family:var(--h2_typography-font-family);--awb-caption-title-font-weight:var(--h2_typography-font-weight);--awb-caption-title-font-style:var(--h2_typography-font-style);--awb-caption-title-size:var(--h2_typography-font-size);--awb-caption-title-transform:var(--h2_typography-text-transform);--awb-caption-title-line-height:var(--h2_typography-line-height);--awb-caption-title-letter-spacing:var(--h2_typography-letter-spacing);\"><span class=\" fusion-imageframe imageframe-none imageframe-2 hover-type-none\" style=\"border-radius:7px;\"><img decoding=\"async\" width=\"2752\" height=\"1536\" alt=\"Ramos preparados y plantas de verano presentados en una florister\u00eda\" title=\"Gemini_Generated_Image_bqpnbzbqpnbzbqpn\" src=\"https:\/\/verdnatura.es\/wp-content\/uploads\/2026\/08\/Gemini_Generated_Image_bqpnbzbqpnbzbqpn.jpg\" data-orig-src=\"https:\/\/verdnatura.es\/wp-content\/uploads\/2026\/08\/Gemini_Generated_Image_bqpnbzbqpnbzbqpn.jpg\" class=\"lazyload img-responsive wp-image-43339\" srcset=\"data:image\/svg+xml,%3Csvg%20xmlns%3D%27http%3A%2F%2Fwww.w3.org%2F2000%2Fsvg%27%20width%3D%272752%27%20height%3D%271536%27%20viewBox%3D%270%200%202752%201536%27%3E%3Crect%20width%3D%272752%27%20height%3D%271536%27%20fill-opacity%3D%220%22%2F%3E%3C%2Fsvg%3E\" data-srcset=\"https:\/\/verdnatura.es\/wp-content\/uploads\/2026\/08\/Gemini_Generated_Image_bqpnbzbqpnbzbqpn-200x112.jpg 200w, https:\/\/verdnatura.es\/wp-content\/uploads\/2026\/08\/Gemini_Generated_Image_bqpnbzbqpnbzbqpn-400x223.jpg 400w, https:\/\/verdnatura.es\/wp-content\/uploads\/2026\/08\/Gemini_Generated_Image_bqpnbzbqpnbzbqpn-600x335.jpg 600w, https:\/\/verdnatura.es\/wp-content\/uploads\/2026\/08\/Gemini_Generated_Image_bqpnbzbqpnbzbqpn-800x447.jpg 800w, https:\/\/verdnatura.es\/wp-content\/uploads\/2026\/08\/Gemini_Generated_Image_bqpnbzbqpnbzbqpn-1200x670.jpg 1200w, https:\/\/verdnatura.es\/wp-content\/uploads\/2026\/08\/Gemini_Generated_Image_bqpnbzbqpnbzbqpn.jpg 2752w\" data-sizes=\"auto\" data-orig-sizes=\"(max-width: 1024px) 100vw, (max-width: 640px) 100vw, 2752px\" \/><\/span><\/div><div class=\"fusion-text fusion-text-10\"><p>Certaines demandes sont impr\u00e9visibles ; d&rsquo;autres sont parfaitement anticipables.<\/p>\n<p data-path-to-node=\"34\">Grandes campagnes commerciales, saison des mariages, jours f\u00e9ri\u00e9s et pics saisonniers sont connus des mois \u00e0 l&rsquo;avance. Sans calculer au millim\u00e8tre pr\u00e8s vos volumes pour novembre d\u00e8s aujourd&rsquo;hui, vous pouvez d\u00e9j\u00e0 d\u00e9terminer les semaines strat\u00e9giques de votre chiffre d&rsquo;affaires.<\/p>\n<p data-path-to-node=\"35\">\u00c9tablissez un r\u00e9troplanning et identifiez :<\/p>\n<ul data-path-to-node=\"36\">\n<li>\n<p data-path-to-node=\"36,0,0\">Les temps forts du secteur (Toussaint, No\u00ebl, Saint-Valentin, f\u00eate des M\u00e8res).<\/p>\n<\/li>\n<li>\n<p data-path-to-node=\"36,1,0\">Les jours f\u00e9ri\u00e9s et week-ends prolong\u00e9s.<\/p>\n<\/li>\n<li>\n<p data-path-to-node=\"36,2,0\">Les mariages et r\u00e9ceptions d\u00e9j\u00e0 r\u00e9serv\u00e9s.<\/p>\n<\/li>\n<li>\n<p data-path-to-node=\"36,3,0\">Les contrats d&rsquo;abonnements ou projets de d\u00e9coration r\u00e9currents.<\/p>\n<\/li>\n<li>\n<p data-path-to-node=\"36,4,0\">Les semaines de forte affluence historique.<\/p>\n<\/li>\n<\/ul>\n<p data-path-to-node=\"37\">Planifier ne supprime pas les impr\u00e9vus ; cela vous donne la flexibilit\u00e9 op\u00e9rationnelle pour y r\u00e9pondre sereinement.<\/p>\n<\/div><div class=\"fusion-separator fusion-full-width-sep\" style=\"align-self: center;margin-left: auto;margin-right: auto;margin-top:20px;margin-bottom:20px;width:100%;\"><div class=\"fusion-separator-border sep-single sep-solid\" style=\"--awb-height:20px;--awb-amount:20px;--awb-sep-color:var(--awb-color5);border-color:var(--awb-color5);border-top-width:3px;\"><\/div><\/div><div class=\"fusion-text fusion-text-11\"><h2 id=\"cuidado-del-producto-con-el-calor\">5. \u00c9changez avec votre fournisseur avant l&rsquo;urgence<\/h2>\n<\/div><div class=\"fusion-text fusion-text-12\"><p data-path-to-node=\"42\">La relation entre un fleuriste et son grossiste ne devrait pas d\u00e9buter chaque semaine par une simple d\u00e9marche r\u00e9active : <i data-path-to-node=\"42\" data-index-in-node=\"121\">\u00ab Que proposez-vous aujourd&rsquo;hui ? \u00bb<\/i><\/p>\n<p data-path-to-node=\"43\">Un \u00e9change plus constructif consiste \u00e0 formaliser : <i data-path-to-node=\"43\" data-index-in-node=\"52\">\u00ab Voici nos pr\u00e9visions de besoins pour les prochains mois. \u00bb<\/i><\/p>\n<p data-path-to-node=\"44\">Partager vos temps forts, vos vari\u00e9t\u00e9s de pr\u00e9dilection et vos pr\u00e9-r\u00e9servations de campagne permet \u00e0 votre distributeur d&rsquo;adapter sa logistique, de garantir les disponibilit\u00e9s et de vous assurer les meilleurs prix.<\/p>\n<p data-path-to-node=\"45\">Septembre est le moment opportun pour faire le point sur vos process : canaux de commande, cr\u00e9neaux de livraison, fr\u00e9quences de passage et conditions commerciales. Un point en amont \u00e9vite les tensions de derni\u00e8re minute.<\/p>\n<\/div><div class=\"fusion-separator fusion-full-width-sep\" style=\"align-self: center;margin-left: auto;margin-right: auto;margin-top:20px;margin-bottom:20px;width:100%;\"><div class=\"fusion-separator-border sep-single sep-solid\" style=\"--awb-height:20px;--awb-amount:20px;--awb-sep-color:var(--awb-color5);border-color:var(--awb-color5);border-top-width:3px;\"><\/div><\/div><div class=\"fusion-text fusion-text-13\"><h2 id=\"errores-habituales-en-la-campana-de-verano\">6. Exploitez vos donn\u00e9es pour piloter vos achats<\/h2>\n<\/div><div class=\"fusion-image-element\" style=\"text-align:center;--awb-margin-top:20px;--awb-margin-bottom:20px;--awb-caption-title-font-family:var(--h2_typography-font-family);--awb-caption-title-font-weight:var(--h2_typography-font-weight);--awb-caption-title-font-style:var(--h2_typography-font-style);--awb-caption-title-size:var(--h2_typography-font-size);--awb-caption-title-transform:var(--h2_typography-text-transform);--awb-caption-title-line-height:var(--h2_typography-line-height);--awb-caption-title-letter-spacing:var(--h2_typography-letter-spacing);\"><span class=\" fusion-imageframe imageframe-none imageframe-3 hover-type-none\" style=\"border-radius:7px;\"><img decoding=\"async\" width=\"2752\" height=\"1536\" alt=\"Ramos preparados y plantas de verano presentados en una florister\u00eda\" title=\"Gemini_Generated_Image_unwhpaunwhpaunwh\" src=\"https:\/\/verdnatura.es\/wp-content\/uploads\/2026\/08\/Gemini_Generated_Image_unwhpaunwhpaunwh.jpg\" data-orig-src=\"https:\/\/verdnatura.es\/wp-content\/uploads\/2026\/08\/Gemini_Generated_Image_unwhpaunwhpaunwh.jpg\" class=\"lazyload img-responsive wp-image-43347\" srcset=\"data:image\/svg+xml,%3Csvg%20xmlns%3D%27http%3A%2F%2Fwww.w3.org%2F2000%2Fsvg%27%20width%3D%272752%27%20height%3D%271536%27%20viewBox%3D%270%200%202752%201536%27%3E%3Crect%20width%3D%272752%27%20height%3D%271536%27%20fill-opacity%3D%220%22%2F%3E%3C%2Fsvg%3E\" data-srcset=\"https:\/\/verdnatura.es\/wp-content\/uploads\/2026\/08\/Gemini_Generated_Image_unwhpaunwhpaunwh-200x112.jpg 200w, https:\/\/verdnatura.es\/wp-content\/uploads\/2026\/08\/Gemini_Generated_Image_unwhpaunwhpaunwh-400x223.jpg 400w, https:\/\/verdnatura.es\/wp-content\/uploads\/2026\/08\/Gemini_Generated_Image_unwhpaunwhpaunwh-600x335.jpg 600w, https:\/\/verdnatura.es\/wp-content\/uploads\/2026\/08\/Gemini_Generated_Image_unwhpaunwhpaunwh-800x447.jpg 800w, https:\/\/verdnatura.es\/wp-content\/uploads\/2026\/08\/Gemini_Generated_Image_unwhpaunwhpaunwh-1200x670.jpg 1200w, https:\/\/verdnatura.es\/wp-content\/uploads\/2026\/08\/Gemini_Generated_Image_unwhpaunwhpaunwh.jpg 2752w\" data-sizes=\"auto\" data-orig-sizes=\"(max-width: 1024px) 100vw, (max-width: 640px) 100vw, 2752px\" \/><\/span><\/div><div class=\"fusion-text fusion-text-14\"><p data-path-to-node=\"48\">En tant que client Verdnatura, vous b\u00e9n\u00e9ficiez d&rsquo;un atout concret : l&rsquo;acc\u00e8s \u00e0 l&rsquo;historique de vos commandes pour un accompagnement personnalis\u00e9.<\/p>\n<p data-path-to-node=\"49\">Votre conseiller commercial d\u00e9di\u00e9 peut analyser ces donn\u00e9es \u00e0 vos c\u00f4t\u00e9s :<\/p>\n<ul data-path-to-node=\"50\">\n<li>\n<p data-path-to-node=\"50,0,0\">Vos vari\u00e9t\u00e9s et feuillages les plus command\u00e9s.<\/p>\n<\/li>\n<li>\n<p data-path-to-node=\"50,1,0\">La fr\u00e9quence optimale de livraison pour limiter vos pertes.<\/p>\n<\/li>\n<li>\n<p data-path-to-node=\"50,2,0\">Les volumes consomm\u00e9s lors des campagnes pr\u00e9c\u00e9dentes.<\/p>\n<\/li>\n<li>\n<p data-path-to-node=\"50,3,0\">Les cr\u00e9neaux recommand\u00e9s pour vos r\u00e9servations saisonni\u00e8res.<\/p>\n<\/li>\n<\/ul>\n<p data-path-to-node=\"51\">Il ne s&rsquo;agit pas de vous imposer un assortiment, mais de mettre \u00e0 votre service des donn\u00e9es concr\u00e8tes afin de vous donner une parfaite visibilit\u00e9 sur vos approvisionnements.<\/p>\n<\/div><div class=\"fusion-separator fusion-full-width-sep\" style=\"align-self: center;margin-left: auto;margin-right: auto;margin-top:20px;margin-bottom:20px;width:100%;\"><div class=\"fusion-separator-border sep-single sep-solid\" style=\"--awb-height:20px;--awb-amount:20px;--awb-sep-color:var(--awb-color5);border-color:var(--awb-color5);border-top-width:3px;\"><\/div><\/div><div class=\"fusion-text fusion-text-15\"><h2 id=\"errores-habituales-en-la-campana-de-verano\">Moins d&rsquo;improvisation commence par plus d&rsquo;informations<\/h2>\n<\/div><div class=\"fusion-text fusion-text-16\"><p data-path-to-node=\"56\">L&rsquo;art floral s&rsquo;accompagne d&rsquo;al\u00e9as permanents : m\u00e9t\u00e9o, fluctuations du march\u00e9, demandes de derni\u00e8re minute et travail d&rsquo;une mati\u00e8re vivante p\u00e9rissable.<\/p>\n<p data-path-to-node=\"57\">Une bonne organisation n&rsquo;efface pas les incertitudes, mais elle vous conf\u00e8re la r\u00e9activit\u00e9 et la rentabilit\u00e9 n\u00e9cessaires pour y faire face.<\/p>\n<p data-path-to-node=\"58\">Avant de penser uniquement \u00e0 votre prochaine commande hebdomadaire, prenez le temps de structurer votre saison.<\/p>\n<ul data-path-to-node=\"59\">\n<li>\n<p data-path-to-node=\"59,0,0\"><b data-path-to-node=\"59,0,0\" data-index-in-node=\"0\">Vous travaillez d\u00e9j\u00e0 avec Verdnatura :<\/b> Contactez votre conseiller commercial pour analyser ensemble votre historique et pr\u00e9parer votre saison dans les meilleures conditions.<\/p>\n<\/li>\n<li>\n<p data-path-to-node=\"59,1,0\"><b data-path-to-node=\"59,1,0\" data-index-in-node=\"0\">Vous n&rsquo;\u00eates pas encore client :<\/b> \u00c9changez avec notre \u00e9quipe pour d\u00e9couvrir comment notre r\u00e9seau de distribution B2B et nos conseils personnalis\u00e9s peuvent accompagner votre d\u00e9veloppement.<\/p>\n<\/li>\n<\/ul>\n<\/div><div class=\"fusion-text fusion-text-17\" style=\"--awb-margin-top:20px;\"><h3 data-path-to-node=\"63\">Nouvelle saison. Plus d&rsquo;informations. Moins d&rsquo;improvisation.<\/h3>\n<\/div><\/div><\/div><\/div><\/div><div class=\"fusion-fullwidth fullwidth-box fusion-builder-row-2 fusion-flex-container nonhundred-percent-fullwidth non-hundred-percent-height-scrolling\" style=\"--awb-background-position:left top;--awb-border-sizes-top:0px;--awb-border-sizes-bottom:0px;--awb-border-sizes-left:0px;--awb-border-sizes-right:0px;--awb-border-radius-top-left:0px;--awb-border-radius-top-right:0px;--awb-border-radius-bottom-right:0px;--awb-border-radius-bottom-left:0px;--awb-padding-top:7%;--awb-padding-bottom:7%;--awb-flex-wrap:wrap;\" ><div class=\"fusion-builder-row fusion-row fusion-flex-align-items-center fusion-flex-content-wrap\" style=\"max-width:1352px;margin-left: calc(-4% \/ 2 );margin-right: calc(-4% \/ 2 );\"><div class=\"fusion-layout-column fusion_builder_column fusion-builder-column-2 fusion_builder_column_1_2 1_2 fusion-flex-column fusion-flex-align-self-center\" style=\"--awb-padding-top:0px;--awb-padding-left:0px;--awb-bg-blend:overlay;--awb-bg-size:cover;--awb-width-large:50%;--awb-margin-top-large:0px;--awb-spacing-right-large:3.84%;--awb-margin-bottom-large:0px;--awb-spacing-left-large:3.84%;--awb-width-medium:50%;--awb-spacing-right-medium:3.84%;--awb-spacing-left-medium:3.84%;--awb-width-small:100%;--awb-spacing-right-small:1.92%;--awb-spacing-left-small:1.92%;\"><div class=\"fusion-column-wrapper fusion-flex-justify-content-center fusion-content-layout-column\"><div class=\"fusion-image-element\" style=\"text-align:center;--awb-caption-title-font-family:var(--h2_typography-font-family);--awb-caption-title-font-weight:var(--h2_typography-font-weight);--awb-caption-title-font-style:var(--h2_typography-font-style);--awb-caption-title-size:var(--h2_typography-font-size);--awb-caption-title-transform:var(--h2_typography-text-transform);--awb-caption-title-line-height:var(--h2_typography-line-height);--awb-caption-title-letter-spacing:var(--h2_typography-letter-spacing);\"><span class=\" fusion-imageframe imageframe-none imageframe-4 hover-type-none\" style=\"border-radius:7px;\"><img decoding=\"async\" width=\"1935\" height=\"1080\" title=\"orquideas-blancas-mayorista-flores-a\" src=\"https:\/\/verdnatura.es\/wp-content\/uploads\/2025\/05\/orquideas-blancas-mayorista-flores-a.webp\" data-orig-src=\"https:\/\/verdnatura.es\/wp-content\/uploads\/2025\/05\/orquideas-blancas-mayorista-flores-a.webp\" alt class=\"lazyload img-responsive wp-image-42823\" srcset=\"data:image\/svg+xml,%3Csvg%20xmlns%3D%27http%3A%2F%2Fwww.w3.org%2F2000%2Fsvg%27%20width%3D%271935%27%20height%3D%271080%27%20viewBox%3D%270%200%201935%201080%27%3E%3Crect%20width%3D%271935%27%20height%3D%271080%27%20fill-opacity%3D%220%22%2F%3E%3C%2Fsvg%3E\" data-srcset=\"https:\/\/verdnatura.es\/wp-content\/uploads\/2025\/05\/orquideas-blancas-mayorista-flores-a-200x112.webp 200w, https:\/\/verdnatura.es\/wp-content\/uploads\/2025\/05\/orquideas-blancas-mayorista-flores-a-400x223.webp 400w, https:\/\/verdnatura.es\/wp-content\/uploads\/2025\/05\/orquideas-blancas-mayorista-flores-a-600x335.webp 600w, https:\/\/verdnatura.es\/wp-content\/uploads\/2025\/05\/orquideas-blancas-mayorista-flores-a-800x447.webp 800w, https:\/\/verdnatura.es\/wp-content\/uploads\/2025\/05\/orquideas-blancas-mayorista-flores-a-1200x670.webp 1200w, https:\/\/verdnatura.es\/wp-content\/uploads\/2025\/05\/orquideas-blancas-mayorista-flores-a.webp 1935w\" data-sizes=\"auto\" data-orig-sizes=\"(max-width: 1024px) 100vw, (max-width: 640px) 100vw, 800px\" \/><\/span><\/div><\/div><\/div><div class=\"fusion-layout-column fusion_builder_column fusion-builder-column-3 fusion_builder_column_1_2 1_2 fusion-flex-column fusion-flex-align-self-center\" style=\"--awb-padding-top:0px;--awb-padding-right:0px;--awb-padding-left:0px;--awb-bg-blend:overlay;--awb-bg-size:cover;--awb-width-large:50%;--awb-margin-top-large:0px;--awb-spacing-right-large:3.84%;--awb-margin-bottom-large:0px;--awb-spacing-left-large:3.84%;--awb-width-medium:50%;--awb-spacing-right-medium:3.84%;--awb-spacing-left-medium:3.84%;--awb-width-small:100%;--awb-spacing-right-small:1.92%;--awb-spacing-left-small:1.92%;\"><div class=\"fusion-column-wrapper fusion-flex-justify-content-center fusion-content-layout-column\"><div class=\"fusion-title title fusion-title-1 fusion-sep-none fusion-title-text fusion-title-size-three\" style=\"--awb-text-color:var(--awb-color8);--awb-margin-top-small:20px;--awb-margin-right-small:0px;--awb-margin-bottom-small:20px;--awb-margin-left-small:0px;\"><h3 class=\"fusion-title-heading title-heading-left fusion-responsive-typography-calculated\" style=\"margin:0;--fontSize:28;line-height:1.2;\">Reg\u00edstrate hoy<\/h3><\/div><div class=\"fusion-text fusion-text-18\" style=\"--awb-text-color:#000000;\"><p>\u00bfTodav\u00eda no eres cliente Verdnatura? Si eres aut\u00f3nomo o empresa y trabajas con flores regularmente, date de alta ahora mismo y comienza a disfrutar de todo lo que tenemos para ofrecerte.<\/p>\n<\/div><div class=\"fusion-separator fusion-full-width-sep\" style=\"align-self: center;margin-left: auto;margin-right: auto;margin-top:20px;width:100%;\"><\/div><div ><a class=\"fusion-button button-flat fusion-button-default-size button-custom fusion-button-default button-1 fusion-button-default-span fusion-button-default-type\" style=\"--button_accent_color:#ffffff;--button_border_color:hsla(var(--awb-color8-h),var(--awb-color8-s),calc( var(--awb-color8-l) - 13% ),var(--awb-color8-a));--button_accent_hover_color:var(--awb-color1);--button_border_hover_color:var(--awb-color1);--button_gradient_top_color:var(--awb-color8);--button_gradient_bottom_color:var(--awb-color8);--button_gradient_top_color_hover:var(--awb-color5);--button_gradient_bottom_color_hover:var(--awb-color5);--button_text_transform:none;--button_typography-font-family:&quot;Poppins&quot;;--button_typography-font-style:normal;--button_typography-font-weight:500;\" target=\"_self\" href=\"https:\/\/go.verdnatura.es\/register-blog\"><span class=\"fusion-button-text awb-button__text awb-button__text--default\">Registrarme<\/span><\/a><\/div><\/div><\/div><\/div><\/div><\/p>\n","protected":false},"excerpt":{"rendered":"","protected":false},"author":3,"featured_media":43320,"comment_status":"open","ping_status":"open","sticky":false,"template":"","format":"standard","meta":{"_acf_changed":false,"footnotes":""},"categories":[70],"tags":[],"class_list":["post-43368","post","type-post","status-publish","format-standard","has-post-thumbnail","hentry","category-non-classifie"],"acf":[],"yoast_head":"<!-- This site is optimized with the Yoast SEO plugin v28.3 - https:\/\/yoast.com\/product\/yoast-seo-wordpress\/ -->\n<title>Comment pr\u00e9parer la nouvelle saison de votre boutique florale apr\u00e8s l&#039;\u00e9t\u00e9 - Verdnatura<\/title>\n<meta name=\"robots\" content=\"index, follow, max-snippet:-1, max-image-preview:large, max-video-preview:-1\" \/>\n<link rel=\"canonical\" href=\"https:\/\/verdnatura.es\/fr\/comment-preparer-nouvelle-saison-boutique-florale\/\" \/>\n<meta property=\"og:locale\" content=\"fr_FR\" \/>\n<meta property=\"og:type\" content=\"article\" \/>\n<meta property=\"og:title\" content=\"Comment pr\u00e9parer la nouvelle saison de votre boutique florale apr\u00e8s l&#039;\u00e9t\u00e9 - Verdnatura\" \/>\n<meta property=\"og:url\" content=\"https:\/\/verdnatura.es\/fr\/comment-preparer-nouvelle-saison-boutique-florale\/\" \/>\n<meta property=\"og:site_name\" content=\"Verdnatura\" \/>\n<meta property=\"article:publisher\" content=\"http:\/\/www.facebook.com\/verdnatura\" \/>\n<meta property=\"article:published_time\" content=\"2026-08-27T09:55:45+00:00\" \/>\n<meta property=\"article:modified_time\" content=\"2026-08-27T10:36:28+00:00\" \/>\n<meta property=\"og:image\" content=\"https:\/\/verdnatura.es\/wp-content\/uploads\/2026\/08\/Gemini_Generated_Image_whxuknwhxuknwhxu-1024x572.jpg\" \/>\n\t<meta property=\"og:image:width\" content=\"1024\" \/>\n\t<meta property=\"og:image:height\" content=\"572\" \/>\n\t<meta property=\"og:image:type\" content=\"image\/jpeg\" \/>\n<meta name=\"author\" content=\"Julia Peris\" \/>\n<meta name=\"twitter:card\" content=\"summary_large_image\" \/>\n<meta name=\"twitter:label1\" content=\"\u00c9crit par\" \/>\n\t<meta name=\"twitter:data1\" content=\"Julia Peris\" \/>\n\t<meta name=\"twitter:label2\" content=\"Dur\u00e9e de lecture estim\u00e9e\" \/>\n\t<meta name=\"twitter:data2\" content=\"6 minutes\" \/>\n<script type=\"application\/ld+json\" class=\"yoast-schema-graph\">{\"@context\":\"https:\\\/\\\/schema.org\",\"@graph\":[{\"@type\":\"Article\",\"@id\":\"https:\\\/\\\/verdnatura.es\\\/fr\\\/comment-preparer-nouvelle-saison-boutique-florale\\\/#article\",\"isPartOf\":{\"@id\":\"https:\\\/\\\/verdnatura.es\\\/fr\\\/comment-preparer-nouvelle-saison-boutique-florale\\\/\"},\"author\":{\"name\":\"Julia Peris\",\"@id\":\"https:\\\/\\\/verdnatura.es\\\/fr\\\/#\\\/schema\\\/person\\\/4e20496d8bf41643c2659a285fabb084\"},\"headline\":\"Comment pr\u00e9parer la nouvelle saison de votre boutique florale apr\u00e8s l&rsquo;\u00e9t\u00e9\",\"datePublished\":\"2026-08-27T09:55:45+00:00\",\"dateModified\":\"2026-08-27T10:36:28+00:00\",\"mainEntityOfPage\":{\"@id\":\"https:\\\/\\\/verdnatura.es\\\/fr\\\/comment-preparer-nouvelle-saison-boutique-florale\\\/\"},\"wordCount\":5986,\"commentCount\":0,\"publisher\":{\"@id\":\"https:\\\/\\\/verdnatura.es\\\/fr\\\/#organization\"},\"image\":{\"@id\":\"https:\\\/\\\/verdnatura.es\\\/fr\\\/comment-preparer-nouvelle-saison-boutique-florale\\\/#primaryimage\"},\"thumbnailUrl\":\"https:\\\/\\\/verdnatura.es\\\/wp-content\\\/uploads\\\/2026\\\/08\\\/Gemini_Generated_Image_whxuknwhxuknwhxu.jpg\",\"articleSection\":[\"Non classifi\u00e9\"],\"inLanguage\":\"fr-FR\",\"potentialAction\":[{\"@type\":\"CommentAction\",\"name\":\"Comment\",\"target\":[\"https:\\\/\\\/verdnatura.es\\\/fr\\\/comment-preparer-nouvelle-saison-boutique-florale\\\/#respond\"]}]},{\"@type\":\"WebPage\",\"@id\":\"https:\\\/\\\/verdnatura.es\\\/fr\\\/comment-preparer-nouvelle-saison-boutique-florale\\\/\",\"url\":\"https:\\\/\\\/verdnatura.es\\\/fr\\\/comment-preparer-nouvelle-saison-boutique-florale\\\/\",\"name\":\"Comment pr\u00e9parer la nouvelle saison de votre boutique florale apr\u00e8s l'\u00e9t\u00e9 - Verdnatura\",\"isPartOf\":{\"@id\":\"https:\\\/\\\/verdnatura.es\\\/fr\\\/#website\"},\"primaryImageOfPage\":{\"@id\":\"https:\\\/\\\/verdnatura.es\\\/fr\\\/comment-preparer-nouvelle-saison-boutique-florale\\\/#primaryimage\"},\"image\":{\"@id\":\"https:\\\/\\\/verdnatura.es\\\/fr\\\/comment-preparer-nouvelle-saison-boutique-florale\\\/#primaryimage\"},\"thumbnailUrl\":\"https:\\\/\\\/verdnatura.es\\\/wp-content\\\/uploads\\\/2026\\\/08\\\/Gemini_Generated_Image_whxuknwhxuknwhxu.jpg\",\"datePublished\":\"2026-08-27T09:55:45+00:00\",\"dateModified\":\"2026-08-27T10:36:28+00:00\",\"breadcrumb\":{\"@id\":\"https:\\\/\\\/verdnatura.es\\\/fr\\\/comment-preparer-nouvelle-saison-boutique-florale\\\/#breadcrumb\"},\"inLanguage\":\"fr-FR\",\"potentialAction\":[{\"@type\":\"ReadAction\",\"target\":[\"https:\\\/\\\/verdnatura.es\\\/fr\\\/comment-preparer-nouvelle-saison-boutique-florale\\\/\"]}]},{\"@type\":\"ImageObject\",\"inLanguage\":\"fr-FR\",\"@id\":\"https:\\\/\\\/verdnatura.es\\\/fr\\\/comment-preparer-nouvelle-saison-boutique-florale\\\/#primaryimage\",\"url\":\"https:\\\/\\\/verdnatura.es\\\/wp-content\\\/uploads\\\/2026\\\/08\\\/Gemini_Generated_Image_whxuknwhxuknwhxu.jpg\",\"contentUrl\":\"https:\\\/\\\/verdnatura.es\\\/wp-content\\\/uploads\\\/2026\\\/08\\\/Gemini_Generated_Image_whxuknwhxuknwhxu.jpg\",\"width\":2752,\"height\":1536},{\"@type\":\"BreadcrumbList\",\"@id\":\"https:\\\/\\\/verdnatura.es\\\/fr\\\/comment-preparer-nouvelle-saison-boutique-florale\\\/#breadcrumb\",\"itemListElement\":[{\"@type\":\"ListItem\",\"position\":1,\"name\":\"Portada\",\"item\":\"https:\\\/\\\/verdnatura.es\\\/fr\\\/\"},{\"@type\":\"ListItem\",\"position\":2,\"name\":\"Comment pr\u00e9parer la nouvelle saison de votre boutique florale apr\u00e8s l&#8217;\u00e9t\u00e9\"}]},{\"@type\":\"WebSite\",\"@id\":\"https:\\\/\\\/verdnatura.es\\\/fr\\\/#website\",\"url\":\"https:\\\/\\\/verdnatura.es\\\/fr\\\/\",\"name\":\"Verdnatura\",\"description\":\"Mayorista de flores y plantas\",\"publisher\":{\"@id\":\"https:\\\/\\\/verdnatura.es\\\/fr\\\/#organization\"},\"potentialAction\":[{\"@type\":\"SearchAction\",\"target\":{\"@type\":\"EntryPoint\",\"urlTemplate\":\"https:\\\/\\\/verdnatura.es\\\/fr\\\/?s={search_term_string}\"},\"query-input\":{\"@type\":\"PropertyValueSpecification\",\"valueRequired\":true,\"valueName\":\"search_term_string\"}}],\"inLanguage\":\"fr-FR\"},{\"@type\":\"Organization\",\"@id\":\"https:\\\/\\\/verdnatura.es\\\/fr\\\/#organization\",\"name\":\"Verdnatura Levante SL\",\"url\":\"https:\\\/\\\/verdnatura.es\\\/fr\\\/\",\"logo\":{\"@type\":\"ImageObject\",\"inLanguage\":\"fr-FR\",\"@id\":\"https:\\\/\\\/verdnatura.es\\\/fr\\\/#\\\/schema\\\/logo\\\/image\\\/\",\"url\":\"https:\\\/\\\/verdnatura.es\\\/wp-content\\\/uploads\\\/2023\\\/12\\\/Marca-sin-fondo.png\",\"contentUrl\":\"https:\\\/\\\/verdnatura.es\\\/wp-content\\\/uploads\\\/2023\\\/12\\\/Marca-sin-fondo.png\",\"width\":1000,\"height\":630,\"caption\":\"Verdnatura Levante SL\"},\"image\":{\"@id\":\"https:\\\/\\\/verdnatura.es\\\/fr\\\/#\\\/schema\\\/logo\\\/image\\\/\"},\"sameAs\":[\"http:\\\/\\\/www.facebook.com\\\/verdnatura\",\"https:\\\/\\\/www.instagram.com\\\/verdnatura\",\"https:\\\/\\\/www.linkedin.com\\\/company\\\/verdnatura\"]},{\"@type\":\"Person\",\"@id\":\"https:\\\/\\\/verdnatura.es\\\/fr\\\/#\\\/schema\\\/person\\\/4e20496d8bf41643c2659a285fabb084\",\"name\":\"Julia Peris\",\"image\":{\"@type\":\"ImageObject\",\"inLanguage\":\"fr-FR\",\"@id\":\"https:\\\/\\\/secure.gravatar.com\\\/avatar\\\/90b341ecdab3889cf396f1ccd155a60dfaefa15d6ce791e92deb251520333390?s=96&d=mm&r=g\",\"url\":\"https:\\\/\\\/secure.gravatar.com\\\/avatar\\\/90b341ecdab3889cf396f1ccd155a60dfaefa15d6ce791e92deb251520333390?s=96&d=mm&r=g\",\"contentUrl\":\"https:\\\/\\\/secure.gravatar.com\\\/avatar\\\/90b341ecdab3889cf396f1ccd155a60dfaefa15d6ce791e92deb251520333390?s=96&d=mm&r=g\",\"caption\":\"Julia Peris\"},\"url\":\"https:\\\/\\\/verdnatura.es\\\/fr\\\/author\\\/juliapf\\\/\"}]}<\/script>\n<!-- \/ Yoast SEO plugin. -->","yoast_head_json":{"title":"Comment pr\u00e9parer la nouvelle saison de votre boutique florale apr\u00e8s l'\u00e9t\u00e9 - Verdnatura","robots":{"index":"index","follow":"follow","max-snippet":"max-snippet:-1","max-image-preview":"max-image-preview:large","max-video-preview":"max-video-preview:-1"},"canonical":"https:\/\/verdnatura.es\/fr\/comment-preparer-nouvelle-saison-boutique-florale\/","og_locale":"fr_FR","og_type":"article","og_title":"Comment pr\u00e9parer la nouvelle saison de votre boutique florale apr\u00e8s l'\u00e9t\u00e9 - Verdnatura","og_url":"https:\/\/verdnatura.es\/fr\/comment-preparer-nouvelle-saison-boutique-florale\/","og_site_name":"Verdnatura","article_publisher":"http:\/\/www.facebook.com\/verdnatura","article_published_time":"2026-08-27T09:55:45+00:00","article_modified_time":"2026-08-27T10:36:28+00:00","og_image":[{"width":1024,"height":572,"url":"https:\/\/verdnatura.es\/wp-content\/uploads\/2026\/08\/Gemini_Generated_Image_whxuknwhxuknwhxu-1024x572.jpg","type":"image\/jpeg"}],"author":"Julia Peris","twitter_card":"summary_large_image","twitter_misc":{"\u00c9crit par":"Julia Peris","Dur\u00e9e de lecture estim\u00e9e":"6 minutes"},"schema":{"@context":"https:\/\/schema.org","@graph":[{"@type":"Article","@id":"https:\/\/verdnatura.es\/fr\/comment-preparer-nouvelle-saison-boutique-florale\/#article","isPartOf":{"@id":"https:\/\/verdnatura.es\/fr\/comment-preparer-nouvelle-saison-boutique-florale\/"},"author":{"name":"Julia Peris","@id":"https:\/\/verdnatura.es\/fr\/#\/schema\/person\/4e20496d8bf41643c2659a285fabb084"},"headline":"Comment pr\u00e9parer la nouvelle saison de votre boutique florale apr\u00e8s l&rsquo;\u00e9t\u00e9","datePublished":"2026-08-27T09:55:45+00:00","dateModified":"2026-08-27T10:36:28+00:00","mainEntityOfPage":{"@id":"https:\/\/verdnatura.es\/fr\/comment-preparer-nouvelle-saison-boutique-florale\/"},"wordCount":5986,"commentCount":0,"publisher":{"@id":"https:\/\/verdnatura.es\/fr\/#organization"},"image":{"@id":"https:\/\/verdnatura.es\/fr\/comment-preparer-nouvelle-saison-boutique-florale\/#primaryimage"},"thumbnailUrl":"https:\/\/verdnatura.es\/wp-content\/uploads\/2026\/08\/Gemini_Generated_Image_whxuknwhxuknwhxu.jpg","articleSection":["Non classifi\u00e9"],"inLanguage":"fr-FR","potentialAction":[{"@type":"CommentAction","name":"Comment","target":["https:\/\/verdnatura.es\/fr\/comment-preparer-nouvelle-saison-boutique-florale\/#respond"]}]},{"@type":"WebPage","@id":"https:\/\/verdnatura.es\/fr\/comment-preparer-nouvelle-saison-boutique-florale\/","url":"https:\/\/verdnatura.es\/fr\/comment-preparer-nouvelle-saison-boutique-florale\/","name":"Comment pr\u00e9parer la nouvelle saison de votre boutique florale apr\u00e8s l'\u00e9t\u00e9 - Verdnatura","isPartOf":{"@id":"https:\/\/verdnatura.es\/fr\/#website"},"primaryImageOfPage":{"@id":"https:\/\/verdnatura.es\/fr\/comment-preparer-nouvelle-saison-boutique-florale\/#primaryimage"},"image":{"@id":"https:\/\/verdnatura.es\/fr\/comment-preparer-nouvelle-saison-boutique-florale\/#primaryimage"},"thumbnailUrl":"https:\/\/verdnatura.es\/wp-content\/uploads\/2026\/08\/Gemini_Generated_Image_whxuknwhxuknwhxu.jpg","datePublished":"2026-08-27T09:55:45+00:00","dateModified":"2026-08-27T10:36:28+00:00","breadcrumb":{"@id":"https:\/\/verdnatura.es\/fr\/comment-preparer-nouvelle-saison-boutique-florale\/#breadcrumb"},"inLanguage":"fr-FR","potentialAction":[{"@type":"ReadAction","target":["https:\/\/verdnatura.es\/fr\/comment-preparer-nouvelle-saison-boutique-florale\/"]}]},{"@type":"ImageObject","inLanguage":"fr-FR","@id":"https:\/\/verdnatura.es\/fr\/comment-preparer-nouvelle-saison-boutique-florale\/#primaryimage","url":"https:\/\/verdnatura.es\/wp-content\/uploads\/2026\/08\/Gemini_Generated_Image_whxuknwhxuknwhxu.jpg","contentUrl":"https:\/\/verdnatura.es\/wp-content\/uploads\/2026\/08\/Gemini_Generated_Image_whxuknwhxuknwhxu.jpg","width":2752,"height":1536},{"@type":"BreadcrumbList","@id":"https:\/\/verdnatura.es\/fr\/comment-preparer-nouvelle-saison-boutique-florale\/#breadcrumb","itemListElement":[{"@type":"ListItem","position":1,"name":"Portada","item":"https:\/\/verdnatura.es\/fr\/"},{"@type":"ListItem","position":2,"name":"Comment pr\u00e9parer la nouvelle saison de votre boutique florale apr\u00e8s l&#8217;\u00e9t\u00e9"}]},{"@type":"WebSite","@id":"https:\/\/verdnatura.es\/fr\/#website","url":"https:\/\/verdnatura.es\/fr\/","name":"Verdnatura","description":"Mayorista de flores y plantas","publisher":{"@id":"https:\/\/verdnatura.es\/fr\/#organization"},"potentialAction":[{"@type":"SearchAction","target":{"@type":"EntryPoint","urlTemplate":"https:\/\/verdnatura.es\/fr\/?s={search_term_string}"},"query-input":{"@type":"PropertyValueSpecification","valueRequired":true,"valueName":"search_term_string"}}],"inLanguage":"fr-FR"},{"@type":"Organization","@id":"https:\/\/verdnatura.es\/fr\/#organization","name":"Verdnatura Levante SL","url":"https:\/\/verdnatura.es\/fr\/","logo":{"@type":"ImageObject","inLanguage":"fr-FR","@id":"https:\/\/verdnatura.es\/fr\/#\/schema\/logo\/image\/","url":"https:\/\/verdnatura.es\/wp-content\/uploads\/2023\/12\/Marca-sin-fondo.png","contentUrl":"https:\/\/verdnatura.es\/wp-content\/uploads\/2023\/12\/Marca-sin-fondo.png","width":1000,"height":630,"caption":"Verdnatura Levante SL"},"image":{"@id":"https:\/\/verdnatura.es\/fr\/#\/schema\/logo\/image\/"},"sameAs":["http:\/\/www.facebook.com\/verdnatura","https:\/\/www.instagram.com\/verdnatura","https:\/\/www.linkedin.com\/company\/verdnatura"]},{"@type":"Person","@id":"https:\/\/verdnatura.es\/fr\/#\/schema\/person\/4e20496d8bf41643c2659a285fabb084","name":"Julia Peris","image":{"@type":"ImageObject","inLanguage":"fr-FR","@id":"https:\/\/secure.gravatar.com\/avatar\/90b341ecdab3889cf396f1ccd155a60dfaefa15d6ce791e92deb251520333390?s=96&d=mm&r=g","url":"https:\/\/secure.gravatar.com\/avatar\/90b341ecdab3889cf396f1ccd155a60dfaefa15d6ce791e92deb251520333390?s=96&d=mm&r=g","contentUrl":"https:\/\/secure.gravatar.com\/avatar\/90b341ecdab3889cf396f1ccd155a60dfaefa15d6ce791e92deb251520333390?s=96&d=mm&r=g","caption":"Julia Peris"},"url":"https:\/\/verdnatura.es\/fr\/author\/juliapf\/"}]}},"_links":{"self":[{"href":"https:\/\/verdnatura.es\/fr\/wp-json\/wp\/v2\/posts\/43368","targetHints":{"allow":["GET"]}}],"collection":[{"href":"https:\/\/verdnatura.es\/fr\/wp-json\/wp\/v2\/posts"}],"about":[{"href":"https:\/\/verdnatura.es\/fr\/wp-json\/wp\/v2\/types\/post"}],"author":[{"embeddable":true,"href":"https:\/\/verdnatura.es\/fr\/wp-json\/wp\/v2\/users\/3"}],"replies":[{"embeddable":true,"href":"https:\/\/verdnatura.es\/fr\/wp-json\/wp\/v2\/comments?post=43368"}],"version-history":[{"count":3,"href":"https:\/\/verdnatura.es\/fr\/wp-json\/wp\/v2\/posts\/43368\/revisions"}],"predecessor-version":[{"id":43370,"href":"https:\/\/verdnatura.es\/fr\/wp-json\/wp\/v2\/posts\/43368\/revisions\/43370"}],"wp:featuredmedia":[{"embeddable":true,"href":"https:\/\/verdnatura.es\/fr\/wp-json\/wp\/v2\/media\/43320"}],"wp:attachment":[{"href":"https:\/\/verdnatura.es\/fr\/wp-json\/wp\/v2\/media?parent=43368"}],"wp:term":[{"taxonomy":"category","embeddable":true,"href":"https:\/\/verdnatura.es\/fr\/wp-json\/wp\/v2\/categories?post=43368"},{"taxonomy":"post_tag","embeddable":true,"href":"https:\/\/verdnatura.es\/fr\/wp-json\/wp\/v2\/tags?post=43368"}],"curies":[{"name":"wp","href":"https:\/\/api.w.org\/{rel}","templated":true}]}}