{"id":7123,"date":"2023-07-03T19:17:54","date_gmt":"2023-07-03T17:17:54","guid":{"rendered":"https:\/\/verdnatura.es\/?p=7123"},"modified":"2023-07-03T19:57:15","modified_gmt":"2023-07-03T17:57:15","slug":"les-tendances-florales-pour-la-saison-des-mariages-2023","status":"publish","type":"post","link":"https:\/\/verdnatura.es\/fr\/les-tendances-florales-pour-la-saison-des-mariages-2023\/","title":{"rendered":"Les tendances florales pour la saison des mariages 2023"},"content":{"rendered":"<p><div class=\"fusion-fullwidth fullwidth-box fusion-builder-row-1 fusion-flex-container has-pattern-background has-mask-background nonhundred-percent-fullwidth non-hundred-percent-height-scrolling\" style=\"--awb-border-radius-top-left:0px;--awb-border-radius-top-right:0px;--awb-border-radius-bottom-right:0px;--awb-border-radius-bottom-left:0px;--awb-padding-top:20px;--awb-padding-bottom:20px;--awb-margin-top:20px;--awb-margin-bottom:20px;--awb-flex-wrap:wrap;\" ><div class=\"fusion-builder-row fusion-row fusion-flex-align-items-flex-start fusion-flex-content-wrap\" style=\"max-width:1352px;margin-left: calc(-4% \/ 2 );margin-right: calc(-4% \/ 2 );\"><div class=\"fusion-layout-column fusion_builder_column fusion-builder-column-0 fusion_builder_column_1_1 1_1 fusion-flex-column\" style=\"--awb-padding-right:10%;--awb-padding-left:10%;--awb-bg-size:cover;--awb-width-large:100%;--awb-margin-top-large:0px;--awb-spacing-right-large:1.92%;--awb-margin-bottom-large:0px;--awb-spacing-left-large:1.92%;--awb-width-medium:100%;--awb-order-medium:0;--awb-spacing-right-medium:1.92%;--awb-spacing-left-medium:1.92%;--awb-width-small:100%;--awb-order-small:0;--awb-spacing-right-small:1.92%;--awb-spacing-left-small:1.92%;\"><div class=\"fusion-column-wrapper fusion-column-has-shadow fusion-flex-justify-content-flex-start fusion-content-layout-column\"><div class=\"fusion-title title fusion-title-1 fusion-sep-none fusion-title-center fusion-title-text fusion-title-size-two\" style=\"--awb-margin-top-small:20px;--awb-margin-right-small:0px;--awb-margin-bottom-small:20px;--awb-margin-left-small:0px;\"><h2 class=\"fusion-title-heading title-heading-center fusion-responsive-typography-calculated\" style=\"margin:0;--fontSize:40;line-height:1.2;\"><p>Les tendances florales pour la saison des mariages 2023<\/p>\n<div id=\"aircall-extension-app\"><\/div><\/h2><\/div><div class=\"fusion-separator fusion-full-width-sep\" style=\"align-self: center;margin-left: auto;margin-right: auto;margin-top:15px;margin-bottom:30px;width:100%;\"><div class=\"fusion-separator-border sep-shadow\" style=\"--awb-height:20px;--awb-amount:20px;--awb-sep-color:var(--awb-color7);background:radial-gradient(ellipse at 50% -50% , var(--awb-color7) 0px, rgba(255, 255, 255, 0) 80%) repeat scroll 0 0 rgba(0, 0, 0, 0);background:-webkit-radial-gradient(ellipse at 50% -50% , var(--awb-color7) 0px, rgba(255, 255, 255, 0) 80%) repeat scroll 0 0 rgba(0, 0, 0, 0);background:-moz-radial-gradient(ellipse at 50% -50% , var(--awb-color7) 0px, rgba(255, 255, 255, 0) 80%) repeat scroll 0 0 rgba(0, 0, 0, 0);background:-o-radial-gradient(ellipse at 50% -50% , var(--awb-color7) 0px, rgba(255, 255, 255, 0) 80%) repeat scroll 0 0 rgba(0, 0, 0, 0);\"><\/div><\/div><div class=\"fusion-separator fusion-full-width-sep\" style=\"align-self: center;margin-left: auto;margin-right: auto;margin-top:30px;margin-bottom:20px;width:100%;\"><\/div><div class=\"fusion-text fusion-text-1\"><p><strong>Salut les fleuristes passionn\u00e9s! <\/strong><\/p>\n<p><span style=\"font-weight: 400;\">La saison des mariages de 2023 approche \u00e0 grands pas et il est temps de d\u00e9couvrir les tendances florales incontournables qui feront briller vos cr\u00e9ations. Que vous soyez un fleuriste chevronn\u00e9 ou un d\u00e9butant enthousiaste, ces nouvelles tendances vous aideront \u00e0 inspirer les couples qui c\u00e9l\u00e8brent leur amour. <\/span><\/p>\n<p><span style=\"font-weight: 400;\">Pr\u00e9parez-vous \u00e0 laisser votre cr\u00e9ativit\u00e9 s'\u00e9panouir avec des id\u00e9es fra\u00eeches et des combinaisons de couleurs \u00e9tonnantes. C'est parti !<\/span><\/p>\n<div id=\"aircall-extension-app\"><\/div>\n<\/div><div class=\"fusion-title title fusion-title-2 fusion-sep-none fusion-title-text fusion-title-size-two\" style=\"--awb-margin-top-small:20px;--awb-margin-right-small:0px;--awb-margin-bottom-small:20px;--awb-margin-left-small:0px;\"><h2 class=\"fusion-title-heading title-heading-left fusion-responsive-typography-calculated\" style=\"margin:0;--fontSize:40;line-height:1.2;\"><p><span style=\"font-weight: 300;\">Retour \u00e0 la nature<\/span><\/p>\n<div id=\"aircall-extension-app\"><\/div>\n<div id=\"aircall-extension-app\"><\/div><\/h2><\/div><div class=\"fusion-text fusion-text-2 fusion-text-no-margin\" style=\"--awb-margin-bottom:30px;\"><p><strong>La nature est \u00e0 l'honneur cette saison! <\/strong><\/p>\n<p><span style=\"font-weight: 400;\">Les mari\u00e9s recherchent des compositions florales qui \u00e9voquent un sentiment de fra\u00eecheur et de simplicit\u00e9. Optez pour des bouquets et des arrangements a\u00e9riens, avec des fleurs sauvages et des herbes folles. Ajoutez des touches de verdure luxuriante pour un effet bucolique. Les fleurs de saison et les \u00e9l\u00e9ments naturels seront vos meilleurs alli\u00e9s pour cr\u00e9er des designs romantiques et authentiques.<\/span><\/p>\n<div id=\"aircall-extension-app\"><\/div>\n<\/div><div class=\"fusion-title title fusion-title-3 fusion-sep-none fusion-title-text fusion-title-size-two\" style=\"--awb-margin-top-small:20px;--awb-margin-right-small:0px;--awb-margin-bottom-small:20px;--awb-margin-left-small:0px;\"><h2 class=\"fusion-title-heading title-heading-left fusion-responsive-typography-calculated\" style=\"margin:0;--fontSize:40;line-height:1.2;\"><p><span style=\"font-weight: 300;\">Des couleurs vives et audacieuses<\/span><\/p>\n<div id=\"aircall-extension-app\"><\/div>\n<div id=\"aircall-extension-app\"><\/div>\n<div id=\"aircall-extension-app\"><\/div><\/h2><\/div><div class=\"fusion-text fusion-text-3 fusion-text-no-margin\" style=\"--awb-margin-bottom:30px;\"><p><strong>Dites adieu aux tons pastel fades et bonjour aux couleurs vives et audacieuses! <\/strong><\/p>\n<p><span style=\"font-weight: 400;\">Les mariages de 2023 seront inond\u00e9s de teintes vibrantes telles que le corail, le violet profond, le jaune \u00e9clatant et le bleu \u00e9lectrique. Jouez avec des combinaisons inattendues et osez sortir des sentiers battus. Laissez libre cours \u00e0 votre cr\u00e9ativit\u00e9 et cr\u00e9ez des arrangements spectaculaires qui ne passeront pas inaper\u00e7us.<\/span><\/p>\n<div id=\"aircall-extension-app\"><\/div>\n<\/div><div class=\"fusion-title title fusion-title-4 fusion-sep-none fusion-title-text fusion-title-size-two\" style=\"--awb-margin-top-small:20px;--awb-margin-right-small:0px;--awb-margin-bottom-small:20px;--awb-margin-left-small:0px;\"><h2 class=\"fusion-title-heading title-heading-left fusion-responsive-typography-calculated\" style=\"margin:0;--fontSize:40;line-height:1.2;\"><p><span style=\"font-weight: 300;\">Les installations florales<\/span><\/p>\n<div id=\"aircall-extension-app\"><\/div>\n<div id=\"aircall-extension-app\"><\/div>\n<div id=\"aircall-extension-app\"><\/div>\n<div id=\"aircall-extension-app\"><\/div>\n<div id=\"aircall-extension-app\"><\/div><\/h2><\/div><div class=\"fusion-text fusion-text-4 fusion-text-no-margin\" style=\"--awb-margin-bottom:30px;\"><p><strong>Les installations florales sont plus que jamais tendance cette ann\u00e9e. <\/strong><\/p>\n<p><span style=\"font-weight: 400;\">Transformez des espaces vides en v\u00e9ritables jardins enchant\u00e9s. Des arches florales majestueuses aux guirlandes suspendues, en passant par les murs de fleurs, les possibilit\u00e9s sont infinies. Pensez en grand et cr\u00e9ez des d\u00e9cors qui \u00e9merveilleront les mari\u00e9s et leurs invit\u00e9s. Les installations florales offrent une exp\u00e9rience immersive unique et laissent des souvenirs imp\u00e9rissables.<\/span><\/p>\n<div id=\"aircall-extension-app\"><\/div>\n<\/div><div class=\"fusion-title title fusion-title-5 fusion-sep-none fusion-title-text fusion-title-size-two\" style=\"--awb-margin-top-small:20px;--awb-margin-right-small:0px;--awb-margin-bottom-small:20px;--awb-margin-left-small:0px;\"><h2 class=\"fusion-title-heading title-heading-left fusion-responsive-typography-calculated\" style=\"margin:0;--fontSize:40;line-height:1.2;\"><p><span style=\"font-weight: 300;\">La simplicit\u00e9 \u00e9l\u00e9gante<\/span><\/p>\n<div id=\"aircall-extension-app\"><\/div>\n<div id=\"aircall-extension-app\"><\/div>\n<div id=\"aircall-extension-app\"><\/div>\n<div id=\"aircall-extension-app\"><\/div>\n<div id=\"aircall-extension-app\"><\/div>\n<div id=\"aircall-extension-app\"><\/div><\/h2><\/div><div class=\"fusion-text fusion-text-5 fusion-text-no-margin\" style=\"--awb-margin-bottom:30px;\"><p><span style=\"font-weight: 400;\">La tendance du minimalisme continue de s\u00e9duire les mari\u00e9s en 2023. La cl\u00e9 ici est de cr\u00e9er des designs simples et \u00e9l\u00e9gants en utilisant moins de fleurs, mais avec une attention particuli\u00e8re aux d\u00e9tails. Optez pour des bouquets mono-floraux ou des arrangements monochromes. Jouez avec les textures et les formes pour ajouter une touche d'int\u00e9r\u00eat. <\/span><\/p>\n<p><strong>La simplicit\u00e9 peut \u00eatre tout aussi \u00e9poustouflante que l'opulence!<\/strong><\/p>\n<div id=\"aircall-extension-app\"><\/div>\n<\/div><\/div><\/div><\/div><\/div><div class=\"fusion-fullwidth fullwidth-box fusion-builder-row-2 fusion-flex-container has-pattern-background has-mask-background nonhundred-percent-fullwidth non-hundred-percent-height-scrolling\" style=\"--awb-border-color:var(--awb-color4);--awb-border-style:dashed;--awb-border-radius-top-left:0px;--awb-border-radius-top-right:0px;--awb-border-radius-bottom-right:0px;--awb-border-radius-bottom-left:0px;--awb-padding-right:10%;--awb-padding-left:10%;--awb-flex-wrap:wrap;\" ><div class=\"fusion-builder-row fusion-row fusion-flex-align-items-flex-start fusion-flex-content-wrap\" style=\"max-width:1352px;margin-left: calc(-4% \/ 2 );margin-right: calc(-4% \/ 2 );\"><div class=\"fusion-layout-column fusion_builder_column fusion-builder-column-1 fusion_builder_column_1_1 1_1 fusion-flex-column\" style=\"--awb-padding-top:5%;--awb-padding-right:10%;--awb-padding-bottom:2%;--awb-padding-left:10%;--awb-bg-color:var(--awb-color3);--awb-bg-color-hover:var(--awb-color3);--awb-bg-size:cover;--awb-border-color:var(--awb-color4);--awb-border-top:3px;--awb-border-right:3px;--awb-border-bottom:3px;--awb-border-left:3px;--awb-border-style:dashed;--awb-width-large:100%;--awb-margin-top-large:0px;--awb-spacing-right-large:1.92%;--awb-margin-bottom-large:0px;--awb-spacing-left-large:1.92%;--awb-width-medium:100%;--awb-order-medium:0;--awb-spacing-right-medium:1.92%;--awb-spacing-left-medium:1.92%;--awb-width-small:100%;--awb-order-small:0;--awb-spacing-right-small:1.92%;--awb-spacing-left-small:1.92%;\" data-scroll-devices=\"small-visibility,medium-visibility,large-visibility\"><div class=\"fusion-column-wrapper fusion-column-has-shadow fusion-flex-justify-content-flex-start fusion-content-layout-column\"><div class=\"fusion-title title fusion-title-6 fusion-sep-none fusion-title-text fusion-title-size-two\" style=\"--awb-margin-top-small:20px;--awb-margin-right-small:0px;--awb-margin-bottom-small:20px;--awb-margin-left-small:0px;\"><h2 class=\"fusion-title-heading title-heading-left fusion-responsive-typography-calculated\" style=\"margin:0;--fontSize:40;line-height:1.2;\"><p><span style=\"font-weight: 300;\">Quelles sont les fleurs les plus r\u00e9sistantes \u00e0 la chaleur en ext\u00e9rieur ?<\/span><\/p>\n<div id=\"aircall-extension-app\"><\/div>\n<div id=\"aircall-extension-app\"><\/div>\n<div id=\"aircall-extension-app\"><\/div>\n<div id=\"aircall-extension-app\"><\/div>\n<div id=\"aircall-extension-app\"><\/div>\n<div id=\"aircall-extension-app\"><\/div>\n<div id=\"aircall-extension-app\"><\/div><\/h2><\/div><div class=\"fusion-text fusion-text-6 fusion-text-no-margin\" style=\"--awb-margin-bottom:30px;\"><p><span style=\"font-weight: 400;\">Lorsqu'il s'agit de mariages en ext\u00e9rieur sous la chaleur estivale, il est essentiel de choisir des fleurs qui r\u00e9sistent aux conditions climatiques difficiles.<\/span><\/p>\n<p><span style=\"font-weight: 400;\"> Optez pour des vari\u00e9t\u00e9s telles que les <strong>tournesols<\/strong>, les <strong>marguerites<\/strong>, les <strong>lys<\/strong>, les <strong>dahlias<\/strong> et les <strong>hortensias<\/strong>. Ces fleurs sont connues pour leur capacit\u00e9 \u00e0 rester fra\u00eeches et \u00e0 ajouter une touche de couleur m\u00eame par temps chaud. Assurez-vous \u00e9galement de les hydrater r\u00e9guli\u00e8rement pour qu'elles restent \u00e9clatantes tout au long de la journ\u00e9e.<\/span><\/p>\n<div id=\"aircall-extension-app\"><\/div>\n<\/div><\/div><\/div><\/div><\/div><div class=\"fusion-fullwidth fullwidth-box fusion-builder-row-3 fusion-flex-container has-pattern-background has-mask-background nonhundred-percent-fullwidth non-hundred-percent-height-scrolling\" style=\"--awb-border-radius-top-left:0px;--awb-border-radius-top-right:0px;--awb-border-radius-bottom-right:0px;--awb-border-radius-bottom-left:0px;--awb-margin-top:20px;--awb-margin-bottom:10px;--awb-flex-wrap:wrap;\" ><div class=\"fusion-builder-row fusion-row fusion-flex-align-items-flex-start fusion-flex-content-wrap\" style=\"max-width:1352px;margin-left: calc(-4% \/ 2 );margin-right: calc(-4% \/ 2 );\"><div class=\"fusion-layout-column fusion_builder_column fusion-builder-column-2 fusion_builder_column_1_1 1_1 fusion-flex-column\" style=\"--awb-padding-right:10%;--awb-padding-left:10%;--awb-bg-size:cover;--awb-width-large:100%;--awb-margin-top-large:5%;--awb-spacing-right-large:1.92%;--awb-margin-bottom-large:0px;--awb-spacing-left-large:1.92%;--awb-width-medium:100%;--awb-order-medium:0;--awb-spacing-right-medium:1.92%;--awb-spacing-left-medium:1.92%;--awb-width-small:100%;--awb-order-small:0;--awb-spacing-right-small:1.92%;--awb-spacing-left-small:1.92%;\" data-scroll-devices=\"small-visibility,medium-visibility,large-visibility\"><div class=\"fusion-column-wrapper fusion-column-has-shadow fusion-flex-justify-content-flex-start fusion-content-layout-column\"><div class=\"fusion-text fusion-text-7 fusion-text-no-margin\" style=\"--awb-margin-bottom:30px;\"><p><span style=\"font-weight: 400;\">La saison des mariages est \u00e9galement un moment propice \u00e0 l'exploration cr\u00e9ative. Il est temps de laisser votre cr\u00e9ativit\u00e9 s'\u00e9panouir et d'inspirer les couples dans leur qu\u00eate du mariage de leurs r\u00eaves. Que vous choisissiez de revenir \u00e0 la nature, d'explorer des couleurs vives, de cr\u00e9er des installations florales grandioses ou de miser sur la simplicit\u00e9 \u00e9l\u00e9gante, rappelez-vous que chaque arrangement floral est une \u0153uvre d'art unique. Alors, sortez vos fleurs, lib\u00e9rez votre imagination et pr\u00e9parez-vous \u00e0 enchanter les mari\u00e9s avec des cr\u00e9ations florales \u00e0 couper le souffle. Cette saison des mariages sera inoubliable gr\u00e2ce \u00e0 votre talent et votre passion pour les fleurs.\u00a0<\/span><\/p>\n<div id=\"aircall-extension-app\"><\/div>\n<\/div><div class=\"fusion-separator fusion-full-width-sep\" style=\"align-self: center;margin-left: auto;margin-right: auto;margin-top:20px;margin-bottom:10px;width:100%;\"><\/div><div class=\"fusion-title title fusion-title-7 fusion-sep-none fusion-title-text fusion-title-size-three\" style=\"--awb-margin-top-small:20px;--awb-margin-right-small:0px;--awb-margin-bottom-small:20px;--awb-margin-left-small:0px;\"><h3 class=\"fusion-title-heading title-heading-left fusion-responsive-typography-calculated\" style=\"margin:0;--fontSize:28;line-height:1.2;\"><p style=\"text-align: center;\"><strong>Alors, mettez-vous au travail et pr\u00e9parez-vous \u00e0 faire briller les mariages de 2023 avec des fleurs \u00e9blouissantes et des compositions florales exceptionnelles !<\/strong><\/p>\n<div id=\"aircall-extension-app\"><\/div><\/h3><\/div><\/div><\/div><\/div><\/div><\/p>\n","protected":false},"excerpt":{"rendered":"","protected":false},"author":2,"featured_media":0,"comment_status":"open","ping_status":"open","sticky":false,"template":"","format":"standard","meta":{"_acf_changed":false,"footnotes":""},"categories":[70],"tags":[],"class_list":["post-7123","post","type-post","status-publish","format-standard","hentry","category-non-classifie"],"acf":[],"yoast_head":"<!-- This site is optimized with the Yoast SEO plugin v27.1.1 - https:\/\/yoast.com\/product\/yoast-seo-wordpress\/ -->\n<title>Les tendances florales pour la saison des mariages 2023 - Verdnatura<\/title>\n<meta name=\"robots\" content=\"index, follow, max-snippet:-1, max-image-preview:large, max-video-preview:-1\" \/>\n<link rel=\"canonical\" href=\"https:\/\/verdnatura.es\/fr\/les-tendances-florales-pour-la-saison-des-mariages-2023\/\" \/>\n<meta property=\"og:locale\" content=\"fr_FR\" \/>\n<meta property=\"og:type\" content=\"article\" \/>\n<meta property=\"og:title\" content=\"Les tendances florales pour la saison des mariages 2023 - Verdnatura\" \/>\n<meta property=\"og:url\" content=\"https:\/\/verdnatura.es\/fr\/les-tendances-florales-pour-la-saison-des-mariages-2023\/\" \/>\n<meta property=\"og:site_name\" content=\"Verdnatura\" \/>\n<meta property=\"article:publisher\" content=\"http:\/\/www.facebook.com\/verdnatura\" \/>\n<meta property=\"article:published_time\" content=\"2023-07-03T17:17:54+00:00\" \/>\n<meta property=\"article:modified_time\" content=\"2023-07-03T17:57:15+00:00\" \/>\n<meta property=\"og:image\" content=\"https:\/\/verdnatura.es\/wp-content\/uploads\/2023\/06\/Captura-de-Pantalla-2023-06-16-a-las-7.45.42-e1688404634758-1024x682.png\" \/>\n\t<meta property=\"og:image:width\" content=\"1024\" \/>\n\t<meta property=\"og:image:height\" content=\"682\" \/>\n\t<meta property=\"og:image:type\" content=\"image\/png\" \/>\n<meta name=\"author\" content=\"Paco Rico\" \/>\n<meta name=\"twitter:card\" content=\"summary_large_image\" \/>\n<meta name=\"twitter:label1\" content=\"\u00c9crit par\" \/>\n\t<meta name=\"twitter:data1\" content=\"Paco Rico\" \/>\n\t<meta name=\"twitter:label2\" content=\"Dur\u00e9e de lecture estim\u00e9e\" \/>\n\t<meta name=\"twitter:data2\" content=\"12 minutes\" \/>\n<script type=\"application\/ld+json\" class=\"yoast-schema-graph\">{\"@context\":\"https:\/\/schema.org\",\"@graph\":[{\"@type\":\"Article\",\"@id\":\"https:\/\/verdnatura.es\/fr\/les-tendances-florales-pour-la-saison-des-mariages-2023\/#article\",\"isPartOf\":{\"@id\":\"https:\/\/verdnatura.es\/fr\/les-tendances-florales-pour-la-saison-des-mariages-2023\/\"},\"author\":{\"name\":\"Paco Rico\",\"@id\":\"https:\/\/verdnatura.es\/fr\/#\/schema\/person\/53d4ed2e8592bfc761f9406305758f94\"},\"headline\":\"Les tendances florales pour la saison des mariages 2023\",\"datePublished\":\"2023-07-03T17:17:54+00:00\",\"dateModified\":\"2023-07-03T17:57:15+00:00\",\"mainEntityOfPage\":{\"@id\":\"https:\/\/verdnatura.es\/fr\/les-tendances-florales-pour-la-saison-des-mariages-2023\/\"},\"wordCount\":5669,\"commentCount\":0,\"publisher\":{\"@id\":\"https:\/\/verdnatura.es\/fr\/#organization\"},\"articleSection\":[\"Non classifi\u00e9\"],\"inLanguage\":\"fr-FR\",\"potentialAction\":[{\"@type\":\"CommentAction\",\"name\":\"Comment\",\"target\":[\"https:\/\/verdnatura.es\/fr\/les-tendances-florales-pour-la-saison-des-mariages-2023\/#respond\"]}]},{\"@type\":\"WebPage\",\"@id\":\"https:\/\/verdnatura.es\/fr\/les-tendances-florales-pour-la-saison-des-mariages-2023\/\",\"url\":\"https:\/\/verdnatura.es\/fr\/les-tendances-florales-pour-la-saison-des-mariages-2023\/\",\"name\":\"Les tendances florales pour la saison des mariages 2023 - Verdnatura\",\"isPartOf\":{\"@id\":\"https:\/\/verdnatura.es\/fr\/#website\"},\"datePublished\":\"2023-07-03T17:17:54+00:00\",\"dateModified\":\"2023-07-03T17:57:15+00:00\",\"breadcrumb\":{\"@id\":\"https:\/\/verdnatura.es\/fr\/les-tendances-florales-pour-la-saison-des-mariages-2023\/#breadcrumb\"},\"inLanguage\":\"fr-FR\",\"potentialAction\":[{\"@type\":\"ReadAction\",\"target\":[\"https:\/\/verdnatura.es\/fr\/les-tendances-florales-pour-la-saison-des-mariages-2023\/\"]}]},{\"@type\":\"BreadcrumbList\",\"@id\":\"https:\/\/verdnatura.es\/fr\/les-tendances-florales-pour-la-saison-des-mariages-2023\/#breadcrumb\",\"itemListElement\":[{\"@type\":\"ListItem\",\"position\":1,\"name\":\"Portada\",\"item\":\"https:\/\/verdnatura.es\/fr\/\"},{\"@type\":\"ListItem\",\"position\":2,\"name\":\"Les tendances florales pour la saison des mariages 2023\"}]},{\"@type\":\"WebSite\",\"@id\":\"https:\/\/verdnatura.es\/fr\/#website\",\"url\":\"https:\/\/verdnatura.es\/fr\/\",\"name\":\"Verdnatura\",\"description\":\"Mayorista de flores y plantas\",\"publisher\":{\"@id\":\"https:\/\/verdnatura.es\/fr\/#organization\"},\"potentialAction\":[{\"@type\":\"SearchAction\",\"target\":{\"@type\":\"EntryPoint\",\"urlTemplate\":\"https:\/\/verdnatura.es\/fr\/?s={search_term_string}\"},\"query-input\":{\"@type\":\"PropertyValueSpecification\",\"valueRequired\":true,\"valueName\":\"search_term_string\"}}],\"inLanguage\":\"fr-FR\"},{\"@type\":\"Organization\",\"@id\":\"https:\/\/verdnatura.es\/fr\/#organization\",\"name\":\"Verdnatura Levante SL\",\"url\":\"https:\/\/verdnatura.es\/fr\/\",\"logo\":{\"@type\":\"ImageObject\",\"inLanguage\":\"fr-FR\",\"@id\":\"https:\/\/verdnatura.es\/fr\/#\/schema\/logo\/image\/\",\"url\":\"https:\/\/verdnatura.es\/wp-content\/uploads\/2023\/12\/Marca-sin-fondo.png\",\"contentUrl\":\"https:\/\/verdnatura.es\/wp-content\/uploads\/2023\/12\/Marca-sin-fondo.png\",\"width\":1000,\"height\":630,\"caption\":\"Verdnatura Levante SL\"},\"image\":{\"@id\":\"https:\/\/verdnatura.es\/fr\/#\/schema\/logo\/image\/\"},\"sameAs\":[\"http:\/\/www.facebook.com\/verdnatura\",\"https:\/\/www.instagram.com\/verdnatura\",\"https:\/\/www.linkedin.com\/company\/verdnatura\"]},{\"@type\":\"Person\",\"@id\":\"https:\/\/verdnatura.es\/fr\/#\/schema\/person\/53d4ed2e8592bfc761f9406305758f94\",\"name\":\"Paco Rico\",\"image\":{\"@type\":\"ImageObject\",\"inLanguage\":\"fr-FR\",\"@id\":\"https:\/\/verdnatura.es\/fr\/#\/schema\/person\/image\/\",\"url\":\"https:\/\/secure.gravatar.com\/avatar\/6197f5cc34dcd4932835e81b1a79d4d29ac453876fb3f7982514e80454b0903f?s=96&d=mm&r=g\",\"contentUrl\":\"https:\/\/secure.gravatar.com\/avatar\/6197f5cc34dcd4932835e81b1a79d4d29ac453876fb3f7982514e80454b0903f?s=96&d=mm&r=g\",\"caption\":\"Paco Rico\"},\"url\":\"https:\/\/verdnatura.es\/fr\/author\/pacorico\/\"}]}<\/script>\n<!-- \/ Yoast SEO plugin. -->","yoast_head_json":{"title":"Les tendances florales pour la saison des mariages 2023 - Verdnatura","robots":{"index":"index","follow":"follow","max-snippet":"max-snippet:-1","max-image-preview":"max-image-preview:large","max-video-preview":"max-video-preview:-1"},"canonical":"https:\/\/verdnatura.es\/fr\/les-tendances-florales-pour-la-saison-des-mariages-2023\/","og_locale":"fr_FR","og_type":"article","og_title":"Les tendances florales pour la saison des mariages 2023 - Verdnatura","og_url":"https:\/\/verdnatura.es\/fr\/les-tendances-florales-pour-la-saison-des-mariages-2023\/","og_site_name":"Verdnatura","article_publisher":"http:\/\/www.facebook.com\/verdnatura","article_published_time":"2023-07-03T17:17:54+00:00","article_modified_time":"2023-07-03T17:57:15+00:00","og_image":[{"width":1024,"height":682,"url":"https:\/\/verdnatura.es\/wp-content\/uploads\/2023\/06\/Captura-de-Pantalla-2023-06-16-a-las-7.45.42-e1688404634758-1024x682.png","type":"image\/png"}],"author":"Paco Rico","twitter_card":"summary_large_image","twitter_misc":{"\u00c9crit par":"Paco Rico","Dur\u00e9e de lecture estim\u00e9e":"12 minutes"},"schema":{"@context":"https:\/\/schema.org","@graph":[{"@type":"Article","@id":"https:\/\/verdnatura.es\/fr\/les-tendances-florales-pour-la-saison-des-mariages-2023\/#article","isPartOf":{"@id":"https:\/\/verdnatura.es\/fr\/les-tendances-florales-pour-la-saison-des-mariages-2023\/"},"author":{"name":"Paco Rico","@id":"https:\/\/verdnatura.es\/fr\/#\/schema\/person\/53d4ed2e8592bfc761f9406305758f94"},"headline":"Les tendances florales pour la saison des mariages 2023","datePublished":"2023-07-03T17:17:54+00:00","dateModified":"2023-07-03T17:57:15+00:00","mainEntityOfPage":{"@id":"https:\/\/verdnatura.es\/fr\/les-tendances-florales-pour-la-saison-des-mariages-2023\/"},"wordCount":5669,"commentCount":0,"publisher":{"@id":"https:\/\/verdnatura.es\/fr\/#organization"},"articleSection":["Non classifi\u00e9"],"inLanguage":"fr-FR","potentialAction":[{"@type":"CommentAction","name":"Comment","target":["https:\/\/verdnatura.es\/fr\/les-tendances-florales-pour-la-saison-des-mariages-2023\/#respond"]}]},{"@type":"WebPage","@id":"https:\/\/verdnatura.es\/fr\/les-tendances-florales-pour-la-saison-des-mariages-2023\/","url":"https:\/\/verdnatura.es\/fr\/les-tendances-florales-pour-la-saison-des-mariages-2023\/","name":"Les tendances florales pour la saison des mariages 2023 - Verdnatura","isPartOf":{"@id":"https:\/\/verdnatura.es\/fr\/#website"},"datePublished":"2023-07-03T17:17:54+00:00","dateModified":"2023-07-03T17:57:15+00:00","breadcrumb":{"@id":"https:\/\/verdnatura.es\/fr\/les-tendances-florales-pour-la-saison-des-mariages-2023\/#breadcrumb"},"inLanguage":"fr-FR","potentialAction":[{"@type":"ReadAction","target":["https:\/\/verdnatura.es\/fr\/les-tendances-florales-pour-la-saison-des-mariages-2023\/"]}]},{"@type":"BreadcrumbList","@id":"https:\/\/verdnatura.es\/fr\/les-tendances-florales-pour-la-saison-des-mariages-2023\/#breadcrumb","itemListElement":[{"@type":"ListItem","position":1,"name":"Portada","item":"https:\/\/verdnatura.es\/fr\/"},{"@type":"ListItem","position":2,"name":"Les tendances florales pour la saison des mariages 2023"}]},{"@type":"WebSite","@id":"https:\/\/verdnatura.es\/fr\/#website","url":"https:\/\/verdnatura.es\/fr\/","name":"Verdnatura","description":"Mayorista de flores y plantas","publisher":{"@id":"https:\/\/verdnatura.es\/fr\/#organization"},"potentialAction":[{"@type":"SearchAction","target":{"@type":"EntryPoint","urlTemplate":"https:\/\/verdnatura.es\/fr\/?s={search_term_string}"},"query-input":{"@type":"PropertyValueSpecification","valueRequired":true,"valueName":"search_term_string"}}],"inLanguage":"fr-FR"},{"@type":"Organization","@id":"https:\/\/verdnatura.es\/fr\/#organization","name":"Verdnatura Levante SL","url":"https:\/\/verdnatura.es\/fr\/","logo":{"@type":"ImageObject","inLanguage":"fr-FR","@id":"https:\/\/verdnatura.es\/fr\/#\/schema\/logo\/image\/","url":"https:\/\/verdnatura.es\/wp-content\/uploads\/2023\/12\/Marca-sin-fondo.png","contentUrl":"https:\/\/verdnatura.es\/wp-content\/uploads\/2023\/12\/Marca-sin-fondo.png","width":1000,"height":630,"caption":"Verdnatura Levante SL"},"image":{"@id":"https:\/\/verdnatura.es\/fr\/#\/schema\/logo\/image\/"},"sameAs":["http:\/\/www.facebook.com\/verdnatura","https:\/\/www.instagram.com\/verdnatura","https:\/\/www.linkedin.com\/company\/verdnatura"]},{"@type":"Person","@id":"https:\/\/verdnatura.es\/fr\/#\/schema\/person\/53d4ed2e8592bfc761f9406305758f94","name":"Paco Rico","image":{"@type":"ImageObject","inLanguage":"fr-FR","@id":"https:\/\/verdnatura.es\/fr\/#\/schema\/person\/image\/","url":"https:\/\/secure.gravatar.com\/avatar\/6197f5cc34dcd4932835e81b1a79d4d29ac453876fb3f7982514e80454b0903f?s=96&d=mm&r=g","contentUrl":"https:\/\/secure.gravatar.com\/avatar\/6197f5cc34dcd4932835e81b1a79d4d29ac453876fb3f7982514e80454b0903f?s=96&d=mm&r=g","caption":"Paco Rico"},"url":"https:\/\/verdnatura.es\/fr\/author\/pacorico\/"}]}},"_links":{"self":[{"href":"https:\/\/verdnatura.es\/fr\/wp-json\/wp\/v2\/posts\/7123","targetHints":{"allow":["GET"]}}],"collection":[{"href":"https:\/\/verdnatura.es\/fr\/wp-json\/wp\/v2\/posts"}],"about":[{"href":"https:\/\/verdnatura.es\/fr\/wp-json\/wp\/v2\/types\/post"}],"author":[{"embeddable":true,"href":"https:\/\/verdnatura.es\/fr\/wp-json\/wp\/v2\/users\/2"}],"replies":[{"embeddable":true,"href":"https:\/\/verdnatura.es\/fr\/wp-json\/wp\/v2\/comments?post=7123"}],"version-history":[{"count":6,"href":"https:\/\/verdnatura.es\/fr\/wp-json\/wp\/v2\/posts\/7123\/revisions"}],"predecessor-version":[{"id":7136,"href":"https:\/\/verdnatura.es\/fr\/wp-json\/wp\/v2\/posts\/7123\/revisions\/7136"}],"wp:attachment":[{"href":"https:\/\/verdnatura.es\/fr\/wp-json\/wp\/v2\/media?parent=7123"}],"wp:term":[{"taxonomy":"category","embeddable":true,"href":"https:\/\/verdnatura.es\/fr\/wp-json\/wp\/v2\/categories?post=7123"},{"taxonomy":"post_tag","embeddable":true,"href":"https:\/\/verdnatura.es\/fr\/wp-json\/wp\/v2\/tags?post=7123"}],"curies":[{"name":"wp","href":"https:\/\/api.w.org\/{rel}","templated":true}]}}