{"id":7374,"date":"2023-12-11T10:50:22","date_gmt":"2023-12-11T09:50:22","guid":{"rendered":"https:\/\/verdnatura.es\/?p=7374"},"modified":"2024-08-02T10:11:03","modified_gmt":"2024-08-02T08:11:03","slug":"7374","status":"publish","type":"post","link":"https:\/\/verdnatura.es\/fr\/7374\/","title":{"rendered":"Las couronnes de No\u00ebl"},"content":{"rendered":"<div class=\"fusion-fullwidth fullwidth-box fusion-builder-row-1 fusion-flex-container has-pattern-background has-mask-background nonhundred-percent-fullwidth non-hundred-percent-height-scrolling\" style=\"--awb-border-radius-top-left:0px;--awb-border-radius-top-right:0px;--awb-border-radius-bottom-right:0px;--awb-border-radius-bottom-left:0px;--awb-flex-wrap:wrap;\" ><div class=\"fusion-builder-row fusion-row fusion-flex-align-items-flex-start fusion-flex-content-wrap\" style=\"max-width:1352px;margin-left: calc(-4% \/ 2 );margin-right: calc(-4% \/ 2 );\"><div class=\"fusion-layout-column fusion_builder_column fusion-builder-column-0 fusion_builder_column_1_1 1_1 fusion-flex-column\" style=\"--awb-bg-size:cover;--awb-width-large:100%;--awb-margin-top-large:0px;--awb-spacing-right-large:1.92%;--awb-margin-bottom-large:0px;--awb-spacing-left-large:1.92%;--awb-width-medium:100%;--awb-order-medium:0;--awb-spacing-right-medium:1.92%;--awb-spacing-left-medium:1.92%;--awb-width-small:100%;--awb-order-small:0;--awb-spacing-right-small:1.92%;--awb-spacing-left-small:1.92%;\"><div class=\"fusion-column-wrapper fusion-column-has-shadow fusion-flex-justify-content-flex-start fusion-content-layout-column\"><div class=\"fusion-separator fusion-full-width-sep\" style=\"align-self: center;margin-left: auto;margin-right: auto;width:100%;\"><\/div><div class=\"fusion-image-element \" style=\"--awb-caption-title-font-family:var(--h2_typography-font-family);--awb-caption-title-font-weight:var(--h2_typography-font-weight);--awb-caption-title-font-style:var(--h2_typography-font-style);--awb-caption-title-size:var(--h2_typography-font-size);--awb-caption-title-transform:var(--h2_typography-text-transform);--awb-caption-title-line-height:var(--h2_typography-line-height);--awb-caption-title-letter-spacing:var(--h2_typography-letter-spacing);\"><span class=\" fusion-imageframe imageframe-none imageframe-1 hover-type-none\"><img decoding=\"async\" width=\"2240\" height=\"1260\" alt=\"Las couronnes de No\u00ebl\" title=\"Disen\u0303o sin ti\u0301tulo (29)\" src=\"https:\/\/verdnatura.es\/wp-content\/uploads\/2023\/12\/Diseno-sin-titulo-29.png\" data-orig-src=\"https:\/\/verdnatura.es\/wp-content\/uploads\/2023\/12\/Diseno-sin-titulo-29.png\" class=\"lazyload img-responsive wp-image-7376\" srcset=\"data:image\/svg+xml,%3Csvg%20xmlns%3D%27http%3A%2F%2Fwww.w3.org%2F2000%2Fsvg%27%20width%3D%272240%27%20height%3D%271260%27%20viewBox%3D%270%200%202240%201260%27%3E%3Crect%20width%3D%272240%27%20height%3D%271260%27%20fill-opacity%3D%220%22%2F%3E%3C%2Fsvg%3E\" data-srcset=\"https:\/\/verdnatura.es\/wp-content\/uploads\/2023\/12\/Diseno-sin-titulo-29-200x113.png 200w, https:\/\/verdnatura.es\/wp-content\/uploads\/2023\/12\/Diseno-sin-titulo-29-400x225.png 400w, https:\/\/verdnatura.es\/wp-content\/uploads\/2023\/12\/Diseno-sin-titulo-29-600x338.png 600w, https:\/\/verdnatura.es\/wp-content\/uploads\/2023\/12\/Diseno-sin-titulo-29-800x450.png 800w, https:\/\/verdnatura.es\/wp-content\/uploads\/2023\/12\/Diseno-sin-titulo-29-1200x675.png 1200w, https:\/\/verdnatura.es\/wp-content\/uploads\/2023\/12\/Diseno-sin-titulo-29.png 2240w\" data-sizes=\"auto\" data-orig-sizes=\"(max-width: 1024px) 100vw, (max-width: 640px) 100vw, 2240px\" \/><\/span><\/div><div class=\"fusion-separator fusion-full-width-sep\" style=\"align-self: center;margin-left: auto;margin-right: auto;width:100%;\"><\/div><div class=\"fusion-text fusion-text-1\"><p><span style=\"font-weight: 400;\">En cette p\u00e9riode de No\u00ebl, lorsque nos cr\u00e9ations occupent le devant de la sc\u00e8ne, nous explorons la palette fascinante des possibilit\u00e9s offertes par les couronnes de No\u00ebl. Parmi les traditions les plus ch\u00e8res, les couronnes de No\u00ebl se distinguent comme un symbole d'hospitalit\u00e9 et de joie festive.<\/span><\/p>\n<p><span style=\"font-weight: 400;\">C'est pourquoi nous vous pr\u00e9sentons aujourd'hui diff\u00e9rentes compositions pour surprendre vos clients.<\/span><\/p>\n<\/div><div class=\"fusion-title title fusion-title-1 fusion-sep-none fusion-title-text fusion-title-size-two\" style=\"--awb-margin-top-small:20px;--awb-margin-right-small:0px;--awb-margin-bottom-small:20px;--awb-margin-left-small:0px;\"><h2 class=\"fusion-title-heading title-heading-left fusion-responsive-typography-calculated\" style=\"margin:0;--fontSize:40;line-height:1.2;\"><strong>Id\u00e9es pour cr\u00e9er vos couronnes de No\u00ebl<\/strong><\/h2><\/div><div class=\"fusion-title title fusion-title-2 fusion-sep-none fusion-title-text fusion-title-size-three\" style=\"--awb-margin-top-small:20px;--awb-margin-right-small:0px;--awb-margin-bottom-small:20px;--awb-margin-left-small:0px;\"><h3 class=\"fusion-title-heading title-heading-left fusion-responsive-typography-calculated\" style=\"margin:0;--fontSize:28;line-height:1.2;\"><span style=\"font-weight: 400;\">Couronne de No\u00ebl en sapin et pommes de pin<\/span><\/h3><\/div><div class=\"fusion-text fusion-text-2\"><p><span style=\"font-weight: 400;\">Les couronnes de No\u00ebl traditionnelles sont des repr\u00e9sentations embl\u00e9matiques festives, enracin\u00e9es dans une riche histoire et symbolisme.<\/span><\/p>\n<p><span style=\"font-weight: 400;\">La structure fondamentale de la couronne est compos\u00e9e de branches fra\u00eeches de sapin. Elles s'entrelacent habilement pour cr\u00e9er un cercle parfait, refl\u00e9tant ainsi l'harmonie et l'\u00e9quilibre avec cette sym\u00e9trie.<\/span><\/p>\n<p><span style=\"font-weight: 400;\">Les pommes de pin sont r\u00e9parties de mani\u00e8re strat\u00e9gique, conservant leur teinte naturelle et ajoutant une touche rustique ainsi qu'un sens de l'authenticit\u00e9 et de la tradition. Pour accentuer la couronne, des rubans de couleur rouge sont incorpor\u00e9s, accompagn\u00e9s de baies rouges, ajoutant une touche de couleur vibrante.<\/span><\/p>\n<\/div><div class=\"fusion-title title fusion-title-3 fusion-sep-none fusion-title-text fusion-title-size-three\" style=\"--awb-margin-top-small:20px;--awb-margin-right-small:0px;--awb-margin-bottom-small:20px;--awb-margin-left-small:0px;\"><h3 class=\"fusion-title-heading title-heading-left fusion-responsive-typography-calculated\" style=\"margin:0;--fontSize:28;line-height:1.2;\"><span style=\"font-weight: 400;\">Couronne de No\u00ebl avec des ornements dor\u00e9s<\/span><\/h3><\/div><div class=\"fusion-text fusion-text-3\"><p><span style=\"font-weight: 400;\">Cette couronne se distingue par son \u00e9quilibre entre le classique et le contemporain, avec des touches dor\u00e9es qui ajoutent une brillance particuli\u00e8re.<\/span><\/p>\n<p><span style=\"font-weight: 400;\">La structure principale est compos\u00e9e de branches fra\u00eeches de sapin, cr\u00e9ant une base verte. Sur celle-ci, des pommes de pin naturelles sont r\u00e9parties, ajoutant une touche terreuse et authentique.<\/span><\/p>\n<p><span style=\"font-weight: 400;\">Les ornements et d\u00e9tails en tons dor\u00e9s, soigneusement s\u00e9lectionn\u00e9s, s'entrelacent entre les branches. Chaque ornement dor\u00e9 apporte sa touche de brillance parmi le vert du sapin, transmettant l'essence festive.<\/span><\/p>\n<p><span style=\"font-weight: 400;\">Contrairement aux couronnes traditionnelles, cette couronne se passe du ruban rouge, optant pour une approche plus contemporaine et minimaliste.<\/span><\/p>\n<\/div><div class=\"fusion-title title fusion-title-4 fusion-sep-none fusion-title-text fusion-title-size-three\" style=\"--awb-margin-top-small:20px;--awb-margin-right-small:0px;--awb-margin-bottom-small:20px;--awb-margin-left-small:0px;\"><h3 class=\"fusion-title-heading title-heading-left fusion-responsive-typography-calculated\" style=\"margin:0;--fontSize:28;line-height:1.2;\"><span style=\"font-weight: 400;\">Couronne de No\u00ebl avec de l'eucalyptus et des nuances blanches <\/span><\/h3><\/div><div class=\"fusion-text fusion-text-4\"><p><span style=\"font-weight: 400;\">Les feuilles d'eucalyptus et les nuances blanches se combinent pour cr\u00e9er un effet plus frais.<\/span><\/p>\n<p><span style=\"font-weight: 400;\">La base de la couronne est confectionn\u00e9e principalement avec des branches fra\u00eeches d'eucalyptus, infusant un parfum frais et caract\u00e9ristique. Parmi ces branches, des feuilles aux nuances blanches sont dispos\u00e9es de mani\u00e8re strat\u00e9gique, ajoutant de l'\u00e9l\u00e9gance \u00e0 la couronne.<\/span><\/p>\n<p><span style=\"font-weight: 400;\">L'absence de rubans, touches rouges et lumi\u00e8res permet \u00e0 la simplicit\u00e9 et \u00e0 l'authenticit\u00e9 des \u00e9l\u00e9ments naturels d'\u00eatre les protagonistes, cr\u00e9ant une pi\u00e8ce distinctive pour cette saison.<\/span><\/p>\n<\/div><div class=\"fusion-title title fusion-title-5 fusion-sep-none fusion-title-text fusion-title-size-three\" style=\"--awb-margin-top-small:20px;--awb-margin-right-small:0px;--awb-margin-bottom-small:20px;--awb-margin-left-small:0px;\"><h3 class=\"fusion-title-heading title-heading-left fusion-responsive-typography-calculated\" style=\"margin:0;--fontSize:28;line-height:1.2;\"><span style=\"font-weight: 400;\">Couronne de No\u00ebl aux baies<\/span><\/h3><\/div><div class=\"fusion-text fusion-text-5\"><p><span style=\"font-weight: 400;\">La couronne de baies est une composition cr\u00e9\u00e9e \u00e0 partir de baies associ\u00e9es \u00e0 des touches de vert.<\/span><\/p>\n<p><span style=\"font-weight: 400;\">Cette couronne est tiss\u00e9e avec un ensemble de baies vibrantes qui apportent une touche festive. Ces petites sph\u00e8res color\u00e9es sont le point focal visuel, ajoutant vitalit\u00e9 et fra\u00eecheur \u00e0 la cr\u00e9ation.<\/span><\/p>\n<p><span style=\"font-weight: 400;\">Des touches subtiles de vert, telles que des branches ou du feuillage, sont int\u00e9gr\u00e9es pour fournir un contraste qui met en valeur la couleur et la richesse des baies sans leur \u00f4ter la vedette.<\/span><\/p>\n<p><span style=\"font-weight: 400;\">La caract\u00e9ristique principale de cette couronne est sa simplicit\u00e9. L'absence de lumi\u00e8res et d'ornements suppl\u00e9mentaires met en valeur l'expression pure des baies et des touches de vert, cr\u00e9ant une pi\u00e8ce qui transmet l'\u00e9l\u00e9gance naturelle et la festivit\u00e9.<\/span><\/p>\n<\/div><div class=\"fusion-separator fusion-full-width-sep\" style=\"align-self: center;margin-left: auto;margin-right: auto;width:100%;\"><\/div><div class=\"fusion-text fusion-text-6\"><p><span style=\"font-weight: 400;\">En cette p\u00e9riode festive, nos mains talentueuses ont le pouvoir de donner vie \u00e0 la magie de No\u00ebl. Nous esp\u00e9rons que nos propositions de couronnes de fleurs fra\u00eeches vous ont inspir\u00e9 \u00e0 cr\u00e9er les meilleures couronnes pour vos clients. Vous pouvez trouver tout ce dont vous avez besoin en visitant notre site web <a href=\"https:\/\/verdnatura.es\/fr\">www.verdnatura.es\/fr\/<\/a><\/span><\/p>\n<\/div><\/div><\/div><\/div><\/div>\n","protected":false},"excerpt":{"rendered":"","protected":false},"author":2,"featured_media":7376,"comment_status":"open","ping_status":"open","sticky":false,"template":"","format":"standard","meta":{"_acf_changed":false,"footnotes":""},"categories":[70],"tags":[],"class_list":["post-7374","post","type-post","status-publish","format-standard","has-post-thumbnail","hentry","category-non-classifie"],"acf":[],"yoast_head":"<!-- This site is optimized with the Yoast SEO plugin v27.1.1 - https:\/\/yoast.com\/product\/yoast-seo-wordpress\/ -->\n<title>Las couronnes de No\u00ebl - Verdnatura<\/title>\n<meta name=\"robots\" content=\"index, follow, max-snippet:-1, max-image-preview:large, max-video-preview:-1\" \/>\n<link rel=\"canonical\" href=\"https:\/\/verdnatura.es\/fr\/7374\/\" \/>\n<meta property=\"og:locale\" content=\"fr_FR\" \/>\n<meta property=\"og:type\" content=\"article\" \/>\n<meta property=\"og:title\" content=\"Las couronnes de No\u00ebl - Verdnatura\" \/>\n<meta property=\"og:url\" content=\"https:\/\/verdnatura.es\/fr\/7374\/\" \/>\n<meta property=\"og:site_name\" content=\"Verdnatura\" \/>\n<meta property=\"article:publisher\" content=\"http:\/\/www.facebook.com\/verdnatura\" \/>\n<meta property=\"article:published_time\" content=\"2023-12-11T09:50:22+00:00\" \/>\n<meta property=\"article:modified_time\" content=\"2024-08-02T08:11:03+00:00\" \/>\n<meta property=\"og:image\" content=\"https:\/\/verdnatura.es\/wp-content\/uploads\/2023\/12\/Diseno-sin-titulo-29-1024x576.png\" \/>\n\t<meta property=\"og:image:width\" content=\"1024\" \/>\n\t<meta property=\"og:image:height\" content=\"576\" \/>\n\t<meta property=\"og:image:type\" content=\"image\/png\" \/>\n<meta name=\"author\" content=\"Paco Rico\" \/>\n<meta name=\"twitter:card\" content=\"summary_large_image\" \/>\n<meta name=\"twitter:label1\" content=\"\u00c9crit par\" \/>\n\t<meta name=\"twitter:data1\" content=\"Paco Rico\" \/>\n\t<meta name=\"twitter:label2\" content=\"Dur\u00e9e de lecture estim\u00e9e\" \/>\n\t<meta name=\"twitter:data2\" content=\"3 minutes\" \/>\n<script type=\"application\/ld+json\" class=\"yoast-schema-graph\">{\"@context\":\"https:\/\/schema.org\",\"@graph\":[{\"@type\":\"Article\",\"@id\":\"https:\/\/verdnatura.es\/fr\/7374\/#article\",\"isPartOf\":{\"@id\":\"https:\/\/verdnatura.es\/fr\/7374\/\"},\"author\":{\"name\":\"Paco Rico\",\"@id\":\"https:\/\/verdnatura.es\/fr\/#\/schema\/person\/53d4ed2e8592bfc761f9406305758f94\"},\"headline\":\"Las couronnes de No\u00ebl\",\"datePublished\":\"2023-12-11T09:50:22+00:00\",\"dateModified\":\"2024-08-02T08:11:03+00:00\",\"mainEntityOfPage\":{\"@id\":\"https:\/\/verdnatura.es\/fr\/7374\/\"},\"wordCount\":1817,\"commentCount\":0,\"publisher\":{\"@id\":\"https:\/\/verdnatura.es\/fr\/#organization\"},\"image\":{\"@id\":\"https:\/\/verdnatura.es\/fr\/7374\/#primaryimage\"},\"thumbnailUrl\":\"https:\/\/verdnatura.es\/wp-content\/uploads\/2023\/12\/Diseno-sin-titulo-29.png\",\"articleSection\":[\"Non classifi\u00e9\"],\"inLanguage\":\"fr-FR\",\"potentialAction\":[{\"@type\":\"CommentAction\",\"name\":\"Comment\",\"target\":[\"https:\/\/verdnatura.es\/fr\/7374\/#respond\"]}]},{\"@type\":\"WebPage\",\"@id\":\"https:\/\/verdnatura.es\/fr\/7374\/\",\"url\":\"https:\/\/verdnatura.es\/fr\/7374\/\",\"name\":\"Las couronnes de No\u00ebl - Verdnatura\",\"isPartOf\":{\"@id\":\"https:\/\/verdnatura.es\/fr\/#website\"},\"primaryImageOfPage\":{\"@id\":\"https:\/\/verdnatura.es\/fr\/7374\/#primaryimage\"},\"image\":{\"@id\":\"https:\/\/verdnatura.es\/fr\/7374\/#primaryimage\"},\"thumbnailUrl\":\"https:\/\/verdnatura.es\/wp-content\/uploads\/2023\/12\/Diseno-sin-titulo-29.png\",\"datePublished\":\"2023-12-11T09:50:22+00:00\",\"dateModified\":\"2024-08-02T08:11:03+00:00\",\"breadcrumb\":{\"@id\":\"https:\/\/verdnatura.es\/fr\/7374\/#breadcrumb\"},\"inLanguage\":\"fr-FR\",\"potentialAction\":[{\"@type\":\"ReadAction\",\"target\":[\"https:\/\/verdnatura.es\/fr\/7374\/\"]}]},{\"@type\":\"ImageObject\",\"inLanguage\":\"fr-FR\",\"@id\":\"https:\/\/verdnatura.es\/fr\/7374\/#primaryimage\",\"url\":\"https:\/\/verdnatura.es\/wp-content\/uploads\/2023\/12\/Diseno-sin-titulo-29.png\",\"contentUrl\":\"https:\/\/verdnatura.es\/wp-content\/uploads\/2023\/12\/Diseno-sin-titulo-29.png\",\"width\":2240,\"height\":1260,\"caption\":\"Las couronnes de No\u00ebl\"},{\"@type\":\"BreadcrumbList\",\"@id\":\"https:\/\/verdnatura.es\/fr\/7374\/#breadcrumb\",\"itemListElement\":[{\"@type\":\"ListItem\",\"position\":1,\"name\":\"Portada\",\"item\":\"https:\/\/verdnatura.es\/fr\/\"},{\"@type\":\"ListItem\",\"position\":2,\"name\":\"Las couronnes de No\u00ebl\"}]},{\"@type\":\"WebSite\",\"@id\":\"https:\/\/verdnatura.es\/fr\/#website\",\"url\":\"https:\/\/verdnatura.es\/fr\/\",\"name\":\"Verdnatura\",\"description\":\"Mayorista de flores y plantas\",\"publisher\":{\"@id\":\"https:\/\/verdnatura.es\/fr\/#organization\"},\"potentialAction\":[{\"@type\":\"SearchAction\",\"target\":{\"@type\":\"EntryPoint\",\"urlTemplate\":\"https:\/\/verdnatura.es\/fr\/?s={search_term_string}\"},\"query-input\":{\"@type\":\"PropertyValueSpecification\",\"valueRequired\":true,\"valueName\":\"search_term_string\"}}],\"inLanguage\":\"fr-FR\"},{\"@type\":\"Organization\",\"@id\":\"https:\/\/verdnatura.es\/fr\/#organization\",\"name\":\"Verdnatura Levante SL\",\"url\":\"https:\/\/verdnatura.es\/fr\/\",\"logo\":{\"@type\":\"ImageObject\",\"inLanguage\":\"fr-FR\",\"@id\":\"https:\/\/verdnatura.es\/fr\/#\/schema\/logo\/image\/\",\"url\":\"https:\/\/verdnatura.es\/wp-content\/uploads\/2023\/12\/Marca-sin-fondo.png\",\"contentUrl\":\"https:\/\/verdnatura.es\/wp-content\/uploads\/2023\/12\/Marca-sin-fondo.png\",\"width\":1000,\"height\":630,\"caption\":\"Verdnatura Levante SL\"},\"image\":{\"@id\":\"https:\/\/verdnatura.es\/fr\/#\/schema\/logo\/image\/\"},\"sameAs\":[\"http:\/\/www.facebook.com\/verdnatura\",\"https:\/\/www.instagram.com\/verdnatura\",\"https:\/\/www.linkedin.com\/company\/verdnatura\"]},{\"@type\":\"Person\",\"@id\":\"https:\/\/verdnatura.es\/fr\/#\/schema\/person\/53d4ed2e8592bfc761f9406305758f94\",\"name\":\"Paco Rico\",\"image\":{\"@type\":\"ImageObject\",\"inLanguage\":\"fr-FR\",\"@id\":\"https:\/\/verdnatura.es\/fr\/#\/schema\/person\/image\/\",\"url\":\"https:\/\/secure.gravatar.com\/avatar\/6197f5cc34dcd4932835e81b1a79d4d29ac453876fb3f7982514e80454b0903f?s=96&d=mm&r=g\",\"contentUrl\":\"https:\/\/secure.gravatar.com\/avatar\/6197f5cc34dcd4932835e81b1a79d4d29ac453876fb3f7982514e80454b0903f?s=96&d=mm&r=g\",\"caption\":\"Paco Rico\"},\"url\":\"https:\/\/verdnatura.es\/fr\/author\/pacorico\/\"}]}<\/script>\n<!-- \/ Yoast SEO plugin. -->","yoast_head_json":{"title":"Las couronnes de No\u00ebl - Verdnatura","robots":{"index":"index","follow":"follow","max-snippet":"max-snippet:-1","max-image-preview":"max-image-preview:large","max-video-preview":"max-video-preview:-1"},"canonical":"https:\/\/verdnatura.es\/fr\/7374\/","og_locale":"fr_FR","og_type":"article","og_title":"Las couronnes de No\u00ebl - Verdnatura","og_url":"https:\/\/verdnatura.es\/fr\/7374\/","og_site_name":"Verdnatura","article_publisher":"http:\/\/www.facebook.com\/verdnatura","article_published_time":"2023-12-11T09:50:22+00:00","article_modified_time":"2024-08-02T08:11:03+00:00","og_image":[{"width":1024,"height":576,"url":"https:\/\/verdnatura.es\/wp-content\/uploads\/2023\/12\/Diseno-sin-titulo-29-1024x576.png","type":"image\/png"}],"author":"Paco Rico","twitter_card":"summary_large_image","twitter_misc":{"\u00c9crit par":"Paco Rico","Dur\u00e9e de lecture estim\u00e9e":"3 minutes"},"schema":{"@context":"https:\/\/schema.org","@graph":[{"@type":"Article","@id":"https:\/\/verdnatura.es\/fr\/7374\/#article","isPartOf":{"@id":"https:\/\/verdnatura.es\/fr\/7374\/"},"author":{"name":"Paco Rico","@id":"https:\/\/verdnatura.es\/fr\/#\/schema\/person\/53d4ed2e8592bfc761f9406305758f94"},"headline":"Las couronnes de No\u00ebl","datePublished":"2023-12-11T09:50:22+00:00","dateModified":"2024-08-02T08:11:03+00:00","mainEntityOfPage":{"@id":"https:\/\/verdnatura.es\/fr\/7374\/"},"wordCount":1817,"commentCount":0,"publisher":{"@id":"https:\/\/verdnatura.es\/fr\/#organization"},"image":{"@id":"https:\/\/verdnatura.es\/fr\/7374\/#primaryimage"},"thumbnailUrl":"https:\/\/verdnatura.es\/wp-content\/uploads\/2023\/12\/Diseno-sin-titulo-29.png","articleSection":["Non classifi\u00e9"],"inLanguage":"fr-FR","potentialAction":[{"@type":"CommentAction","name":"Comment","target":["https:\/\/verdnatura.es\/fr\/7374\/#respond"]}]},{"@type":"WebPage","@id":"https:\/\/verdnatura.es\/fr\/7374\/","url":"https:\/\/verdnatura.es\/fr\/7374\/","name":"Las couronnes de No\u00ebl - Verdnatura","isPartOf":{"@id":"https:\/\/verdnatura.es\/fr\/#website"},"primaryImageOfPage":{"@id":"https:\/\/verdnatura.es\/fr\/7374\/#primaryimage"},"image":{"@id":"https:\/\/verdnatura.es\/fr\/7374\/#primaryimage"},"thumbnailUrl":"https:\/\/verdnatura.es\/wp-content\/uploads\/2023\/12\/Diseno-sin-titulo-29.png","datePublished":"2023-12-11T09:50:22+00:00","dateModified":"2024-08-02T08:11:03+00:00","breadcrumb":{"@id":"https:\/\/verdnatura.es\/fr\/7374\/#breadcrumb"},"inLanguage":"fr-FR","potentialAction":[{"@type":"ReadAction","target":["https:\/\/verdnatura.es\/fr\/7374\/"]}]},{"@type":"ImageObject","inLanguage":"fr-FR","@id":"https:\/\/verdnatura.es\/fr\/7374\/#primaryimage","url":"https:\/\/verdnatura.es\/wp-content\/uploads\/2023\/12\/Diseno-sin-titulo-29.png","contentUrl":"https:\/\/verdnatura.es\/wp-content\/uploads\/2023\/12\/Diseno-sin-titulo-29.png","width":2240,"height":1260,"caption":"Las couronnes de No\u00ebl"},{"@type":"BreadcrumbList","@id":"https:\/\/verdnatura.es\/fr\/7374\/#breadcrumb","itemListElement":[{"@type":"ListItem","position":1,"name":"Portada","item":"https:\/\/verdnatura.es\/fr\/"},{"@type":"ListItem","position":2,"name":"Las couronnes de No\u00ebl"}]},{"@type":"WebSite","@id":"https:\/\/verdnatura.es\/fr\/#website","url":"https:\/\/verdnatura.es\/fr\/","name":"Verdnatura","description":"Mayorista de flores y plantas","publisher":{"@id":"https:\/\/verdnatura.es\/fr\/#organization"},"potentialAction":[{"@type":"SearchAction","target":{"@type":"EntryPoint","urlTemplate":"https:\/\/verdnatura.es\/fr\/?s={search_term_string}"},"query-input":{"@type":"PropertyValueSpecification","valueRequired":true,"valueName":"search_term_string"}}],"inLanguage":"fr-FR"},{"@type":"Organization","@id":"https:\/\/verdnatura.es\/fr\/#organization","name":"Verdnatura Levante SL","url":"https:\/\/verdnatura.es\/fr\/","logo":{"@type":"ImageObject","inLanguage":"fr-FR","@id":"https:\/\/verdnatura.es\/fr\/#\/schema\/logo\/image\/","url":"https:\/\/verdnatura.es\/wp-content\/uploads\/2023\/12\/Marca-sin-fondo.png","contentUrl":"https:\/\/verdnatura.es\/wp-content\/uploads\/2023\/12\/Marca-sin-fondo.png","width":1000,"height":630,"caption":"Verdnatura Levante SL"},"image":{"@id":"https:\/\/verdnatura.es\/fr\/#\/schema\/logo\/image\/"},"sameAs":["http:\/\/www.facebook.com\/verdnatura","https:\/\/www.instagram.com\/verdnatura","https:\/\/www.linkedin.com\/company\/verdnatura"]},{"@type":"Person","@id":"https:\/\/verdnatura.es\/fr\/#\/schema\/person\/53d4ed2e8592bfc761f9406305758f94","name":"Paco Rico","image":{"@type":"ImageObject","inLanguage":"fr-FR","@id":"https:\/\/verdnatura.es\/fr\/#\/schema\/person\/image\/","url":"https:\/\/secure.gravatar.com\/avatar\/6197f5cc34dcd4932835e81b1a79d4d29ac453876fb3f7982514e80454b0903f?s=96&d=mm&r=g","contentUrl":"https:\/\/secure.gravatar.com\/avatar\/6197f5cc34dcd4932835e81b1a79d4d29ac453876fb3f7982514e80454b0903f?s=96&d=mm&r=g","caption":"Paco Rico"},"url":"https:\/\/verdnatura.es\/fr\/author\/pacorico\/"}]}},"_links":{"self":[{"href":"https:\/\/verdnatura.es\/fr\/wp-json\/wp\/v2\/posts\/7374","targetHints":{"allow":["GET"]}}],"collection":[{"href":"https:\/\/verdnatura.es\/fr\/wp-json\/wp\/v2\/posts"}],"about":[{"href":"https:\/\/verdnatura.es\/fr\/wp-json\/wp\/v2\/types\/post"}],"author":[{"embeddable":true,"href":"https:\/\/verdnatura.es\/fr\/wp-json\/wp\/v2\/users\/2"}],"replies":[{"embeddable":true,"href":"https:\/\/verdnatura.es\/fr\/wp-json\/wp\/v2\/comments?post=7374"}],"version-history":[{"count":8,"href":"https:\/\/verdnatura.es\/fr\/wp-json\/wp\/v2\/posts\/7374\/revisions"}],"predecessor-version":[{"id":11071,"href":"https:\/\/verdnatura.es\/fr\/wp-json\/wp\/v2\/posts\/7374\/revisions\/11071"}],"wp:featuredmedia":[{"embeddable":true,"href":"https:\/\/verdnatura.es\/fr\/wp-json\/wp\/v2\/media\/7376"}],"wp:attachment":[{"href":"https:\/\/verdnatura.es\/fr\/wp-json\/wp\/v2\/media?parent=7374"}],"wp:term":[{"taxonomy":"category","embeddable":true,"href":"https:\/\/verdnatura.es\/fr\/wp-json\/wp\/v2\/categories?post=7374"},{"taxonomy":"post_tag","embeddable":true,"href":"https:\/\/verdnatura.es\/fr\/wp-json\/wp\/v2\/tags?post=7374"}],"curies":[{"name":"wp","href":"https:\/\/api.w.org\/{rel}","templated":true}]}}