{"id":9775,"date":"2024-07-09T13:21:06","date_gmt":"2024-07-09T11:21:06","guid":{"rendered":"https:\/\/verdnatura.es\/?p=9775"},"modified":"2024-08-02T10:08:33","modified_gmt":"2024-08-02T08:08:33","slug":"l-histoire-de-regine-fleuriste-au-jardin-de-re-a-rodez","status":"publish","type":"post","link":"https:\/\/verdnatura.es\/fr\/l-histoire-de-regine-fleuriste-au-jardin-de-re-a-rodez\/","title":{"rendered":"L\u2019Histoire de R\u00e9gine Fleuriste \u201cAu jardin R\u00e9\u201d \u00e0 Rodez"},"content":{"rendered":"<div class=\"fusion-fullwidth fullwidth-box fusion-builder-row-1 fusion-flex-container has-pattern-background has-mask-background nonhundred-percent-fullwidth non-hundred-percent-height-scrolling\" style=\"--awb-border-radius-top-left:0px;--awb-border-radius-top-right:0px;--awb-border-radius-bottom-right:0px;--awb-border-radius-bottom-left:0px;--awb-flex-wrap:wrap;\" ><div class=\"fusion-builder-row fusion-row fusion-flex-align-items-flex-start fusion-flex-content-wrap\" style=\"max-width:1352px;margin-left: calc(-4% \/ 2 );margin-right: calc(-4% \/ 2 );\"><div class=\"fusion-layout-column fusion_builder_column fusion-builder-column-0 fusion_builder_column_1_1 1_1 fusion-flex-column\" style=\"--awb-bg-size:cover;--awb-width-large:100%;--awb-margin-top-large:0px;--awb-spacing-right-large:1.92%;--awb-margin-bottom-large:0px;--awb-spacing-left-large:1.92%;--awb-width-medium:100%;--awb-order-medium:0;--awb-spacing-right-medium:1.92%;--awb-spacing-left-medium:1.92%;--awb-width-small:100%;--awb-order-small:0;--awb-spacing-right-small:1.92%;--awb-spacing-left-small:1.92%;\"><div class=\"fusion-column-wrapper fusion-column-has-shadow fusion-flex-justify-content-flex-start fusion-content-layout-column\"><div class=\"fusion-separator fusion-full-width-sep\" style=\"align-self: center;margin-left: auto;margin-right: auto;margin-top:30px;margin-bottom:20px;width:100%;\"><\/div><div class=\"fusion-separator fusion-full-width-sep\" style=\"align-self: center;margin-left: auto;margin-right: auto;margin-top:30px;margin-bottom:20px;width:100%;\"><\/div><div class=\"fusion-image-element \" style=\"--awb-caption-title-font-family:var(--h2_typography-font-family);--awb-caption-title-font-weight:var(--h2_typography-font-weight);--awb-caption-title-font-style:var(--h2_typography-font-style);--awb-caption-title-size:var(--h2_typography-font-size);--awb-caption-title-transform:var(--h2_typography-text-transform);--awb-caption-title-line-height:var(--h2_typography-line-height);--awb-caption-title-letter-spacing:var(--h2_typography-letter-spacing);\"><span class=\" fusion-imageframe imageframe-none imageframe-1 hover-type-none\"><img decoding=\"async\" width=\"2240\" height=\"1260\" title=\"Disen\u0303o sin ti\u0301tulo &#8211; 2024-07-09T130357.122\" src=\"https:\/\/verdnatura.es\/wp-content\/uploads\/2024\/07\/Diseno-sin-titulo-2024-07-09T130357.122.png\" data-orig-src=\"https:\/\/verdnatura.es\/wp-content\/uploads\/2024\/07\/Diseno-sin-titulo-2024-07-09T130357.122.png\" alt class=\"lazyload img-responsive wp-image-9814\" srcset=\"data:image\/svg+xml,%3Csvg%20xmlns%3D%27http%3A%2F%2Fwww.w3.org%2F2000%2Fsvg%27%20width%3D%272240%27%20height%3D%271260%27%20viewBox%3D%270%200%202240%201260%27%3E%3Crect%20width%3D%272240%27%20height%3D%271260%27%20fill-opacity%3D%220%22%2F%3E%3C%2Fsvg%3E\" data-srcset=\"https:\/\/verdnatura.es\/wp-content\/uploads\/2024\/07\/Diseno-sin-titulo-2024-07-09T130357.122-200x113.png 200w, https:\/\/verdnatura.es\/wp-content\/uploads\/2024\/07\/Diseno-sin-titulo-2024-07-09T130357.122-400x225.png 400w, https:\/\/verdnatura.es\/wp-content\/uploads\/2024\/07\/Diseno-sin-titulo-2024-07-09T130357.122-600x338.png 600w, https:\/\/verdnatura.es\/wp-content\/uploads\/2024\/07\/Diseno-sin-titulo-2024-07-09T130357.122-800x450.png 800w, https:\/\/verdnatura.es\/wp-content\/uploads\/2024\/07\/Diseno-sin-titulo-2024-07-09T130357.122-1200x675.png 1200w, https:\/\/verdnatura.es\/wp-content\/uploads\/2024\/07\/Diseno-sin-titulo-2024-07-09T130357.122.png 2240w\" data-sizes=\"auto\" data-orig-sizes=\"(max-width: 1024px) 100vw, (max-width: 640px) 100vw, 2240px\" \/><\/span><\/div><div class=\"fusion-separator fusion-full-width-sep\" style=\"align-self: center;margin-left: auto;margin-right: auto;margin-top:30px;margin-bottom:20px;width:100%;\"><\/div><div class=\"fusion-text fusion-text-1\"><p style=\"text-align: center;\"><em>Pour Verdnatura, chaque client est unique.<\/em><\/p>\n<p style=\"text-align: center;\"><em>La confiance envers notre marque et la fid\u00e9lit\u00e9 t\u00e9moign\u00e9e<\/em><br \/>\n<em>renforcent jour apr\u00e8s jour le lien qui nous lie \u00e0 nos clients<\/em><\/p>\n<p style=\"text-align: center;\"><em>\u201cR\u00e9\u201d comme R\u00e9gine et parce que j\u2019adore les jardins\u201d, nous-a t-elle confi\u00e9. \u201c<\/em><\/p>\n<p style=\"text-align: center;\"><em>***<\/em><\/p>\n<\/div><div class=\"fusion-separator fusion-full-width-sep\" style=\"align-self: center;margin-left: auto;margin-right: auto;margin-top:30px;margin-bottom:20px;width:100%;\"><\/div><div class=\"fusion-text fusion-text-2\"><p>Cette semaine,<strong> R\u00e9gine, D\u00e9coratrice Florale du Jardin de R\u00e9 <\/strong>depuis 4 ans est venue d\u2019Onet-le-Ch\u00e2teau dans l\u2019Aveyron jusqu\u2019\u00e0 Algemesi en Espagne pour conna\u00eetre nos \u00e9quipes et nos installations.<\/p>\n<p>Apr\u00e8s une visite conduite par Maxwell, notre dynamique commercial de l\u2019\u00e9quipe France, R\u00e9gine accompagn\u00e9 de son \u00e9poux nous a racont\u00e9 que le Jardin de R\u00e9 \u00e9tait n\u00e9 d'une passion, celle des jardins fleuris et de son int\u00e9r\u00eat depuis toujours pour le dessin, la peinture mais aussi pour la nature, sa diversit\u00e9, sa beaut\u00e9 et ses perp\u00e9tuelles surprises.<\/p>\n<p>En effet, pour vivre son r\u00eave apr\u00e8s une reconversion professionnelle, son CAP fleuriste en poche,\u00a0 cette ancienne responsable de grands projets informatiques a choisi de s\u2019\u00e9tablir dans une charmante petite grange aveyronnaise tout juste restaur\u00e9e.<\/p>\n<p>Ce nouveau m\u00e9tier, \u00e0 la fois cr\u00e9atif et tourn\u00e9 vers l\u2019\u00e9coute des clients pour concr\u00e9tiser leurs souhaits et envies durant tous les moments importants de leur vie, lui permet d\u2019user de ses comp\u00e9tences en gestion de projets dans le fleurissement et la d\u00e9coration de mariage. Une \u00e9vidence pour cette faiseuse de r\u00eaves qui convertit les espaces de r\u00e9ception en un \u00e9crin f\u00e9erique, heureuse de combler les d\u00e9sirs et d\u2019inscrire de jolis souvenirs dans les m\u00e9moires des convives.<\/p>\n<p>Avec brio, elle joue avec les saisons, les couleurs, les fleurs fra\u00eeches et les fleurs s\u00e9ch\u00e9es pour offrir une gamme de teintes, de parfums et de formes et ainsi personnaliser avec brio ses cr\u00e9ations.<\/p>\n<p><em>\u201cPour moi,\u00a0 les fleurs et v\u00e9g\u00e9taux sont sources de vie, de r\u00e9confort et de bien-\u00eatre\u201d, <\/em>nous commente-t-elle en arborant un sourire rayonnant de bonheur avant de r\u00e9pondre gentiment \u00e0 quelques questions.<\/p>\n<\/div><div class=\"fusion-separator fusion-full-width-sep\" style=\"align-self: center;margin-left: auto;margin-right: auto;margin-top:30px;margin-bottom:20px;width:100%;\"><\/div><div class=\"fusion-text fusion-text-3\"><h5><strong>Quels sont pour vous les avantages d\u2019\u00eatre une fleuriste de proximit\u00e9 pour votre client\u00e8le?<\/strong><\/h5>\n<\/div><div class=\"fusion-separator fusion-full-width-sep\" style=\"align-self: center;margin-left: auto;margin-right: auto;margin-top:10px;margin-bottom:10px;width:100%;\"><\/div><div class=\"fusion-text fusion-text-4\"><p>Aussi suprenent que cela puisse para\u00eetre, mes clients sont pour beauxcoup des enfants d\u2019Aveyronais qui ont d\u00e9m\u00e9nag\u00e9 vers la capitale et qui reviennent pour c\u00e9l\u00e9brer le jour le plus important de leur vie. Egalement, l\u2019attraction des charmants paysages et l\u2019ambiance chaleureuse des habitants du d\u00e9partement op\u00e8rent et de nouveaux clients me sollicitent. Enfin, les r\u00e9seaux sociaux jouent un r\u00f4le important tout comme le bouche \u00e0 oreille.<\/p>\n<\/div><div class=\"fusion-text fusion-text-5\"><h5><strong>Quelles sont vos fleurs pr\u00e9f\u00e9r\u00e9es? Et vos couleurs? Celles que vous aimez travailler?<\/strong><\/h5>\n<\/div><div class=\"fusion-separator fusion-full-width-sep\" style=\"align-self: center;margin-left: auto;margin-right: auto;margin-top:10px;margin-bottom:10px;width:100%;\"><\/div><div class=\"fusion-text fusion-text-6\"><p>J\u2019aime toutes les fleurs et toutes les couleurs. Il est important pour moi de bien conna\u00eetre la personnnalite de mes clients pour m\u2019adapter aux mieux \u00e0 leurs exigences. Je r\u00e9ponds aux demandes vari\u00e9es. Je me souviens de mariages \u00e0 la d\u00e9coration enti\u00e8rement blanche d\u2019autres aux couleurs pastel ou bi-couleur ou voire m\u00eame haut en couleur, ou de th\u00e8mes sp\u00e9cifiques. D\u2019ailleurs, je vais pr\u00e9parer bient\u00f4t un mariage compos\u00e9 de fleurs exotiques. Cela met \u00e0 contribution mon sens cr\u00e9atif ! Sens cr\u00e9atif que je transmets \u00e9galement lors d\u2019ateliers floraux.<\/p>\n<p>Bijoux floraux, arches, bouquets, boutonni\u00e8res, couronnes de fleurs, peignes, bracelets fleuris, terratiums...voici mon univers que je mets \u00e0 disposition, et ce, suivant les envies.<\/p>\n<\/div><div class=\"fusion-text fusion-text-7\"><h5><strong>Comment pouriez vous d\u00e9finir votre exp\u00e9rience avec Verdnatura?<\/strong><\/h5>\n<\/div><div class=\"fusion-separator fusion-full-width-sep\" style=\"align-self: center;margin-left: auto;margin-right: auto;margin-top:10px;margin-bottom:10px;width:100%;\"><\/div><div class=\"fusion-text fusion-text-8\"><p>J\u2019ai cherch\u00e9 un fournisseur sur internet qui puisse venir jusqu\u2019\u00e0 moi car nous n\u2019avons pas beaucoup de choix dans mon secteur et je vous ai trouv\u00e9 ! J\u2019ai consult\u00e9 le catalogue et puis par la suite j\u2019ai \u00e9t\u00e9 d\u00e9march\u00e9e. J\u2019ai r\u00e9alis\u00e9 une premi\u00e8re commande test et ravie de la qualit\u00e9 des articles re\u00e7us, je me suis lanc\u00e9e pour mon premier mariage. Ce fut une r\u00e9ussite !<\/p>\n<p>De plus, moi qui vient du monde de l\u2019informatique o\u00f9 tout est bien format\u00e9, j\u2019ai appr\u00e9ci\u00e9 la rigueur et l\u2019organisation de l\u2019entreprise. Sans oublier la disponibilit\u00e9 du service commercial !<\/p>\n<p>La visite d\u2019aujourd\u2019hui n\u2019a fait que renforcer mon impression.<\/p>\n<\/div><\/div><\/div><\/div><\/div>\n","protected":false},"excerpt":{"rendered":"","protected":false},"author":2,"featured_media":9814,"comment_status":"open","ping_status":"open","sticky":false,"template":"","format":"standard","meta":{"_acf_changed":false,"footnotes":""},"categories":[70],"tags":[],"class_list":["post-9775","post","type-post","status-publish","format-standard","has-post-thumbnail","hentry","category-non-classifie"],"acf":[],"yoast_head":"<!-- This site is optimized with the Yoast SEO plugin v27.1.1 - https:\/\/yoast.com\/product\/yoast-seo-wordpress\/ -->\n<title>L\u2019Histoire de R\u00e9gine Fleuriste \u201cAu jardin de R\u00e9\u201d \u00e0 RodezL\u2019Histoire de R\u00e9gine Fleuriste \u201cAu jardin R\u00e9\u201d \u00e0 Rodez - Verdnatura<\/title>\n<meta name=\"description\" content=\"Cette semaine, R\u00e9gine, D\u00e9coratrice Florale du Jardin de R\u00e9 est venue jusqu\u2019\u00e0 Algemesi pour conna\u00eetre nos \u00e9quipes et nos installations.\" \/>\n<meta name=\"robots\" content=\"index, follow, max-snippet:-1, max-image-preview:large, max-video-preview:-1\" \/>\n<link rel=\"canonical\" href=\"https:\/\/verdnatura.es\/fr\/l-histoire-de-regine-fleuriste-au-jardin-de-re-a-rodez\/\" \/>\n<meta property=\"og:locale\" content=\"fr_FR\" \/>\n<meta property=\"og:type\" content=\"article\" \/>\n<meta property=\"og:title\" content=\"L\u2019Histoire de R\u00e9gine Fleuriste \u201cAu jardin de R\u00e9\u201d \u00e0 RodezL\u2019Histoire de R\u00e9gine Fleuriste \u201cAu jardin R\u00e9\u201d \u00e0 Rodez - Verdnatura\" \/>\n<meta property=\"og:description\" content=\"Cette semaine, R\u00e9gine, D\u00e9coratrice Florale du Jardin de R\u00e9 est venue jusqu\u2019\u00e0 Algemesi pour conna\u00eetre nos \u00e9quipes et nos installations.\" \/>\n<meta property=\"og:url\" content=\"https:\/\/verdnatura.es\/fr\/l-histoire-de-regine-fleuriste-au-jardin-de-re-a-rodez\/\" \/>\n<meta property=\"og:site_name\" content=\"Verdnatura\" \/>\n<meta property=\"article:publisher\" content=\"http:\/\/www.facebook.com\/verdnatura\" \/>\n<meta property=\"article:published_time\" content=\"2024-07-09T11:21:06+00:00\" \/>\n<meta property=\"article:modified_time\" content=\"2024-08-02T08:08:33+00:00\" \/>\n<meta property=\"og:image\" content=\"https:\/\/verdnatura.es\/wp-content\/uploads\/2024\/07\/Diseno-sin-titulo-2024-07-09T130357.122-1024x576.png\" \/>\n\t<meta property=\"og:image:width\" content=\"1024\" \/>\n\t<meta property=\"og:image:height\" content=\"576\" \/>\n\t<meta property=\"og:image:type\" content=\"image\/png\" \/>\n<meta name=\"author\" content=\"Paco Rico\" \/>\n<meta name=\"twitter:card\" content=\"summary_large_image\" \/>\n<meta name=\"twitter:label1\" content=\"\u00c9crit par\" \/>\n\t<meta name=\"twitter:data1\" content=\"Paco Rico\" \/>\n\t<meta name=\"twitter:label2\" content=\"Dur\u00e9e de lecture estim\u00e9e\" \/>\n\t<meta name=\"twitter:data2\" content=\"4 minutes\" \/>\n<script type=\"application\/ld+json\" class=\"yoast-schema-graph\">{\"@context\":\"https:\/\/schema.org\",\"@graph\":[{\"@type\":\"Article\",\"@id\":\"https:\/\/verdnatura.es\/fr\/l-histoire-de-regine-fleuriste-au-jardin-de-re-a-rodez\/#article\",\"isPartOf\":{\"@id\":\"https:\/\/verdnatura.es\/fr\/l-histoire-de-regine-fleuriste-au-jardin-de-re-a-rodez\/\"},\"author\":{\"name\":\"Paco Rico\",\"@id\":\"https:\/\/verdnatura.es\/fr\/#\/schema\/person\/53d4ed2e8592bfc761f9406305758f94\"},\"headline\":\"L\u2019Histoire de R\u00e9gine Fleuriste \u201cAu jardin R\u00e9\u201d \u00e0 Rodez\",\"datePublished\":\"2024-07-09T11:21:06+00:00\",\"dateModified\":\"2024-08-02T08:08:33+00:00\",\"mainEntityOfPage\":{\"@id\":\"https:\/\/verdnatura.es\/fr\/l-histoire-de-regine-fleuriste-au-jardin-de-re-a-rodez\/\"},\"wordCount\":1704,\"commentCount\":0,\"publisher\":{\"@id\":\"https:\/\/verdnatura.es\/fr\/#organization\"},\"image\":{\"@id\":\"https:\/\/verdnatura.es\/fr\/l-histoire-de-regine-fleuriste-au-jardin-de-re-a-rodez\/#primaryimage\"},\"thumbnailUrl\":\"https:\/\/verdnatura.es\/wp-content\/uploads\/2024\/07\/Diseno-sin-titulo-2024-07-09T130357.122.png\",\"articleSection\":[\"Non classifi\u00e9\"],\"inLanguage\":\"fr-FR\",\"potentialAction\":[{\"@type\":\"CommentAction\",\"name\":\"Comment\",\"target\":[\"https:\/\/verdnatura.es\/fr\/l-histoire-de-regine-fleuriste-au-jardin-de-re-a-rodez\/#respond\"]}]},{\"@type\":\"WebPage\",\"@id\":\"https:\/\/verdnatura.es\/fr\/l-histoire-de-regine-fleuriste-au-jardin-de-re-a-rodez\/\",\"url\":\"https:\/\/verdnatura.es\/fr\/l-histoire-de-regine-fleuriste-au-jardin-de-re-a-rodez\/\",\"name\":\"L\u2019Histoire de R\u00e9gine Fleuriste \u201cAu jardin de R\u00e9\u201d \u00e0 RodezL\u2019Histoire de R\u00e9gine Fleuriste \u201cAu jardin R\u00e9\u201d \u00e0 Rodez - Verdnatura\",\"isPartOf\":{\"@id\":\"https:\/\/verdnatura.es\/fr\/#website\"},\"primaryImageOfPage\":{\"@id\":\"https:\/\/verdnatura.es\/fr\/l-histoire-de-regine-fleuriste-au-jardin-de-re-a-rodez\/#primaryimage\"},\"image\":{\"@id\":\"https:\/\/verdnatura.es\/fr\/l-histoire-de-regine-fleuriste-au-jardin-de-re-a-rodez\/#primaryimage\"},\"thumbnailUrl\":\"https:\/\/verdnatura.es\/wp-content\/uploads\/2024\/07\/Diseno-sin-titulo-2024-07-09T130357.122.png\",\"datePublished\":\"2024-07-09T11:21:06+00:00\",\"dateModified\":\"2024-08-02T08:08:33+00:00\",\"description\":\"Cette semaine, R\u00e9gine, D\u00e9coratrice Florale du Jardin de R\u00e9 est venue jusqu\u2019\u00e0 Algemesi pour conna\u00eetre nos \u00e9quipes et nos installations.\",\"breadcrumb\":{\"@id\":\"https:\/\/verdnatura.es\/fr\/l-histoire-de-regine-fleuriste-au-jardin-de-re-a-rodez\/#breadcrumb\"},\"inLanguage\":\"fr-FR\",\"potentialAction\":[{\"@type\":\"ReadAction\",\"target\":[\"https:\/\/verdnatura.es\/fr\/l-histoire-de-regine-fleuriste-au-jardin-de-re-a-rodez\/\"]}]},{\"@type\":\"ImageObject\",\"inLanguage\":\"fr-FR\",\"@id\":\"https:\/\/verdnatura.es\/fr\/l-histoire-de-regine-fleuriste-au-jardin-de-re-a-rodez\/#primaryimage\",\"url\":\"https:\/\/verdnatura.es\/wp-content\/uploads\/2024\/07\/Diseno-sin-titulo-2024-07-09T130357.122.png\",\"contentUrl\":\"https:\/\/verdnatura.es\/wp-content\/uploads\/2024\/07\/Diseno-sin-titulo-2024-07-09T130357.122.png\",\"width\":2240,\"height\":1260},{\"@type\":\"BreadcrumbList\",\"@id\":\"https:\/\/verdnatura.es\/fr\/l-histoire-de-regine-fleuriste-au-jardin-de-re-a-rodez\/#breadcrumb\",\"itemListElement\":[{\"@type\":\"ListItem\",\"position\":1,\"name\":\"Portada\",\"item\":\"https:\/\/verdnatura.es\/fr\/\"},{\"@type\":\"ListItem\",\"position\":2,\"name\":\"L\u2019Histoire de R\u00e9gine Fleuriste \u201cAu jardin R\u00e9\u201d \u00e0 Rodez\"}]},{\"@type\":\"WebSite\",\"@id\":\"https:\/\/verdnatura.es\/fr\/#website\",\"url\":\"https:\/\/verdnatura.es\/fr\/\",\"name\":\"Verdnatura\",\"description\":\"Mayorista de flores y plantas\",\"publisher\":{\"@id\":\"https:\/\/verdnatura.es\/fr\/#organization\"},\"potentialAction\":[{\"@type\":\"SearchAction\",\"target\":{\"@type\":\"EntryPoint\",\"urlTemplate\":\"https:\/\/verdnatura.es\/fr\/?s={search_term_string}\"},\"query-input\":{\"@type\":\"PropertyValueSpecification\",\"valueRequired\":true,\"valueName\":\"search_term_string\"}}],\"inLanguage\":\"fr-FR\"},{\"@type\":\"Organization\",\"@id\":\"https:\/\/verdnatura.es\/fr\/#organization\",\"name\":\"Verdnatura Levante SL\",\"url\":\"https:\/\/verdnatura.es\/fr\/\",\"logo\":{\"@type\":\"ImageObject\",\"inLanguage\":\"fr-FR\",\"@id\":\"https:\/\/verdnatura.es\/fr\/#\/schema\/logo\/image\/\",\"url\":\"https:\/\/verdnatura.es\/wp-content\/uploads\/2023\/12\/Marca-sin-fondo.png\",\"contentUrl\":\"https:\/\/verdnatura.es\/wp-content\/uploads\/2023\/12\/Marca-sin-fondo.png\",\"width\":1000,\"height\":630,\"caption\":\"Verdnatura Levante SL\"},\"image\":{\"@id\":\"https:\/\/verdnatura.es\/fr\/#\/schema\/logo\/image\/\"},\"sameAs\":[\"http:\/\/www.facebook.com\/verdnatura\",\"https:\/\/www.instagram.com\/verdnatura\",\"https:\/\/www.linkedin.com\/company\/verdnatura\"]},{\"@type\":\"Person\",\"@id\":\"https:\/\/verdnatura.es\/fr\/#\/schema\/person\/53d4ed2e8592bfc761f9406305758f94\",\"name\":\"Paco Rico\",\"image\":{\"@type\":\"ImageObject\",\"inLanguage\":\"fr-FR\",\"@id\":\"https:\/\/verdnatura.es\/fr\/#\/schema\/person\/image\/\",\"url\":\"https:\/\/secure.gravatar.com\/avatar\/6197f5cc34dcd4932835e81b1a79d4d29ac453876fb3f7982514e80454b0903f?s=96&d=mm&r=g\",\"contentUrl\":\"https:\/\/secure.gravatar.com\/avatar\/6197f5cc34dcd4932835e81b1a79d4d29ac453876fb3f7982514e80454b0903f?s=96&d=mm&r=g\",\"caption\":\"Paco Rico\"},\"url\":\"https:\/\/verdnatura.es\/fr\/author\/pacorico\/\"}]}<\/script>\n<!-- \/ Yoast SEO plugin. -->","yoast_head_json":{"title":"L\u2019Histoire de R\u00e9gine Fleuriste \u201cAu jardin de R\u00e9\u201d \u00e0 RodezL\u2019Histoire de R\u00e9gine Fleuriste \u201cAu jardin R\u00e9\u201d \u00e0 Rodez - Verdnatura","description":"Cette semaine, R\u00e9gine, D\u00e9coratrice Florale du Jardin de R\u00e9 est venue jusqu\u2019\u00e0 Algemesi pour conna\u00eetre nos \u00e9quipes et nos installations.","robots":{"index":"index","follow":"follow","max-snippet":"max-snippet:-1","max-image-preview":"max-image-preview:large","max-video-preview":"max-video-preview:-1"},"canonical":"https:\/\/verdnatura.es\/fr\/l-histoire-de-regine-fleuriste-au-jardin-de-re-a-rodez\/","og_locale":"fr_FR","og_type":"article","og_title":"L\u2019Histoire de R\u00e9gine Fleuriste \u201cAu jardin de R\u00e9\u201d \u00e0 RodezL\u2019Histoire de R\u00e9gine Fleuriste \u201cAu jardin R\u00e9\u201d \u00e0 Rodez - Verdnatura","og_description":"Cette semaine, R\u00e9gine, D\u00e9coratrice Florale du Jardin de R\u00e9 est venue jusqu\u2019\u00e0 Algemesi pour conna\u00eetre nos \u00e9quipes et nos installations.","og_url":"https:\/\/verdnatura.es\/fr\/l-histoire-de-regine-fleuriste-au-jardin-de-re-a-rodez\/","og_site_name":"Verdnatura","article_publisher":"http:\/\/www.facebook.com\/verdnatura","article_published_time":"2024-07-09T11:21:06+00:00","article_modified_time":"2024-08-02T08:08:33+00:00","og_image":[{"width":1024,"height":576,"url":"https:\/\/verdnatura.es\/wp-content\/uploads\/2024\/07\/Diseno-sin-titulo-2024-07-09T130357.122-1024x576.png","type":"image\/png"}],"author":"Paco Rico","twitter_card":"summary_large_image","twitter_misc":{"\u00c9crit par":"Paco Rico","Dur\u00e9e de lecture estim\u00e9e":"4 minutes"},"schema":{"@context":"https:\/\/schema.org","@graph":[{"@type":"Article","@id":"https:\/\/verdnatura.es\/fr\/l-histoire-de-regine-fleuriste-au-jardin-de-re-a-rodez\/#article","isPartOf":{"@id":"https:\/\/verdnatura.es\/fr\/l-histoire-de-regine-fleuriste-au-jardin-de-re-a-rodez\/"},"author":{"name":"Paco Rico","@id":"https:\/\/verdnatura.es\/fr\/#\/schema\/person\/53d4ed2e8592bfc761f9406305758f94"},"headline":"L\u2019Histoire de R\u00e9gine Fleuriste \u201cAu jardin R\u00e9\u201d \u00e0 Rodez","datePublished":"2024-07-09T11:21:06+00:00","dateModified":"2024-08-02T08:08:33+00:00","mainEntityOfPage":{"@id":"https:\/\/verdnatura.es\/fr\/l-histoire-de-regine-fleuriste-au-jardin-de-re-a-rodez\/"},"wordCount":1704,"commentCount":0,"publisher":{"@id":"https:\/\/verdnatura.es\/fr\/#organization"},"image":{"@id":"https:\/\/verdnatura.es\/fr\/l-histoire-de-regine-fleuriste-au-jardin-de-re-a-rodez\/#primaryimage"},"thumbnailUrl":"https:\/\/verdnatura.es\/wp-content\/uploads\/2024\/07\/Diseno-sin-titulo-2024-07-09T130357.122.png","articleSection":["Non classifi\u00e9"],"inLanguage":"fr-FR","potentialAction":[{"@type":"CommentAction","name":"Comment","target":["https:\/\/verdnatura.es\/fr\/l-histoire-de-regine-fleuriste-au-jardin-de-re-a-rodez\/#respond"]}]},{"@type":"WebPage","@id":"https:\/\/verdnatura.es\/fr\/l-histoire-de-regine-fleuriste-au-jardin-de-re-a-rodez\/","url":"https:\/\/verdnatura.es\/fr\/l-histoire-de-regine-fleuriste-au-jardin-de-re-a-rodez\/","name":"L\u2019Histoire de R\u00e9gine Fleuriste \u201cAu jardin de R\u00e9\u201d \u00e0 RodezL\u2019Histoire de R\u00e9gine Fleuriste \u201cAu jardin R\u00e9\u201d \u00e0 Rodez - Verdnatura","isPartOf":{"@id":"https:\/\/verdnatura.es\/fr\/#website"},"primaryImageOfPage":{"@id":"https:\/\/verdnatura.es\/fr\/l-histoire-de-regine-fleuriste-au-jardin-de-re-a-rodez\/#primaryimage"},"image":{"@id":"https:\/\/verdnatura.es\/fr\/l-histoire-de-regine-fleuriste-au-jardin-de-re-a-rodez\/#primaryimage"},"thumbnailUrl":"https:\/\/verdnatura.es\/wp-content\/uploads\/2024\/07\/Diseno-sin-titulo-2024-07-09T130357.122.png","datePublished":"2024-07-09T11:21:06+00:00","dateModified":"2024-08-02T08:08:33+00:00","description":"Cette semaine, R\u00e9gine, D\u00e9coratrice Florale du Jardin de R\u00e9 est venue jusqu\u2019\u00e0 Algemesi pour conna\u00eetre nos \u00e9quipes et nos installations.","breadcrumb":{"@id":"https:\/\/verdnatura.es\/fr\/l-histoire-de-regine-fleuriste-au-jardin-de-re-a-rodez\/#breadcrumb"},"inLanguage":"fr-FR","potentialAction":[{"@type":"ReadAction","target":["https:\/\/verdnatura.es\/fr\/l-histoire-de-regine-fleuriste-au-jardin-de-re-a-rodez\/"]}]},{"@type":"ImageObject","inLanguage":"fr-FR","@id":"https:\/\/verdnatura.es\/fr\/l-histoire-de-regine-fleuriste-au-jardin-de-re-a-rodez\/#primaryimage","url":"https:\/\/verdnatura.es\/wp-content\/uploads\/2024\/07\/Diseno-sin-titulo-2024-07-09T130357.122.png","contentUrl":"https:\/\/verdnatura.es\/wp-content\/uploads\/2024\/07\/Diseno-sin-titulo-2024-07-09T130357.122.png","width":2240,"height":1260},{"@type":"BreadcrumbList","@id":"https:\/\/verdnatura.es\/fr\/l-histoire-de-regine-fleuriste-au-jardin-de-re-a-rodez\/#breadcrumb","itemListElement":[{"@type":"ListItem","position":1,"name":"Portada","item":"https:\/\/verdnatura.es\/fr\/"},{"@type":"ListItem","position":2,"name":"L\u2019Histoire de R\u00e9gine Fleuriste \u201cAu jardin R\u00e9\u201d \u00e0 Rodez"}]},{"@type":"WebSite","@id":"https:\/\/verdnatura.es\/fr\/#website","url":"https:\/\/verdnatura.es\/fr\/","name":"Verdnatura","description":"Mayorista de flores y plantas","publisher":{"@id":"https:\/\/verdnatura.es\/fr\/#organization"},"potentialAction":[{"@type":"SearchAction","target":{"@type":"EntryPoint","urlTemplate":"https:\/\/verdnatura.es\/fr\/?s={search_term_string}"},"query-input":{"@type":"PropertyValueSpecification","valueRequired":true,"valueName":"search_term_string"}}],"inLanguage":"fr-FR"},{"@type":"Organization","@id":"https:\/\/verdnatura.es\/fr\/#organization","name":"Verdnatura Levante SL","url":"https:\/\/verdnatura.es\/fr\/","logo":{"@type":"ImageObject","inLanguage":"fr-FR","@id":"https:\/\/verdnatura.es\/fr\/#\/schema\/logo\/image\/","url":"https:\/\/verdnatura.es\/wp-content\/uploads\/2023\/12\/Marca-sin-fondo.png","contentUrl":"https:\/\/verdnatura.es\/wp-content\/uploads\/2023\/12\/Marca-sin-fondo.png","width":1000,"height":630,"caption":"Verdnatura Levante SL"},"image":{"@id":"https:\/\/verdnatura.es\/fr\/#\/schema\/logo\/image\/"},"sameAs":["http:\/\/www.facebook.com\/verdnatura","https:\/\/www.instagram.com\/verdnatura","https:\/\/www.linkedin.com\/company\/verdnatura"]},{"@type":"Person","@id":"https:\/\/verdnatura.es\/fr\/#\/schema\/person\/53d4ed2e8592bfc761f9406305758f94","name":"Paco Rico","image":{"@type":"ImageObject","inLanguage":"fr-FR","@id":"https:\/\/verdnatura.es\/fr\/#\/schema\/person\/image\/","url":"https:\/\/secure.gravatar.com\/avatar\/6197f5cc34dcd4932835e81b1a79d4d29ac453876fb3f7982514e80454b0903f?s=96&d=mm&r=g","contentUrl":"https:\/\/secure.gravatar.com\/avatar\/6197f5cc34dcd4932835e81b1a79d4d29ac453876fb3f7982514e80454b0903f?s=96&d=mm&r=g","caption":"Paco Rico"},"url":"https:\/\/verdnatura.es\/fr\/author\/pacorico\/"}]}},"_links":{"self":[{"href":"https:\/\/verdnatura.es\/fr\/wp-json\/wp\/v2\/posts\/9775","targetHints":{"allow":["GET"]}}],"collection":[{"href":"https:\/\/verdnatura.es\/fr\/wp-json\/wp\/v2\/posts"}],"about":[{"href":"https:\/\/verdnatura.es\/fr\/wp-json\/wp\/v2\/types\/post"}],"author":[{"embeddable":true,"href":"https:\/\/verdnatura.es\/fr\/wp-json\/wp\/v2\/users\/2"}],"replies":[{"embeddable":true,"href":"https:\/\/verdnatura.es\/fr\/wp-json\/wp\/v2\/comments?post=9775"}],"version-history":[{"count":25,"href":"https:\/\/verdnatura.es\/fr\/wp-json\/wp\/v2\/posts\/9775\/revisions"}],"predecessor-version":[{"id":11063,"href":"https:\/\/verdnatura.es\/fr\/wp-json\/wp\/v2\/posts\/9775\/revisions\/11063"}],"wp:featuredmedia":[{"embeddable":true,"href":"https:\/\/verdnatura.es\/fr\/wp-json\/wp\/v2\/media\/9814"}],"wp:attachment":[{"href":"https:\/\/verdnatura.es\/fr\/wp-json\/wp\/v2\/media?parent=9775"}],"wp:term":[{"taxonomy":"category","embeddable":true,"href":"https:\/\/verdnatura.es\/fr\/wp-json\/wp\/v2\/categories?post=9775"},{"taxonomy":"post_tag","embeddable":true,"href":"https:\/\/verdnatura.es\/fr\/wp-json\/wp\/v2\/tags?post=9775"}],"curies":[{"name":"wp","href":"https:\/\/api.w.org\/{rel}","templated":true}]}}