{"id":10704,"date":"2024-07-29T15:15:41","date_gmt":"2024-07-29T13:15:41","guid":{"rendered":"https:\/\/verdnatura.es\/roberto-sanchez-un-sueno-olimpico-hecho-realidad\/"},"modified":"2024-08-05T10:41:17","modified_gmt":"2024-08-05T08:41:17","slug":"pt-roberto-sanchez-olimpico-2024","status":"publish","type":"post","link":"https:\/\/verdnatura.es\/pt-pt\/pt-roberto-sanchez-olimpico-2024\/","title":{"rendered":"Roberto S\u00e1nchez: Um sonho ol\u00edmpico tornado realidade"},"content":{"rendered":"<p><div class=\"fusion-fullwidth fullwidth-box fusion-builder-row-1 fusion-flex-container has-pattern-background has-mask-background nonhundred-percent-fullwidth non-hundred-percent-height-scrolling\" style=\"--awb-border-radius-top-left:0px;--awb-border-radius-top-right:0px;--awb-border-radius-bottom-right:0px;--awb-border-radius-bottom-left:0px;--awb-flex-wrap:wrap;\" ><div class=\"fusion-builder-row fusion-row fusion-flex-align-items-flex-start fusion-flex-content-wrap\" style=\"max-width:1352px;margin-left: calc(-4% \/ 2 );margin-right: calc(-4% \/ 2 );\"><div class=\"fusion-layout-column fusion_builder_column fusion-builder-column-0 fusion_builder_column_1_1 1_1 fusion-flex-column\" style=\"--awb-bg-size:cover;--awb-width-large:100%;--awb-margin-top-large:50px;--awb-spacing-right-large:1.92%;--awb-margin-bottom-large:0px;--awb-spacing-left-large:1.92%;--awb-width-medium:100%;--awb-order-medium:0;--awb-spacing-right-medium:1.92%;--awb-spacing-left-medium:1.92%;--awb-width-small:100%;--awb-order-small:0;--awb-spacing-right-small:1.92%;--awb-spacing-left-small:1.92%;\" data-scroll-devices=\"small-visibility,medium-visibility,large-visibility\"><div class=\"fusion-column-wrapper fusion-column-has-shadow fusion-flex-justify-content-flex-start fusion-content-layout-column\"><div class=\"fusion-text fusion-text-1\"><p><strong>Fotografia em destaque por Tommy Zaferes<\/strong><\/p>\n<p style=\"text-align: justify;\"><strong>Par\u00eds, 2024<\/strong> \u2013 A emo\u00e7\u00e3o \u00e9 palp\u00e1vel no ar. O cora\u00e7\u00e3o de todos os espanh\u00f3is bate no ritmo dos nossos atletas, mas hoje, na Verdnatura, sentimos um orgulho especial. Nosso querido Roberto S\u00e1nchez, o jovem triatleta que vimos crescer desde que era apenas uma crian\u00e7a, est\u00e1 prestes a fazer hist\u00f3ria.<\/p>\n<\/div><\/div><\/div><div class=\"fusion-layout-column fusion_builder_column fusion-builder-column-1 fusion_builder_column_1_1 1_1 fusion-flex-column\" style=\"--awb-bg-size:cover;--awb-width-large:100%;--awb-margin-top-large:0px;--awb-spacing-right-large:1.92%;--awb-margin-bottom-large:0px;--awb-spacing-left-large:1.92%;--awb-width-medium:100%;--awb-order-medium:0;--awb-spacing-right-medium:1.92%;--awb-spacing-left-medium:1.92%;--awb-width-small:100%;--awb-order-small:0;--awb-spacing-right-small:1.92%;--awb-spacing-left-small:1.92%;\"><div class=\"fusion-column-wrapper fusion-column-has-shadow fusion-flex-justify-content-flex-start fusion-content-layout-column\"><div class=\"fusion-title title fusion-title-1 fusion-sep-none fusion-title-text fusion-title-size-two\" style=\"--awb-margin-top-small:20px;--awb-margin-right-small:0px;--awb-margin-bottom-small:20px;--awb-margin-left-small:0px;--awb-font-size:24pt;\"><h2 class=\"fusion-title-heading title-heading-left fusion-responsive-typography-calculated\" style=\"margin:0;font-size:1em;--fontSize:15;--minFontSize:15;line-height:1.2;\">Um sonho semeado no ano 2000<\/h2><\/div><\/div><\/div><div class=\"fusion-layout-column fusion_builder_column fusion-builder-column-2 fusion_builder_column_2_3 2_3 fusion-flex-column fusion-flex-align-self-stretch\" style=\"--awb-bg-size:cover;--awb-width-large:66.666666666667%;--awb-margin-top-large:0px;--awb-spacing-right-large:2.88%;--awb-margin-bottom-large:0px;--awb-spacing-left-large:2.88%;--awb-width-medium:100%;--awb-order-medium:0;--awb-spacing-right-medium:1.92%;--awb-spacing-left-medium:1.92%;--awb-width-small:100%;--awb-order-small:0;--awb-spacing-right-small:1.92%;--awb-spacing-left-small:1.92%;\"><div class=\"fusion-column-wrapper fusion-column-has-shadow fusion-flex-justify-content-flex-start fusion-content-layout-column\"><div class=\"fusion-text fusion-text-2\"><p>Parecia predestinado. Precisamente no ano 2000, quando o triatlo fazia sua estreia ol\u00edmpica, Roberto, um menino de apenas 4 anos, come\u00e7ava sua trajet\u00f3ria neste esporte, cheio de energia, com uma paix\u00e3o desbordante pela \u00e1gua, pela bicicleta e pela corrida.<\/p>\n<p>Desde ent\u00e3o, a Verdnatura tem sido testemunha de sua evolu\u00e7\u00e3o. Vimos como seus treinos se intensificavam, como superava cada obst\u00e1culo e como seu sonho de competir nos Jogos Ol\u00edmpicos se tornava cada vez mais real.<\/p>\n<\/div><\/div><\/div><div class=\"fusion-layout-column fusion_builder_column fusion-builder-column-3 fusion_builder_column_1_3 1_3 fusion-flex-column fusion-flex-align-self-stretch\" style=\"--awb-bg-size:cover;--awb-width-large:33.333333333333%;--awb-margin-top-large:0px;--awb-spacing-right-large:5.76%;--awb-margin-bottom-large:0px;--awb-spacing-left-large:5.76%;--awb-width-medium:100%;--awb-order-medium:0;--awb-spacing-right-medium:1.92%;--awb-spacing-left-medium:1.92%;--awb-width-small:100%;--awb-order-small:0;--awb-spacing-right-small:1.92%;--awb-spacing-left-small:1.92%;\"><div class=\"fusion-column-wrapper fusion-column-has-shadow fusion-flex-justify-content-flex-start fusion-content-layout-column\"><div class=\"fusion-image-element awb-imageframe-style awb-imageframe-style-below awb-imageframe-style-1\" style=\"--awb-aspect-ratio:16 \/ 9;--awb-object-position:41% 8%;--awb-mask-url: url(https:\/\/verdnatura.es\/wp-content\/plugins\/fusion-builder\/\/assets\/images\/masks\/mask-17.svg);--awb-mask-size: cover;--awb-caption-text-size:9pt;--awb-caption-margin-top:10px;--awb-caption-title-font-family:var(--body_typography-font-family);--awb-caption-title-font-weight:var(--body_typography-font-weight);--awb-caption-title-font-style:var(--body_typography-font-style);--awb-caption-title-size:10pt;--awb-caption-title-transform:uppercase;--awb-caption-title-line-height:var(--body_typography-line-height);--awb-caption-title-letter-spacing:var(--body_typography-letter-spacing);\"><span class=\" fusion-imageframe imageframe-none imageframe-1 hover-type-none has-mask has-aspect-ratio\"><img decoding=\"async\" width=\"582\" height=\"800\" alt=\"Roberto Sanchez con 4 a\u00f1os\" title=\"WhatsApp Image 2024-07-26 at 18.07.59\" src=\"https:\/\/verdnatura.es\/wp-content\/uploads\/2024\/07\/WhatsApp-Image-2024-07-26-at-18.07.59.jpeg\" data-orig-src=\"https:\/\/verdnatura.es\/wp-content\/uploads\/2024\/07\/WhatsApp-Image-2024-07-26-at-18.07.59.jpeg\" class=\"lazyload img-responsive wp-image-10642 img-with-aspect-ratio\" data-parent-fit=\"cover\" data-parent-container=\".fusion-image-element\" srcset=\"data:image\/svg+xml,%3Csvg%20xmlns%3D%27http%3A%2F%2Fwww.w3.org%2F2000%2Fsvg%27%20width%3D%27582%27%20height%3D%27800%27%20viewBox%3D%270%200%20582%20800%27%3E%3Crect%20width%3D%27582%27%20height%3D%27800%27%20fill-opacity%3D%220%22%2F%3E%3C%2Fsvg%3E\" data-srcset=\"https:\/\/verdnatura.es\/wp-content\/uploads\/2024\/07\/WhatsApp-Image-2024-07-26-at-18.07.59-200x275.jpeg 200w, https:\/\/verdnatura.es\/wp-content\/uploads\/2024\/07\/WhatsApp-Image-2024-07-26-at-18.07.59-400x550.jpeg 400w, https:\/\/verdnatura.es\/wp-content\/uploads\/2024\/07\/WhatsApp-Image-2024-07-26-at-18.07.59.jpeg 582w\" data-sizes=\"auto\" data-orig-sizes=\"(max-width: 1024px) 100vw, (max-width: 640px) 100vw, 400px\" \/><\/span><div class=\"awb-imageframe-caption-container\" style=\"text-align:left;\"><div class=\"awb-imageframe-caption\"><div class=\"awb-imageframe-caption-title\">Os come\u00e7os<\/div><p class=\"awb-imageframe-caption-text\">Roberto come\u00e7a a praticar triatlo no ano 2000 com 4 anos<\/p><\/div><\/div><\/div><\/div><\/div><div class=\"fusion-layout-column fusion_builder_column fusion-builder-column-4 fusion_builder_column_1_1 1_1 fusion-flex-column\" style=\"--awb-bg-size:cover;--awb-width-large:100%;--awb-margin-top-large:0px;--awb-spacing-right-large:1.92%;--awb-margin-bottom-large:0px;--awb-spacing-left-large:1.92%;--awb-width-medium:100%;--awb-order-medium:0;--awb-spacing-right-medium:1.92%;--awb-spacing-left-medium:1.92%;--awb-width-small:100%;--awb-order-small:0;--awb-spacing-right-small:1.92%;--awb-spacing-left-small:1.92%;\"><div class=\"fusion-column-wrapper fusion-column-has-shadow fusion-flex-justify-content-flex-start fusion-content-layout-column\"><div class=\"fusion-title title fusion-title-2 fusion-sep-none fusion-title-text fusion-title-size-two\" style=\"--awb-margin-top-small:20px;--awb-margin-right-small:0px;--awb-margin-bottom-small:20px;--awb-margin-left-small:0px;--awb-font-size:24pt;\"><h2 class=\"fusion-title-heading title-heading-left fusion-responsive-typography-calculated\" style=\"margin:0;font-size:1em;--fontSize:15;--minFontSize:15;line-height:1.2;\">Mais que um patroc\u00ednio, uma fam\u00edlia<\/h2><\/div><div class=\"fusion-text fusion-text-3\"><p style=\"text-align: justify;\">Para n\u00f3s, Roberto n\u00e3o \u00e9 apenas um atleta. Ele \u00e9 parte da fam\u00edlia Verdnatura. Compartilhamos suas alegrias, suas frustra\u00e7\u00f5es e celebramos cada uma de suas vit\u00f3rias. V\u00ea-lo hoje, com a camisa da sele\u00e7\u00e3o espanhola, pronto para enfrentar os melhores triatletas do mundo, \u00e9 um sonho tornado realidade.<\/p>\n<\/div><\/div><\/div><div class=\"fusion-layout-column fusion_builder_column fusion-builder-column-5 fusion_builder_column_1_1 1_1 fusion-flex-column\" style=\"--awb-bg-size:cover;--awb-width-large:100%;--awb-margin-top-large:0px;--awb-spacing-right-large:1.92%;--awb-margin-bottom-large:0px;--awb-spacing-left-large:1.92%;--awb-width-medium:100%;--awb-order-medium:0;--awb-spacing-right-medium:1.92%;--awb-spacing-left-medium:1.92%;--awb-width-small:100%;--awb-order-small:0;--awb-spacing-right-small:1.92%;--awb-spacing-left-small:1.92%;\"><div class=\"fusion-column-wrapper fusion-column-has-shadow fusion-flex-justify-content-flex-start fusion-content-layout-column\"><div class=\"fusion-title title fusion-title-3 fusion-sep-none fusion-title-text fusion-title-size-two\" style=\"--awb-margin-top-small:20px;--awb-margin-right-small:0px;--awb-margin-bottom-small:20px;--awb-margin-left-small:0px;--awb-font-size:24pt;\"><h2 class=\"fusion-title-heading title-heading-left fusion-responsive-typography-calculated\" style=\"margin:0;font-size:1em;--fontSize:15;--minFontSize:15;line-height:1.2;\">Um exemplo a seguir<\/h2><\/div><\/div><\/div><div class=\"fusion-layout-column fusion_builder_column fusion-builder-column-6 fusion_builder_column_1_3 1_3 fusion-flex-column fusion-flex-align-self-stretch\" style=\"--awb-bg-size:cover;--awb-width-large:33.333333333333%;--awb-margin-top-large:0px;--awb-spacing-right-large:5.76%;--awb-margin-bottom-large:0px;--awb-spacing-left-large:5.76%;--awb-width-medium:100%;--awb-order-medium:0;--awb-spacing-right-medium:1.92%;--awb-spacing-left-medium:1.92%;--awb-width-small:100%;--awb-order-small:0;--awb-spacing-right-small:1.92%;--awb-spacing-left-small:1.92%;\" data-scroll-devices=\"small-visibility,medium-visibility,large-visibility\"><div class=\"fusion-column-wrapper fusion-column-has-shadow fusion-flex-justify-content-flex-start fusion-content-layout-column\"><div class=\"fusion-image-element awb-imageframe-style awb-imageframe-style-below awb-imageframe-style-2\" style=\"--awb-caption-text-size:10pt;--awb-caption-title-font-family:var(--h2_typography-font-family);--awb-caption-title-font-weight:var(--h2_typography-font-weight);--awb-caption-title-font-style:var(--h2_typography-font-style);--awb-caption-title-size:var(--h2_typography-font-size);--awb-caption-title-transform:var(--h2_typography-text-transform);--awb-caption-title-line-height:var(--h2_typography-line-height);--awb-caption-title-letter-spacing:var(--h2_typography-letter-spacing);\"><span class=\" fusion-imageframe imageframe-none imageframe-2 hover-type-none\"><img decoding=\"async\" width=\"641\" height=\"960\" title=\"10440230_526806130756879_605721396291468112_n\" src=\"https:\/\/verdnatura.es\/wp-content\/uploads\/2024\/07\/10440230_526806130756879_605721396291468112_n.jpg\" data-orig-src=\"https:\/\/verdnatura.es\/wp-content\/uploads\/2024\/07\/10440230_526806130756879_605721396291468112_n.jpg\" alt class=\"lazyload img-responsive wp-image-10625\" srcset=\"data:image\/svg+xml,%3Csvg%20xmlns%3D%27http%3A%2F%2Fwww.w3.org%2F2000%2Fsvg%27%20width%3D%27641%27%20height%3D%27960%27%20viewBox%3D%270%200%20641%20960%27%3E%3Crect%20width%3D%27641%27%20height%3D%27960%27%20fill-opacity%3D%220%22%2F%3E%3C%2Fsvg%3E\" data-srcset=\"https:\/\/verdnatura.es\/wp-content\/uploads\/2024\/07\/10440230_526806130756879_605721396291468112_n-200x300.jpg 200w, https:\/\/verdnatura.es\/wp-content\/uploads\/2024\/07\/10440230_526806130756879_605721396291468112_n-400x599.jpg 400w, https:\/\/verdnatura.es\/wp-content\/uploads\/2024\/07\/10440230_526806130756879_605721396291468112_n-600x899.jpg 600w, https:\/\/verdnatura.es\/wp-content\/uploads\/2024\/07\/10440230_526806130756879_605721396291468112_n.jpg 641w\" data-sizes=\"auto\" data-orig-sizes=\"(max-width: 1024px) 100vw, (max-width: 640px) 100vw, 400px\" \/><\/span><div class=\"awb-imageframe-caption-container\"><div class=\"awb-imageframe-caption\"><h2 class=\"awb-imageframe-caption-title\"> <\/h2><p class=\"awb-imageframe-caption-text\">Roberto competindo no ano de 2016<\/p><\/div><\/div><\/div><\/div><\/div><div class=\"fusion-layout-column fusion_builder_column fusion-builder-column-7 fusion_builder_column_2_3 2_3 fusion-flex-column fusion-flex-align-self-stretch\" style=\"--awb-bg-size:cover;--awb-width-large:66.666666666667%;--awb-margin-top-large:0px;--awb-spacing-right-large:2.88%;--awb-margin-bottom-large:0px;--awb-spacing-left-large:2.88%;--awb-width-medium:100%;--awb-order-medium:0;--awb-spacing-right-medium:1.92%;--awb-spacing-left-medium:1.92%;--awb-width-small:100%;--awb-order-small:0;--awb-spacing-right-small:1.92%;--awb-spacing-left-small:1.92%;\" data-scroll-devices=\"small-visibility,medium-visibility,large-visibility\"><div class=\"fusion-column-wrapper fusion-column-has-shadow fusion-flex-justify-content-flex-start fusion-content-layout-column\"><div class=\"fusion-text fusion-text-4\"><p>Roberto \u00e9 um exemplo de perseveran\u00e7a, dedica\u00e7\u00e3o e paix\u00e3o. Sua hist\u00f3ria nos inspira a todos a perseguir nossos sonhos, independentemente dos obst\u00e1culos que encontrarmos pelo caminho.<\/p>\n<p>\u00c9 um orgulho para a Verdnatura poder dizer que contribu\u00edmos, ainda que seja de forma pequena, para essa grande conquista.<\/p>\n<\/div><div class=\"fusion-title title fusion-title-4 fusion-sep-none fusion-title-text fusion-title-size-two\" style=\"--awb-margin-top-small:20px;--awb-margin-right-small:0px;--awb-margin-bottom-small:20px;--awb-margin-left-small:0px;--awb-font-size:24pt;\"><h2 class=\"fusion-title-heading title-heading-left fusion-responsive-typography-calculated\" style=\"margin:0;font-size:1em;--fontSize:15;--minFontSize:15;line-height:1.2;\"><p style=\"text-align: center;\">Vai, Roberto!<\/p><\/h2><\/div><div class=\"fusion-text fusion-text-5\"><p>Vamos estar muito atentos \u00e0 sua participa\u00e7\u00e3o. Voc\u00ea est\u00e1 em nossos cora\u00e7\u00f5es e sabemos que vai dar o seu melhor na competi\u00e7\u00e3o. Para n\u00f3s, voc\u00ea j\u00e1 \u00e9 um vencedor.<\/p>\n<\/div><\/div><\/div><div class=\"fusion-layout-column fusion_builder_column fusion-builder-column-8 fusion_builder_column_1_1 1_1 fusion-flex-column fusion-flex-align-self-center\" style=\"--awb-bg-size:cover;--awb-width-large:100%;--awb-margin-top-large:0px;--awb-spacing-right-large:1.92%;--awb-margin-bottom-large:0px;--awb-spacing-left-large:1.92%;--awb-width-medium:100%;--awb-order-medium:0;--awb-spacing-right-medium:1.92%;--awb-spacing-left-medium:1.92%;--awb-width-small:100%;--awb-order-small:0;--awb-spacing-right-small:1.92%;--awb-spacing-left-small:1.92%;\"><div class=\"fusion-column-wrapper fusion-column-has-shadow fusion-flex-justify-content-flex-start fusion-content-layout-column\"><div class=\"fusion-title title fusion-title-5 fusion-sep-none fusion-title-text fusion-title-size-one\" style=\"--awb-margin-top-small:20px;--awb-margin-right-small:0px;--awb-margin-bottom-small:20px;--awb-margin-left-small:0px;\"><h1 class=\"fusion-title-heading title-heading-left fusion-responsive-typography-calculated\" style=\"margin:0;--fontSize:48;line-height:1.1;\">Muita sorte, campe\u00e3o!<\/h1><\/div><\/div><\/div><\/div><\/div><div class=\"fusion-fullwidth fullwidth-box fusion-builder-row-2 fusion-flex-container has-pattern-background has-mask-background nonhundred-percent-fullwidth non-hundred-percent-height-scrolling\" style=\"--awb-border-radius-top-left:0px;--awb-border-radius-top-right:0px;--awb-border-radius-bottom-right:0px;--awb-border-radius-bottom-left:0px;--awb-flex-wrap:wrap;\" ><div class=\"fusion-builder-row fusion-row fusion-flex-align-items-flex-start fusion-flex-content-wrap\" style=\"max-width:1352px;margin-left: calc(-4% \/ 2 );margin-right: calc(-4% \/ 2 );\"><div class=\"fusion-layout-column fusion_builder_column fusion-builder-column-9 fusion_builder_column_1_1 1_1 fusion-flex-column\" style=\"--awb-bg-size:cover;--awb-width-large:100%;--awb-margin-top-large:0px;--awb-spacing-right-large:1.92%;--awb-margin-bottom-large:0px;--awb-spacing-left-large:1.92%;--awb-width-medium:100%;--awb-order-medium:0;--awb-spacing-right-medium:1.92%;--awb-spacing-left-medium:1.92%;--awb-width-small:100%;--awb-order-small:0;--awb-spacing-right-small:1.92%;--awb-spacing-left-small:1.92%;\"><div class=\"fusion-column-wrapper fusion-column-has-shadow fusion-flex-justify-content-flex-start fusion-content-layout-column\"><div class=\"fusion-image-carousel fusion-image-carousel-fixed fusion-image-carousel-1 lightbox-enabled fusion-carousel-border\"><div class=\"awb-carousel awb-swiper awb-swiper-carousel awb-carousel--carousel awb-swiper-dots-position-bottom\" data-layout=\"carousel\" data-autoplay=\"no\" data-autoplayspeed=\"2500\" data-autoplaypause=\"no\" data-columns=\"6\" data-columnsmedium=\"1\" data-columnssmall=\"1\" data-itemmargin=\"13\" data-itemwidth=\"180\" data-touchscroll=\"no\" data-freemode=\"no\" data-imagesize=\"fixed\" data-scrollitems=\"0\" data-centeredslides=\"no\" data-rotationangle=\"50\" data-depth=\"100\" data-speed=\"500\" data-shadow=\"no\" data-pagination=\"bullets\" style=\"--awb-columns:6;--awb-border-width:1px;--awb-border-color:#e9eaee;\"><div class=\"swiper-wrapper awb-image-carousel-wrapper fusion-flex-align-items-center\"><div class=\"swiper-slide\"><div class=\"fusion-carousel-item-wrapper\"><div class=\"fusion-image-wrapper hover-type-none\"><a data-rel=\"iLightbox[image_carousel_1]\" data-title=\"WhatsApp Image 2024-07-26 at 18.07.59\" aria-label=\"WhatsApp Image 2024-07-26 at 18.07.59\" href=\"https:\/\/verdnatura.es\/wp-content\/uploads\/2024\/07\/WhatsApp-Image-2024-07-26-at-18.07.59.jpeg\" target=\"_self\"><img decoding=\"async\" width=\"320\" height=\"202\" src=\"data:image\/svg+xml,%3Csvg%20xmlns%3D%27http%3A%2F%2Fwww.w3.org%2F2000%2Fsvg%27%20width%3D%27582%27%20height%3D%27800%27%20viewBox%3D%270%200%20582%20800%27%3E%3Crect%20width%3D%27582%27%20height%3D%27800%27%20fill-opacity%3D%220%22%2F%3E%3C%2Fsvg%3E\" class=\"attachment-blog-medium size-blog-medium lazyload\" alt=\"\" data-orig-src=\"https:\/\/verdnatura.es\/wp-content\/uploads\/2024\/07\/WhatsApp-Image-2024-07-26-at-18.07.59-320x202.jpeg\" \/><\/a><\/div><\/div><\/div><div class=\"swiper-slide\"><div class=\"fusion-carousel-item-wrapper\"><div class=\"fusion-image-wrapper hover-type-none\"><a data-rel=\"iLightbox[image_carousel_1]\" data-title=\"IMG_0763\" aria-label=\"IMG_0763\" href=\"https:\/\/verdnatura.es\/wp-content\/uploads\/2024\/07\/IMG_0763.jpg\" target=\"_self\"><img decoding=\"async\" width=\"320\" height=\"202\" src=\"data:image\/svg+xml,%3Csvg%20xmlns%3D%27http%3A%2F%2Fwww.w3.org%2F2000%2Fsvg%27%20width%3D%271280%27%20height%3D%27853%27%20viewBox%3D%270%200%201280%20853%27%3E%3Crect%20width%3D%271280%27%20height%3D%27853%27%20fill-opacity%3D%220%22%2F%3E%3C%2Fsvg%3E\" class=\"attachment-blog-medium size-blog-medium lazyload\" alt=\"\" data-orig-src=\"https:\/\/verdnatura.es\/wp-content\/uploads\/2024\/07\/IMG_0763-320x202.jpg\" \/><\/a><\/div><\/div><\/div><div class=\"swiper-slide\"><div class=\"fusion-carousel-item-wrapper\"><div class=\"fusion-image-wrapper hover-type-none\"><a data-rel=\"iLightbox[image_carousel_1]\" data-title=\"IMG_0762\" aria-label=\"IMG_0762\" href=\"https:\/\/verdnatura.es\/wp-content\/uploads\/2024\/07\/IMG_0762.jpg\" target=\"_self\"><img decoding=\"async\" width=\"320\" height=\"202\" src=\"data:image\/svg+xml,%3Csvg%20xmlns%3D%27http%3A%2F%2Fwww.w3.org%2F2000%2Fsvg%27%20width%3D%271280%27%20height%3D%27853%27%20viewBox%3D%270%200%201280%20853%27%3E%3Crect%20width%3D%271280%27%20height%3D%27853%27%20fill-opacity%3D%220%22%2F%3E%3C%2Fsvg%3E\" class=\"attachment-blog-medium size-blog-medium lazyload\" alt=\"\" data-orig-src=\"https:\/\/verdnatura.es\/wp-content\/uploads\/2024\/07\/IMG_0762-320x202.jpg\" \/><\/a><\/div><\/div><\/div><div class=\"swiper-slide\"><div class=\"fusion-carousel-item-wrapper\"><div class=\"fusion-image-wrapper hover-type-none\"><a data-rel=\"iLightbox[image_carousel_1]\" data-title=\"10440230_526806130756879_605721396291468112_n\" aria-label=\"10440230_526806130756879_605721396291468112_n\" href=\"https:\/\/verdnatura.es\/wp-content\/uploads\/2024\/07\/10440230_526806130756879_605721396291468112_n.jpg\" target=\"_self\"><img decoding=\"async\" width=\"320\" height=\"202\" src=\"data:image\/svg+xml,%3Csvg%20xmlns%3D%27http%3A%2F%2Fwww.w3.org%2F2000%2Fsvg%27%20width%3D%27641%27%20height%3D%27960%27%20viewBox%3D%270%200%20641%20960%27%3E%3Crect%20width%3D%27641%27%20height%3D%27960%27%20fill-opacity%3D%220%22%2F%3E%3C%2Fsvg%3E\" class=\"attachment-blog-medium size-blog-medium lazyload\" alt=\"\" data-orig-src=\"https:\/\/verdnatura.es\/wp-content\/uploads\/2024\/07\/10440230_526806130756879_605721396291468112_n-320x202.jpg\" \/><\/a><\/div><\/div><\/div><div class=\"swiper-slide\"><div class=\"fusion-carousel-item-wrapper\"><div class=\"fusion-image-wrapper hover-type-none\"><a data-rel=\"iLightbox[image_carousel_1]\" data-title=\"IMG_5347\" aria-label=\"IMG_5347\" href=\"https:\/\/verdnatura.es\/wp-content\/uploads\/2024\/07\/IMG_5347-1-844x1024.jpg\" target=\"_self\"><img decoding=\"async\" width=\"320\" height=\"202\" src=\"data:image\/svg+xml,%3Csvg%20xmlns%3D%27http%3A%2F%2Fwww.w3.org%2F2000%2Fsvg%27%20width%3D%271125%27%20height%3D%271365%27%20viewBox%3D%270%200%201125%201365%27%3E%3Crect%20width%3D%271125%27%20height%3D%271365%27%20fill-opacity%3D%220%22%2F%3E%3C%2Fsvg%3E\" class=\"attachment-blog-medium size-blog-medium lazyload\" alt=\"\" data-orig-src=\"https:\/\/verdnatura.es\/wp-content\/uploads\/2024\/07\/IMG_5347-1-320x202.jpg\" \/><\/a><\/div><\/div><\/div><\/div><div class=\"awb-swiper-button awb-swiper-button-prev\"><i class=\"awb-icon-angle-left\" aria-hidden=\"true\"><\/i><\/div><div class=\"awb-swiper-button awb-swiper-button-next\"><i class=\"awb-icon-angle-right\" aria-hidden=\"true\"><\/i><\/div><\/div><\/div><\/div><\/div><\/div><\/div><\/p>\n","protected":false},"excerpt":{"rendered":"","protected":false},"author":2,"featured_media":10620,"comment_status":"open","ping_status":"open","sticky":false,"template":"","format":"standard","meta":{"_acf_changed":false,"footnotes":""},"categories":[1],"tags":[],"class_list":["post-10704","post","type-post","status-publish","format-standard","has-post-thumbnail","hentry","category-sin-categorizar"],"acf":[],"yoast_head":"<!-- This site is optimized with the Yoast SEO plugin v27.1.1 - https:\/\/yoast.com\/product\/yoast-seo-wordpress\/ -->\n<title>Roberto S\u00e1nchez: Um sonho ol\u00edmpico tornado realidade - Verdnatura<\/title>\n<meta name=\"robots\" content=\"index, follow, max-snippet:-1, max-image-preview:large, max-video-preview:-1\" \/>\n<link rel=\"canonical\" href=\"https:\/\/verdnatura.es\/pt-pt\/pt-roberto-sanchez-olimpico-2024\/\" \/>\n<meta property=\"og:locale\" content=\"pt_PT\" \/>\n<meta property=\"og:type\" content=\"article\" \/>\n<meta property=\"og:title\" content=\"Roberto S\u00e1nchez: Um sonho ol\u00edmpico tornado realidade - Verdnatura\" \/>\n<meta property=\"og:url\" content=\"https:\/\/verdnatura.es\/pt-pt\/pt-roberto-sanchez-olimpico-2024\/\" \/>\n<meta property=\"og:site_name\" content=\"Verdnatura\" \/>\n<meta property=\"article:publisher\" content=\"http:\/\/www.facebook.com\/verdnatura\" \/>\n<meta property=\"article:published_time\" content=\"2024-07-29T13:15:41+00:00\" \/>\n<meta property=\"article:modified_time\" content=\"2024-08-05T08:41:17+00:00\" \/>\n<meta property=\"og:image\" content=\"https:\/\/verdnatura.es\/wp-content\/uploads\/2024\/07\/00_6728-1024x713.jpg\" \/>\n\t<meta property=\"og:image:width\" content=\"1024\" \/>\n\t<meta property=\"og:image:height\" content=\"713\" \/>\n\t<meta property=\"og:image:type\" content=\"image\/jpeg\" \/>\n<meta name=\"author\" content=\"Paco Rico\" \/>\n<meta name=\"twitter:card\" content=\"summary_large_image\" \/>\n<meta name=\"twitter:label1\" content=\"Escrito por\" \/>\n\t<meta name=\"twitter:data1\" content=\"Paco Rico\" \/>\n\t<meta name=\"twitter:label2\" content=\"Tempo estimado de leitura\" \/>\n\t<meta name=\"twitter:data2\" content=\"3 minutos\" \/>\n<script type=\"application\/ld+json\" class=\"yoast-schema-graph\">{\"@context\":\"https:\/\/schema.org\",\"@graph\":[{\"@type\":\"Article\",\"@id\":\"https:\/\/verdnatura.es\/pt-pt\/pt-roberto-sanchez-olimpico-2024\/#article\",\"isPartOf\":{\"@id\":\"https:\/\/verdnatura.es\/pt-pt\/pt-roberto-sanchez-olimpico-2024\/\"},\"author\":{\"name\":\"Paco Rico\",\"@id\":\"https:\/\/verdnatura.es\/pt-pt\/#\/schema\/person\/53d4ed2e8592bfc761f9406305758f94\"},\"headline\":\"Roberto S\u00e1nchez: Um sonho ol\u00edmpico tornado realidade\",\"datePublished\":\"2024-07-29T13:15:41+00:00\",\"dateModified\":\"2024-08-05T08:41:17+00:00\",\"mainEntityOfPage\":{\"@id\":\"https:\/\/verdnatura.es\/pt-pt\/pt-roberto-sanchez-olimpico-2024\/\"},\"wordCount\":4439,\"commentCount\":0,\"publisher\":{\"@id\":\"https:\/\/verdnatura.es\/pt-pt\/#organization\"},\"image\":{\"@id\":\"https:\/\/verdnatura.es\/pt-pt\/pt-roberto-sanchez-olimpico-2024\/#primaryimage\"},\"thumbnailUrl\":\"https:\/\/verdnatura.es\/wp-content\/uploads\/2024\/07\/00_6728-e1722258140369.jpg\",\"articleSection\":[\"Sin categorizar\"],\"inLanguage\":\"pt-PT\",\"potentialAction\":[{\"@type\":\"CommentAction\",\"name\":\"Comment\",\"target\":[\"https:\/\/verdnatura.es\/pt-pt\/pt-roberto-sanchez-olimpico-2024\/#respond\"]}]},{\"@type\":\"WebPage\",\"@id\":\"https:\/\/verdnatura.es\/pt-pt\/pt-roberto-sanchez-olimpico-2024\/\",\"url\":\"https:\/\/verdnatura.es\/pt-pt\/pt-roberto-sanchez-olimpico-2024\/\",\"name\":\"Roberto S\u00e1nchez: Um sonho ol\u00edmpico tornado realidade - Verdnatura\",\"isPartOf\":{\"@id\":\"https:\/\/verdnatura.es\/pt-pt\/#website\"},\"primaryImageOfPage\":{\"@id\":\"https:\/\/verdnatura.es\/pt-pt\/pt-roberto-sanchez-olimpico-2024\/#primaryimage\"},\"image\":{\"@id\":\"https:\/\/verdnatura.es\/pt-pt\/pt-roberto-sanchez-olimpico-2024\/#primaryimage\"},\"thumbnailUrl\":\"https:\/\/verdnatura.es\/wp-content\/uploads\/2024\/07\/00_6728-e1722258140369.jpg\",\"datePublished\":\"2024-07-29T13:15:41+00:00\",\"dateModified\":\"2024-08-05T08:41:17+00:00\",\"breadcrumb\":{\"@id\":\"https:\/\/verdnatura.es\/pt-pt\/pt-roberto-sanchez-olimpico-2024\/#breadcrumb\"},\"inLanguage\":\"pt-PT\",\"potentialAction\":[{\"@type\":\"ReadAction\",\"target\":[\"https:\/\/verdnatura.es\/pt-pt\/pt-roberto-sanchez-olimpico-2024\/\"]}]},{\"@type\":\"ImageObject\",\"inLanguage\":\"pt-PT\",\"@id\":\"https:\/\/verdnatura.es\/pt-pt\/pt-roberto-sanchez-olimpico-2024\/#primaryimage\",\"url\":\"https:\/\/verdnatura.es\/wp-content\/uploads\/2024\/07\/00_6728-e1722258140369.jpg\",\"contentUrl\":\"https:\/\/verdnatura.es\/wp-content\/uploads\/2024\/07\/00_6728-e1722258140369.jpg\",\"width\":4801,\"height\":3342},{\"@type\":\"BreadcrumbList\",\"@id\":\"https:\/\/verdnatura.es\/pt-pt\/pt-roberto-sanchez-olimpico-2024\/#breadcrumb\",\"itemListElement\":[{\"@type\":\"ListItem\",\"position\":1,\"name\":\"Portada\",\"item\":\"https:\/\/verdnatura.es\/pt-pt\/\"},{\"@type\":\"ListItem\",\"position\":2,\"name\":\"Roberto S\u00e1nchez: Um sonho ol\u00edmpico tornado realidade\"}]},{\"@type\":\"WebSite\",\"@id\":\"https:\/\/verdnatura.es\/pt-pt\/#website\",\"url\":\"https:\/\/verdnatura.es\/pt-pt\/\",\"name\":\"Verdnatura\",\"description\":\"Mayorista de flores y plantas\",\"publisher\":{\"@id\":\"https:\/\/verdnatura.es\/pt-pt\/#organization\"},\"potentialAction\":[{\"@type\":\"SearchAction\",\"target\":{\"@type\":\"EntryPoint\",\"urlTemplate\":\"https:\/\/verdnatura.es\/pt-pt\/?s={search_term_string}\"},\"query-input\":{\"@type\":\"PropertyValueSpecification\",\"valueRequired\":true,\"valueName\":\"search_term_string\"}}],\"inLanguage\":\"pt-PT\"},{\"@type\":\"Organization\",\"@id\":\"https:\/\/verdnatura.es\/pt-pt\/#organization\",\"name\":\"Verdnatura Levante SL\",\"url\":\"https:\/\/verdnatura.es\/pt-pt\/\",\"logo\":{\"@type\":\"ImageObject\",\"inLanguage\":\"pt-PT\",\"@id\":\"https:\/\/verdnatura.es\/pt-pt\/#\/schema\/logo\/image\/\",\"url\":\"https:\/\/verdnatura.es\/wp-content\/uploads\/2023\/12\/Marca-sin-fondo.png\",\"contentUrl\":\"https:\/\/verdnatura.es\/wp-content\/uploads\/2023\/12\/Marca-sin-fondo.png\",\"width\":1000,\"height\":630,\"caption\":\"Verdnatura Levante SL\"},\"image\":{\"@id\":\"https:\/\/verdnatura.es\/pt-pt\/#\/schema\/logo\/image\/\"},\"sameAs\":[\"http:\/\/www.facebook.com\/verdnatura\",\"https:\/\/www.instagram.com\/verdnatura\",\"https:\/\/www.linkedin.com\/company\/verdnatura\"]},{\"@type\":\"Person\",\"@id\":\"https:\/\/verdnatura.es\/pt-pt\/#\/schema\/person\/53d4ed2e8592bfc761f9406305758f94\",\"name\":\"Paco Rico\",\"image\":{\"@type\":\"ImageObject\",\"inLanguage\":\"pt-PT\",\"@id\":\"https:\/\/verdnatura.es\/pt-pt\/#\/schema\/person\/image\/\",\"url\":\"https:\/\/secure.gravatar.com\/avatar\/6197f5cc34dcd4932835e81b1a79d4d29ac453876fb3f7982514e80454b0903f?s=96&d=mm&r=g\",\"contentUrl\":\"https:\/\/secure.gravatar.com\/avatar\/6197f5cc34dcd4932835e81b1a79d4d29ac453876fb3f7982514e80454b0903f?s=96&d=mm&r=g\",\"caption\":\"Paco Rico\"},\"url\":\"https:\/\/verdnatura.es\/pt-pt\/author\/pacorico\/\"}]}<\/script>\n<!-- \/ Yoast SEO plugin. -->","yoast_head_json":{"title":"Roberto S\u00e1nchez: Um sonho ol\u00edmpico tornado realidade - Verdnatura","robots":{"index":"index","follow":"follow","max-snippet":"max-snippet:-1","max-image-preview":"max-image-preview:large","max-video-preview":"max-video-preview:-1"},"canonical":"https:\/\/verdnatura.es\/pt-pt\/pt-roberto-sanchez-olimpico-2024\/","og_locale":"pt_PT","og_type":"article","og_title":"Roberto S\u00e1nchez: Um sonho ol\u00edmpico tornado realidade - Verdnatura","og_url":"https:\/\/verdnatura.es\/pt-pt\/pt-roberto-sanchez-olimpico-2024\/","og_site_name":"Verdnatura","article_publisher":"http:\/\/www.facebook.com\/verdnatura","article_published_time":"2024-07-29T13:15:41+00:00","article_modified_time":"2024-08-05T08:41:17+00:00","og_image":[{"width":1024,"height":713,"url":"https:\/\/verdnatura.es\/wp-content\/uploads\/2024\/07\/00_6728-1024x713.jpg","type":"image\/jpeg"}],"author":"Paco Rico","twitter_card":"summary_large_image","twitter_misc":{"Escrito por":"Paco Rico","Tempo estimado de leitura":"3 minutos"},"schema":{"@context":"https:\/\/schema.org","@graph":[{"@type":"Article","@id":"https:\/\/verdnatura.es\/pt-pt\/pt-roberto-sanchez-olimpico-2024\/#article","isPartOf":{"@id":"https:\/\/verdnatura.es\/pt-pt\/pt-roberto-sanchez-olimpico-2024\/"},"author":{"name":"Paco Rico","@id":"https:\/\/verdnatura.es\/pt-pt\/#\/schema\/person\/53d4ed2e8592bfc761f9406305758f94"},"headline":"Roberto S\u00e1nchez: Um sonho ol\u00edmpico tornado realidade","datePublished":"2024-07-29T13:15:41+00:00","dateModified":"2024-08-05T08:41:17+00:00","mainEntityOfPage":{"@id":"https:\/\/verdnatura.es\/pt-pt\/pt-roberto-sanchez-olimpico-2024\/"},"wordCount":4439,"commentCount":0,"publisher":{"@id":"https:\/\/verdnatura.es\/pt-pt\/#organization"},"image":{"@id":"https:\/\/verdnatura.es\/pt-pt\/pt-roberto-sanchez-olimpico-2024\/#primaryimage"},"thumbnailUrl":"https:\/\/verdnatura.es\/wp-content\/uploads\/2024\/07\/00_6728-e1722258140369.jpg","articleSection":["Sin categorizar"],"inLanguage":"pt-PT","potentialAction":[{"@type":"CommentAction","name":"Comment","target":["https:\/\/verdnatura.es\/pt-pt\/pt-roberto-sanchez-olimpico-2024\/#respond"]}]},{"@type":"WebPage","@id":"https:\/\/verdnatura.es\/pt-pt\/pt-roberto-sanchez-olimpico-2024\/","url":"https:\/\/verdnatura.es\/pt-pt\/pt-roberto-sanchez-olimpico-2024\/","name":"Roberto S\u00e1nchez: Um sonho ol\u00edmpico tornado realidade - Verdnatura","isPartOf":{"@id":"https:\/\/verdnatura.es\/pt-pt\/#website"},"primaryImageOfPage":{"@id":"https:\/\/verdnatura.es\/pt-pt\/pt-roberto-sanchez-olimpico-2024\/#primaryimage"},"image":{"@id":"https:\/\/verdnatura.es\/pt-pt\/pt-roberto-sanchez-olimpico-2024\/#primaryimage"},"thumbnailUrl":"https:\/\/verdnatura.es\/wp-content\/uploads\/2024\/07\/00_6728-e1722258140369.jpg","datePublished":"2024-07-29T13:15:41+00:00","dateModified":"2024-08-05T08:41:17+00:00","breadcrumb":{"@id":"https:\/\/verdnatura.es\/pt-pt\/pt-roberto-sanchez-olimpico-2024\/#breadcrumb"},"inLanguage":"pt-PT","potentialAction":[{"@type":"ReadAction","target":["https:\/\/verdnatura.es\/pt-pt\/pt-roberto-sanchez-olimpico-2024\/"]}]},{"@type":"ImageObject","inLanguage":"pt-PT","@id":"https:\/\/verdnatura.es\/pt-pt\/pt-roberto-sanchez-olimpico-2024\/#primaryimage","url":"https:\/\/verdnatura.es\/wp-content\/uploads\/2024\/07\/00_6728-e1722258140369.jpg","contentUrl":"https:\/\/verdnatura.es\/wp-content\/uploads\/2024\/07\/00_6728-e1722258140369.jpg","width":4801,"height":3342},{"@type":"BreadcrumbList","@id":"https:\/\/verdnatura.es\/pt-pt\/pt-roberto-sanchez-olimpico-2024\/#breadcrumb","itemListElement":[{"@type":"ListItem","position":1,"name":"Portada","item":"https:\/\/verdnatura.es\/pt-pt\/"},{"@type":"ListItem","position":2,"name":"Roberto S\u00e1nchez: Um sonho ol\u00edmpico tornado realidade"}]},{"@type":"WebSite","@id":"https:\/\/verdnatura.es\/pt-pt\/#website","url":"https:\/\/verdnatura.es\/pt-pt\/","name":"Verdnatura","description":"Mayorista de flores y plantas","publisher":{"@id":"https:\/\/verdnatura.es\/pt-pt\/#organization"},"potentialAction":[{"@type":"SearchAction","target":{"@type":"EntryPoint","urlTemplate":"https:\/\/verdnatura.es\/pt-pt\/?s={search_term_string}"},"query-input":{"@type":"PropertyValueSpecification","valueRequired":true,"valueName":"search_term_string"}}],"inLanguage":"pt-PT"},{"@type":"Organization","@id":"https:\/\/verdnatura.es\/pt-pt\/#organization","name":"Verdnatura Levante SL","url":"https:\/\/verdnatura.es\/pt-pt\/","logo":{"@type":"ImageObject","inLanguage":"pt-PT","@id":"https:\/\/verdnatura.es\/pt-pt\/#\/schema\/logo\/image\/","url":"https:\/\/verdnatura.es\/wp-content\/uploads\/2023\/12\/Marca-sin-fondo.png","contentUrl":"https:\/\/verdnatura.es\/wp-content\/uploads\/2023\/12\/Marca-sin-fondo.png","width":1000,"height":630,"caption":"Verdnatura Levante SL"},"image":{"@id":"https:\/\/verdnatura.es\/pt-pt\/#\/schema\/logo\/image\/"},"sameAs":["http:\/\/www.facebook.com\/verdnatura","https:\/\/www.instagram.com\/verdnatura","https:\/\/www.linkedin.com\/company\/verdnatura"]},{"@type":"Person","@id":"https:\/\/verdnatura.es\/pt-pt\/#\/schema\/person\/53d4ed2e8592bfc761f9406305758f94","name":"Paco Rico","image":{"@type":"ImageObject","inLanguage":"pt-PT","@id":"https:\/\/verdnatura.es\/pt-pt\/#\/schema\/person\/image\/","url":"https:\/\/secure.gravatar.com\/avatar\/6197f5cc34dcd4932835e81b1a79d4d29ac453876fb3f7982514e80454b0903f?s=96&d=mm&r=g","contentUrl":"https:\/\/secure.gravatar.com\/avatar\/6197f5cc34dcd4932835e81b1a79d4d29ac453876fb3f7982514e80454b0903f?s=96&d=mm&r=g","caption":"Paco Rico"},"url":"https:\/\/verdnatura.es\/pt-pt\/author\/pacorico\/"}]}},"_links":{"self":[{"href":"https:\/\/verdnatura.es\/pt-pt\/wp-json\/wp\/v2\/posts\/10704","targetHints":{"allow":["GET"]}}],"collection":[{"href":"https:\/\/verdnatura.es\/pt-pt\/wp-json\/wp\/v2\/posts"}],"about":[{"href":"https:\/\/verdnatura.es\/pt-pt\/wp-json\/wp\/v2\/types\/post"}],"author":[{"embeddable":true,"href":"https:\/\/verdnatura.es\/pt-pt\/wp-json\/wp\/v2\/users\/2"}],"replies":[{"embeddable":true,"href":"https:\/\/verdnatura.es\/pt-pt\/wp-json\/wp\/v2\/comments?post=10704"}],"version-history":[{"count":4,"href":"https:\/\/verdnatura.es\/pt-pt\/wp-json\/wp\/v2\/posts\/10704\/revisions"}],"predecessor-version":[{"id":11168,"href":"https:\/\/verdnatura.es\/pt-pt\/wp-json\/wp\/v2\/posts\/10704\/revisions\/11168"}],"wp:featuredmedia":[{"embeddable":true,"href":"https:\/\/verdnatura.es\/pt-pt\/wp-json\/wp\/v2\/media\/10620"}],"wp:attachment":[{"href":"https:\/\/verdnatura.es\/pt-pt\/wp-json\/wp\/v2\/media?parent=10704"}],"wp:term":[{"taxonomy":"category","embeddable":true,"href":"https:\/\/verdnatura.es\/pt-pt\/wp-json\/wp\/v2\/categories?post=10704"},{"taxonomy":"post_tag","embeddable":true,"href":"https:\/\/verdnatura.es\/pt-pt\/wp-json\/wp\/v2\/tags?post=10704"}],"curies":[{"name":"wp","href":"https:\/\/api.w.org\/{rel}","templated":true}]}}