{"id":4204,"date":"2022-06-21T16:03:37","date_gmt":"2022-06-21T14:03:37","guid":{"rendered":"https:\/\/santadorotea.es\/proyectovn\/?p=4204"},"modified":"2022-06-21T16:09:42","modified_gmt":"2022-06-21T16:09:42","slug":"a-terra-das-flores","status":"publish","type":"post","link":"https:\/\/verdnatura.es\/pt-pt\/a-terra-das-flores\/","title":{"rendered":"A Terra das Flores"},"content":{"rendered":"<div class=\"fusion-fullwidth fullwidth-box fusion-builder-row-1 fusion-flex-container nonhundred-percent-fullwidth non-hundred-percent-height-scrolling\" style=\"--awb-border-radius-top-left:0px;--awb-border-radius-top-right:0px;--awb-border-radius-bottom-right:0px;--awb-border-radius-bottom-left:0px;--awb-padding-top:20px;--awb-padding-bottom:20px;--awb-margin-top:20px;--awb-margin-bottom:20px;--awb-flex-wrap:wrap;\" ><div class=\"fusion-builder-row fusion-row fusion-flex-align-items-flex-start fusion-flex-content-wrap\" style=\"max-width:1352px;margin-left: calc(-4% \/ 2 );margin-right: calc(-4% \/ 2 );\"><div class=\"fusion-layout-column fusion_builder_column fusion-builder-column-0 fusion_builder_column_1_1 1_1 fusion-flex-column\" style=\"--awb-padding-right:10%;--awb-padding-left:10%;--awb-bg-size:cover;--awb-width-large:100%;--awb-margin-top-large:0px;--awb-spacing-right-large:1.92%;--awb-margin-bottom-large:0px;--awb-spacing-left-large:1.92%;--awb-width-medium:100%;--awb-order-medium:0;--awb-spacing-right-medium:1.92%;--awb-spacing-left-medium:1.92%;--awb-width-small:100%;--awb-order-small:0;--awb-spacing-right-small:1.92%;--awb-spacing-left-small:1.92%;\"><div class=\"fusion-column-wrapper fusion-column-has-shadow fusion-flex-justify-content-flex-start fusion-content-layout-column\"><div class=\"fusion-title title fusion-title-1 fusion-sep-none fusion-title-center fusion-title-text fusion-title-size-two\" style=\"--awb-margin-top-small:20px;--awb-margin-right-small:0px;--awb-margin-bottom-small:20px;--awb-margin-left-small:0px;\"><h2 class=\"fusion-title-heading title-heading-center fusion-responsive-typography-calculated\" style=\"margin:0;--fontSize:40;line-height:1.2;\">A Terra das Flores<\/h2><\/div><div class=\"fusion-separator fusion-full-width-sep\" style=\"align-self: center;margin-left: auto;margin-right: auto;margin-top:15px;margin-bottom:30px;width:100%;\"><div class=\"fusion-separator-border sep-shadow\" style=\"--awb-height:20px;--awb-amount:20px;--awb-sep-color:var(--awb-color7);background:radial-gradient(ellipse at 50% -50% , var(--awb-color7) 0px, rgba(255, 255, 255, 0) 80%) repeat scroll 0 0 rgba(0, 0, 0, 0);background:-webkit-radial-gradient(ellipse at 50% -50% , var(--awb-color7) 0px, rgba(255, 255, 255, 0) 80%) repeat scroll 0 0 rgba(0, 0, 0, 0);background:-moz-radial-gradient(ellipse at 50% -50% , var(--awb-color7) 0px, rgba(255, 255, 255, 0) 80%) repeat scroll 0 0 rgba(0, 0, 0, 0);background:-o-radial-gradient(ellipse at 50% -50% , var(--awb-color7) 0px, rgba(255, 255, 255, 0) 80%) repeat scroll 0 0 rgba(0, 0, 0, 0);\"><\/div><\/div><div class=\"fusion-image-element \" style=\"text-align:center;--awb-bottom-shadow-color:hsla(var(--awb-color8-h),var(--awb-color8-s),calc(var(--awb-color8-l) - 10%),var(--awb-color8-a));--awb-caption-title-font-family:var(--h2_typography-font-family);--awb-caption-title-font-weight:var(--h2_typography-font-weight);--awb-caption-title-font-style:var(--h2_typography-font-style);--awb-caption-title-size:var(--h2_typography-font-size);--awb-caption-title-transform:var(--h2_typography-text-transform);--awb-caption-title-line-height:var(--h2_typography-line-height);--awb-caption-title-letter-spacing:var(--h2_typography-letter-spacing);\"><div class=\"awb-image-frame awb-image-frame-1 awb-bottomshadow\"><span class=\" fusion-imageframe imageframe-bottomshadow imageframe-1 hover-type-none\"><img decoding=\"async\" width=\"1067\" height=\"800\" alt=\"vista geral da Plaza de la Virgen em Val\u00eancia\" title=\"valenciaEnFlors-15\" src=\"https:\/\/verdnatura.es\/wp-content\/uploads\/2022\/06\/valenciaEnFlors-15.jpg\" data-orig-src=\"https:\/\/verdnatura.es\/wp-content\/uploads\/2022\/06\/valenciaEnFlors-15.jpg\" class=\"lazyload img-responsive wp-image-3960\" srcset=\"data:image\/svg+xml,%3Csvg%20xmlns%3D%27http%3A%2F%2Fwww.w3.org%2F2000%2Fsvg%27%20width%3D%271067%27%20height%3D%27800%27%20viewBox%3D%270%200%201067%20800%27%3E%3Crect%20width%3D%271067%27%20height%3D%27800%27%20fill-opacity%3D%220%22%2F%3E%3C%2Fsvg%3E\" data-srcset=\"https:\/\/verdnatura.es\/wp-content\/uploads\/2022\/06\/valenciaEnFlors-15-200x150.jpg 200w, https:\/\/verdnatura.es\/wp-content\/uploads\/2022\/06\/valenciaEnFlors-15-400x300.jpg 400w, https:\/\/verdnatura.es\/wp-content\/uploads\/2022\/06\/valenciaEnFlors-15-600x450.jpg 600w, https:\/\/verdnatura.es\/wp-content\/uploads\/2022\/06\/valenciaEnFlors-15-800x600.jpg 800w, https:\/\/verdnatura.es\/wp-content\/uploads\/2022\/06\/valenciaEnFlors-15.jpg 1067w\" data-sizes=\"auto\" data-orig-sizes=\"(max-width: 1024px) 100vw, (max-width: 640px) 100vw, 1067px\" \/><\/span><svg xmlns=\"http:\/\/www.w3.org\/2000\/svg\" version=\"1.1\" width=\"100%\" viewBox=\"0 0 600 28\" preserveAspectRatio=\"none\"><g clip-path=\"url(#a)\"><mask id=\"b\" style=\"mask-type:luminance\" maskUnits=\"userSpaceOnUse\" x=\"0\" y=\"0\" width=\"600\" height=\"28\"><path d=\"M0 0h600v28H0V0Z\" fill=\"#fff\"\/><\/mask><g filter=\"url(#c)\" mask=\"url(#b)\"><path d=\"M16.439-18.667h567.123v30.8S438.961-8.4 300-8.4C161.04-8.4 16.438 12.133 16.438 12.133v-30.8Z\" fill=\"#000\"\/><\/g><\/g><defs><clipPath id=\"a\"><path fill=\"#fff\" d=\"M0 0h600v28H0z\"\/><\/clipPath><filter id=\"c\" x=\"5.438\" y=\"-29.667\" width=\"589.123\" height=\"52.8\" filterUnits=\"userSpaceOnUse\" color-interpolation-filters=\"sRGB\"><feFlood flood-opacity=\"0\" result=\"BackgroundImageFix\"\/><feBlend in=\"SourceGraphic\" in2=\"BackgroundImageFix\" result=\"shape\"\/><feGaussianBlur stdDeviation=\"5.5\" result=\"effect1_foregroundBlur_3983_183\"\/><\/filter><\/defs><\/svg><\/div><\/div><div class=\"fusion-separator fusion-full-width-sep\" style=\"align-self: center;margin-left: auto;margin-right: auto;margin-top:30px;margin-bottom:20px;width:100%;\"><\/div><div class=\"fusion-text fusion-text-1\"><p>\u00c9 Val\u00eancia. <strong>A Terra das Flores<\/strong>.<\/p>\n<p>\u00c9 por isso absolutamente natural que um grupo de floristas da terra liderada por <a href=\"https:\/\/www.facebook.com\/jlluesma.df\/\"><br \/>\n  <strong>Juan Lluesma<\/strong><br \/>\n<\/a> tenha fundado a <strong>Gremi Artes\u00e0 de Floristeries de la Comunitat Valenciana<\/strong> e, como tamb\u00e9m \u00e9 consubstancial em si, queira encher-se de flores a cidade que faz jus ao t\u00edtulo deste artigo.<\/p>\n<p>Aproveitando um dos nossos festivais mais emblem\u00e1ticos, <strong>a Prociss\u00e3o Corpus Christi<\/strong>, 100 floristas de diferentes pa\u00edses do mundo reuniram-se para decorar pontos-chave da cidade enquadrada no pr\u00f3prio passeio.<\/p>\n<\/div><div class=\"fusion-separator fusion-full-width-sep\" style=\"align-self: center;margin-left: auto;margin-right: auto;margin-top:20px;margin-bottom:10px;width:100%;\"><\/div><div class=\"fusion-builder-row fusion-builder-row-inner fusion-row fusion-flex-align-items-flex-start fusion-flex-content-wrap\" style=\"--awb-flex-grow:0;--awb-flex-grow-medium:0;--awb-flex-grow-small:0;--awb-flex-shrink:0;--awb-flex-shrink-medium:0;--awb-flex-shrink-small:0;width:104% !important;max-width:104% !important;margin-left: calc(-4% \/ 2 );margin-right: calc(-4% \/ 2 );\"><div class=\"fusion-layout-column fusion_builder_column_inner fusion-builder-nested-column-0 fusion_builder_column_inner_2_5 2_5 fusion-flex-column\" style=\"--awb-bg-size:cover;--awb-width-large:40%;--awb-margin-top-large:0px;--awb-spacing-right-large:4.8%;--awb-margin-bottom-large:0px;--awb-spacing-left-large:4.8%;--awb-width-medium:100%;--awb-order-medium:0;--awb-spacing-right-medium:1.92%;--awb-spacing-left-medium:1.92%;--awb-width-small:100%;--awb-order-small:0;--awb-spacing-right-small:1.92%;--awb-spacing-left-small:1.92%;\"><div class=\"fusion-column-wrapper fusion-column-has-shadow fusion-flex-justify-content-flex-start fusion-content-layout-column\"><div class=\"fusion-image-element awb-imageframe-style awb-imageframe-style-below awb-imageframe-style-2\" style=\"text-align:center;--awb-caption-text-color:#747a87;--awb-caption-text-size:13px;--awb-caption-overlay-color:var(--awb-color6);--awb-caption-background-color:var(--awb-color2);--awb-caption-margin-top:15px;--awb-caption-title-font-family:var(--body_typography-font-family);--awb-caption-title-font-weight:var(--body_typography-font-weight);--awb-caption-title-font-style:var(--body_typography-font-style);--awb-caption-title-size:var(--body_typography-font-size);--awb-caption-title-transform:var(--body_typography-text-transform);--awb-caption-title-line-height:var(--body_typography-line-height);--awb-caption-title-letter-spacing:var(--body_typography-letter-spacing);\"><span class=\" fusion-imageframe imageframe-dropshadow imageframe-2 hover-type-none\" style=\"-webkit-box-shadow: 0px 0px 4px hsla(var(--awb-color8-h),var(--awb-color8-s),calc(var(--awb-color8-l) - 10%),var(--awb-color8-a));box-shadow: 0px 0px 4px hsla(var(--awb-color8-h),var(--awb-color8-s),calc(var(--awb-color8-l) - 10%),var(--awb-color8-a));\"><a href=\"https:\/\/santadorotea.es\/proyectovn\/wp-content\/uploads\/2022\/06\/Equipo-Eslovenia.jpg\" class=\"fusion-lightbox\" data-rel=\"iLightbox[b58d194c9bd413dca40]\" data-title=\"Equipo Eslovenia\" title=\"Equipo Eslovenia\"><img decoding=\"async\" width=\"1200\" height=\"1200\" src=\"https:\/\/verdnatura.es\/wp-content\/uploads\/2022\/06\/Equipo-Eslovenia.jpg\" data-orig-src=\"https:\/\/santadorotea.es\/proyectovn\/wp-content\/uploads\/2022\/06\/Equipo-Eslovenia.jpg\" alt class=\"lazyload img-responsive wp-image-3660\" srcset=\"data:image\/svg+xml,%3Csvg%20xmlns%3D%27http%3A%2F%2Fwww.w3.org%2F2000%2Fsvg%27%20width%3D%271200%27%20height%3D%271200%27%20viewBox%3D%270%200%201200%201200%27%3E%3Crect%20width%3D%271200%27%20height%3D%271200%27%20fill-opacity%3D%220%22%2F%3E%3C%2Fsvg%3E\" data-srcset=\"https:\/\/verdnatura.es\/wp-content\/uploads\/2022\/06\/Equipo-Eslovenia-200x200.jpg 200w, https:\/\/verdnatura.es\/wp-content\/uploads\/2022\/06\/Equipo-Eslovenia-400x400.jpg 400w, https:\/\/verdnatura.es\/wp-content\/uploads\/2022\/06\/Equipo-Eslovenia-600x600.jpg 600w, https:\/\/verdnatura.es\/wp-content\/uploads\/2022\/06\/Equipo-Eslovenia-800x800.jpg 800w, https:\/\/verdnatura.es\/wp-content\/uploads\/2022\/06\/Equipo-Eslovenia.jpg 1200w\" data-sizes=\"auto\" data-orig-sizes=\"(max-width: 1024px) 100vw, (max-width: 640px) 100vw, 600px\" \/><\/a><\/span><div class=\"awb-imageframe-caption-container\" style=\"text-align:center;\"><div class=\"awb-imageframe-caption\"><div class=\"awb-imageframe-caption-title\">Equipo Eslovenia<\/div><p class=\"awb-imageframe-caption-text\">Equipa Eslov\u00e9nia. Da esquerda para a direita: Sabina Segula (Radovijica), Mayca (La Vall d'Uix\u00f3), To\u00f1i (Quartell) e Mart\u00edn (Manises)<\/p><\/div><\/div><\/div><\/div><\/div><div class=\"fusion-layout-column fusion_builder_column_inner fusion-builder-nested-column-1 fusion_builder_column_inner_3_5 3_5 fusion-flex-column\" style=\"--awb-bg-size:cover;--awb-width-large:60%;--awb-margin-top-large:0px;--awb-spacing-right-large:3.2%;--awb-margin-bottom-large:0px;--awb-spacing-left-large:3.2%;--awb-width-medium:100%;--awb-order-medium:0;--awb-spacing-right-medium:1.92%;--awb-spacing-left-medium:1.92%;--awb-width-small:100%;--awb-order-small:0;--awb-spacing-right-small:1.92%;--awb-spacing-left-small:1.92%;\"><div class=\"fusion-column-wrapper fusion-column-has-shadow fusion-flex-justify-content-flex-start fusion-content-layout-column\"><div class=\"fusion-text fusion-text-2\"><p>Assim, fomos capazes de se encontrar nos diferentes locais com as equipas de  <strong>Holanda<\/strong> (Eric Pannebourg),  <strong>Let\u00f3nia<\/strong> (Aija Zagarina),  <strong>B\u00e9lgica<\/strong> (Marc van Parrys),  <strong>Eslov\u00e9nia<\/strong> (Sabina Segula),  <strong>Ucr\u00e2nia<\/strong> (Daria),  <strong>It\u00e1lia<\/strong> (Pinheiro),  <strong>Jap\u00e3o<\/strong> (Rika Oshono e Yutaca Hirano) e  <strong>duas equipas espanholas<\/strong> capitaneadas por  <strong>Jos\u00e9 Manuel Lopez Carde\u00f1oso<\/strong> (Presidente da Associa\u00e7\u00e3o dos Floristas da Cant\u00e1bria) e  <strong>Javier Cutanda<\/strong>.<\/p>\n<p>Tudo aconteceu no meio de um ambiente festivo, de camaradagem, de paix\u00e3o pela profiss\u00e3o, sim, sob um sol de justi\u00e7a e temperaturas inadequadas at\u00e9 do m\u00eas de junho em Val\u00eancia.<\/p>\n<p>Para al\u00e9m dos floristas internacionais, as equipas brilharam o trabalho do \"gent de la terreta\" representado pelos membros do <strong><br \/>\n  <a href=\"https:\/\/www.facebook.com\/Gremi-Artes%C3%A0-floristeries-CV-112113690917438\">Gremi Artes\u00e1 de Floristeries de la Comunitat Valenciana<\/a><br \/>\n<\/strong> que, na sua curta carreira, est\u00e3o a fazer muito pela divulga\u00e7\u00e3o da arte e cultura floral no nosso pa\u00eds.<\/p>\n<\/div><\/div><\/div><\/div><div class=\"fusion-separator fusion-full-width-sep\" style=\"align-self: center;margin-left: auto;margin-right: auto;margin-top:20px;margin-bottom:10px;width:100%;\"><\/div><div class=\"fusion-text fusion-text-3 fusion-text-no-margin\" style=\"--awb-margin-bottom:30px;\"><p>S\u00e3o necess\u00e1rios muitos apoios por parte dos organismos p\u00fablicos para que iniciativas como estas n\u00e3o morram assim que nascem e possam tornar-se verdadeiras tradi\u00e7\u00f5es em que o p\u00fablico em geral possa desfrutar de flores.<\/p>\n<p>Nesta ocasi\u00e3o, devemos agradecer tanto ao <strong>Conselho Provincial como ao Governo da Generalitat e ao Presidente da C\u00e2mara de Val\u00eancia<\/strong> pelo seu apoio a esta primeira edi\u00e7\u00e3o do Concurso.<\/p>\n<p>Da nossa parte, enquanto empresa representativa do sector das flores a n\u00edvel nacional, queremos apelar aos organismos p\u00fablicos n\u00e3o s\u00f3 para que apoiem a galeria, mas tamb\u00e9m para facilitarem as tarefas durante as assembleias exteriores atrav\u00e9s das respetivas autoriza\u00e7\u00f5es, de modo a que as situa\u00e7\u00f5es que os floristas tiveram de enfrentar para terminar o trabalho n\u00e3o tenham de voltar a ocorrer. Que fa\u00e7am uma aposta real para que este tipo de eventos adquiram cada vez mais import\u00e2ncia.<\/p>\n<p>Durante estes dias em Val\u00eancia, para al\u00e9m das obras do \"I Certamen d'Art Floral de la Ciutat de Val\u00e8ncia\", pudemos desfrutar do espetacular monumento em homenagem a Corpus Christi cuja decora\u00e7\u00e3o tem sido respons\u00e1vel por dois grandes floristas valencianos, <strong><br \/>\n  <a href=\"https:\/\/www.facebook.com\/profile.php?id=100002493268593\">Lina Roig<\/a><br \/>\n<\/strong> e <strong><br \/>\n  <a href=\"https:\/\/www.facebook.com\/julio.simarrosancho\">J\u00falio Simarro<\/a><br \/>\n<\/strong>.<\/p>\n<p>As empresas do setor devem apoiar qualquer iniciativa que vise o crescimento da cultura da flor e, nesse sentido, queremos destacar a colabora\u00e7\u00e3o da <strong><br \/>\n  <a href=\"https:\/\/www.chrysal.com\/en-us#\">Chrysal<\/a><br \/>\n<\/strong>, <a href=\"https:\/\/www.floreselcale.es\/\"><br \/>\n  <strong>Flores El Cal\u00e9<\/strong><br \/>\n<\/a>, <strong><a href=\"https:\/\/www.mercavalencia.es\/sectors-dactivitat\/mercaflor\/\">Mercaflor<\/a> <\/strong>e <a href=\"https:\/\/accesorioscostablanca.com\/\"><br \/>\n  <strong>Accesorios Costablanca<\/strong><br \/>\n<\/a> que, tal como n\u00f3s, contribu\u00edram com o seu gr\u00e3o de areia. Juntos podemos fazer muito mais.<\/p>\n<\/div><div class=\"fusion-title title fusion-title-2 fusion-sep-none fusion-title-center fusion-title-text fusion-title-size-three\" style=\"--awb-margin-top-small:20px;--awb-margin-right-small:0px;--awb-margin-bottom-small:20px;--awb-margin-left-small:0px;\"><h3 class=\"fusion-title-heading title-heading-center fusion-responsive-typography-calculated\" style=\"margin:0;--fontSize:28;line-height:1.2;\"><h3 class=\"fusion-responsive-typography-calculated\" style=\"text-align: center;\" data-fontsize=\"35\" data-lineheight=\"42px\">Viva as flores!<\/h3><\/h3><\/div><div class=\"fusion-builder-row fusion-builder-row-inner fusion-row fusion-flex-align-items-flex-start fusion-flex-content-wrap\" style=\"--awb-flex-grow:0;--awb-flex-grow-medium:0;--awb-flex-grow-small:0;--awb-flex-shrink:0;--awb-flex-shrink-medium:0;--awb-flex-shrink-small:0;width:104% !important;max-width:104% !important;margin-left: calc(-4% \/ 2 );margin-right: calc(-4% \/ 2 );\"><div class=\"fusion-layout-column fusion_builder_column_inner fusion-builder-nested-column-2 fusion_builder_column_inner_1_5 1_5 fusion-flex-column\" style=\"--awb-bg-size:cover;--awb-width-large:20%;--awb-margin-top-large:0px;--awb-spacing-right-large:9.6%;--awb-margin-bottom-large:0px;--awb-spacing-left-large:9.6%;--awb-width-medium:100%;--awb-order-medium:0;--awb-spacing-right-medium:1.92%;--awb-spacing-left-medium:1.92%;--awb-width-small:100%;--awb-order-small:0;--awb-spacing-right-small:1.92%;--awb-spacing-left-small:1.92%;\"><div class=\"fusion-column-wrapper fusion-column-has-shadow fusion-flex-justify-content-flex-start fusion-content-layout-column\"><\/div><\/div><div class=\"fusion-layout-column fusion_builder_column_inner fusion-builder-nested-column-3 fusion_builder_column_inner_1_5 1_5 fusion-flex-column\" style=\"--awb-bg-size:cover;--awb-width-large:20%;--awb-margin-top-large:0px;--awb-spacing-right-large:9.6%;--awb-margin-bottom-large:0px;--awb-spacing-left-large:9.6%;--awb-width-medium:100%;--awb-order-medium:0;--awb-spacing-right-medium:1.92%;--awb-spacing-left-medium:1.92%;--awb-width-small:100%;--awb-order-small:0;--awb-spacing-right-small:1.92%;--awb-spacing-left-small:1.92%;\"><div class=\"fusion-column-wrapper fusion-column-has-shadow fusion-flex-justify-content-flex-start fusion-content-layout-column\"><\/div><\/div><div class=\"fusion-layout-column fusion_builder_column_inner fusion-builder-nested-column-4 fusion_builder_column_inner_1_5 1_5 fusion-flex-column\" style=\"--awb-bg-size:cover;--awb-width-large:20%;--awb-margin-top-large:0px;--awb-spacing-right-large:9.6%;--awb-margin-bottom-large:0px;--awb-spacing-left-large:9.6%;--awb-width-medium:100%;--awb-order-medium:0;--awb-spacing-right-medium:1.92%;--awb-spacing-left-medium:1.92%;--awb-width-small:100%;--awb-order-small:0;--awb-spacing-right-small:1.92%;--awb-spacing-left-small:1.92%;\"><div class=\"fusion-column-wrapper fusion-column-has-shadow fusion-flex-justify-content-flex-start fusion-content-layout-column\"><div class=\"fusion-title title fusion-title-3 fusion-sep-none fusion-title-center fusion-title-text fusion-title-size-six\" style=\"--awb-margin-top-small:20px;--awb-margin-right-small:0px;--awb-margin-bottom-small:20px;--awb-margin-left-small:0px;\"><h6 class=\"fusion-title-heading title-heading-center fusion-responsive-typography-calculated\" style=\"margin:0;--fontSize:16;--minFontSize:16;line-height:1.2;\"><p style=\"text-align: center;\">Visite o nosso \u00e1lbum de fotos<\/p><\/h6><\/div><a class=\"fb-icon-element-1 fb-icon-element fontawesome-icon fa-images fas circle-yes fusion-link\" style=\"--awb-iconcolor-hover:var(--awb-custom_color_1);--awb-circlebordersize:1px;--awb-font-size:88px;--awb-width:176px;--awb-height:176px;--awb-line-height:174px;--awb-margin-top:0;--awb-margin-right:0;--awb-margin-bottom:0;--awb-margin-left:0;--awb-align-self:center;\" href=\"https:\/\/photos.app.goo.gl\/3fdesC3t7RFnZXNu9\" target=\"_blank\" aria-label=\"Link to https:\/\/photos.app.goo.gl\/3fdesC3t7RFnZXNu9\" rel=\"noopener noreferrer\"><\/a><\/div><\/div><div class=\"fusion-layout-column fusion_builder_column_inner fusion-builder-nested-column-5 fusion_builder_column_inner_1_5 1_5 fusion-flex-column\" style=\"--awb-bg-size:cover;--awb-width-large:20%;--awb-margin-top-large:0px;--awb-spacing-right-large:9.6%;--awb-margin-bottom-large:0px;--awb-spacing-left-large:9.6%;--awb-width-medium:100%;--awb-order-medium:0;--awb-spacing-right-medium:1.92%;--awb-spacing-left-medium:1.92%;--awb-width-small:100%;--awb-order-small:0;--awb-spacing-right-small:1.92%;--awb-spacing-left-small:1.92%;\"><div class=\"fusion-column-wrapper fusion-column-has-shadow fusion-flex-justify-content-flex-start fusion-content-layout-column\"><\/div><\/div><div class=\"fusion-layout-column fusion_builder_column_inner fusion-builder-nested-column-6 fusion_builder_column_inner_1_5 1_5 fusion-flex-column\" style=\"--awb-bg-size:cover;--awb-width-large:20%;--awb-margin-top-large:0px;--awb-spacing-right-large:9.6%;--awb-margin-bottom-large:0px;--awb-spacing-left-large:9.6%;--awb-width-medium:100%;--awb-order-medium:0;--awb-spacing-right-medium:1.92%;--awb-spacing-left-medium:1.92%;--awb-width-small:100%;--awb-order-small:0;--awb-spacing-right-small:1.92%;--awb-spacing-left-small:1.92%;\"><div class=\"fusion-column-wrapper fusion-column-has-shadow fusion-flex-justify-content-flex-start fusion-content-layout-column\"><\/div><\/div><\/div><\/div><\/div><\/div><\/div>\n","protected":false},"excerpt":{"rendered":"","protected":false},"author":2,"featured_media":3960,"comment_status":"open","ping_status":"open","sticky":false,"template":"","format":"standard","meta":{"_acf_changed":false,"footnotes":""},"categories":[71],"tags":[],"class_list":["post-4204","post","type-post","status-publish","format-standard","has-post-thumbnail","hentry","category-sem-categoria"],"acf":[],"yoast_head":"<!-- This site is optimized with the Yoast SEO plugin v27.1.1 - https:\/\/yoast.com\/product\/yoast-seo-wordpress\/ -->\n<title>A Terra das Flores - Verdnatura<\/title>\n<meta name=\"robots\" content=\"index, follow, max-snippet:-1, max-image-preview:large, max-video-preview:-1\" \/>\n<link rel=\"canonical\" href=\"https:\/\/verdnatura.es\/pt-pt\/a-terra-das-flores\/\" \/>\n<meta property=\"og:locale\" content=\"pt_PT\" \/>\n<meta property=\"og:type\" content=\"article\" \/>\n<meta property=\"og:title\" content=\"A Terra das Flores - Verdnatura\" \/>\n<meta property=\"og:url\" content=\"https:\/\/verdnatura.es\/pt-pt\/a-terra-das-flores\/\" \/>\n<meta property=\"og:site_name\" content=\"Verdnatura\" \/>\n<meta property=\"article:publisher\" content=\"http:\/\/www.facebook.com\/verdnatura\" \/>\n<meta property=\"article:published_time\" content=\"2022-06-21T14:03:37+00:00\" \/>\n<meta property=\"article:modified_time\" content=\"2022-06-21T16:09:42+00:00\" \/>\n<meta property=\"og:image\" content=\"https:\/\/verdnatura.es\/wp-content\/uploads\/2022\/06\/plazaDeLaVirgenValencia.jpg\" \/>\n\t<meta property=\"og:image:width\" content=\"1200\" \/>\n\t<meta property=\"og:image:height\" content=\"800\" \/>\n\t<meta property=\"og:image:type\" content=\"image\/jpeg\" \/>\n<meta name=\"author\" content=\"Paco Rico\" \/>\n<meta name=\"twitter:card\" content=\"summary_large_image\" \/>\n<meta name=\"twitter:label1\" content=\"Escrito por\" \/>\n\t<meta name=\"twitter:data1\" content=\"Paco Rico\" \/>\n\t<meta name=\"twitter:label2\" content=\"Tempo estimado de leitura\" \/>\n\t<meta name=\"twitter:data2\" content=\"23 minutos\" \/>\n<script type=\"application\/ld+json\" class=\"yoast-schema-graph\">{\"@context\":\"https:\/\/schema.org\",\"@graph\":[{\"@type\":\"Article\",\"@id\":\"https:\/\/verdnatura.es\/pt-pt\/a-terra-das-flores\/#article\",\"isPartOf\":{\"@id\":\"https:\/\/verdnatura.es\/pt-pt\/a-terra-das-flores\/\"},\"author\":{\"name\":\"Paco Rico\",\"@id\":\"https:\/\/verdnatura.es\/pt-pt\/#\/schema\/person\/53d4ed2e8592bfc761f9406305758f94\"},\"headline\":\"A Terra das Flores\",\"datePublished\":\"2022-06-21T14:03:37+00:00\",\"dateModified\":\"2022-06-21T16:09:42+00:00\",\"mainEntityOfPage\":{\"@id\":\"https:\/\/verdnatura.es\/pt-pt\/a-terra-das-flores\/\"},\"wordCount\":4567,\"commentCount\":0,\"publisher\":{\"@id\":\"https:\/\/verdnatura.es\/pt-pt\/#organization\"},\"image\":{\"@id\":\"https:\/\/verdnatura.es\/pt-pt\/a-terra-das-flores\/#primaryimage\"},\"thumbnailUrl\":\"https:\/\/verdnatura.es\/wp-content\/uploads\/2022\/06\/valenciaEnFlors-15.jpg\",\"inLanguage\":\"pt-PT\",\"potentialAction\":[{\"@type\":\"CommentAction\",\"name\":\"Comment\",\"target\":[\"https:\/\/verdnatura.es\/pt-pt\/a-terra-das-flores\/#respond\"]}]},{\"@type\":\"WebPage\",\"@id\":\"https:\/\/verdnatura.es\/pt-pt\/a-terra-das-flores\/\",\"url\":\"https:\/\/verdnatura.es\/pt-pt\/a-terra-das-flores\/\",\"name\":\"A Terra das Flores - Verdnatura\",\"isPartOf\":{\"@id\":\"https:\/\/verdnatura.es\/pt-pt\/#website\"},\"primaryImageOfPage\":{\"@id\":\"https:\/\/verdnatura.es\/pt-pt\/a-terra-das-flores\/#primaryimage\"},\"image\":{\"@id\":\"https:\/\/verdnatura.es\/pt-pt\/a-terra-das-flores\/#primaryimage\"},\"thumbnailUrl\":\"https:\/\/verdnatura.es\/wp-content\/uploads\/2022\/06\/valenciaEnFlors-15.jpg\",\"datePublished\":\"2022-06-21T14:03:37+00:00\",\"dateModified\":\"2022-06-21T16:09:42+00:00\",\"breadcrumb\":{\"@id\":\"https:\/\/verdnatura.es\/pt-pt\/a-terra-das-flores\/#breadcrumb\"},\"inLanguage\":\"pt-PT\",\"potentialAction\":[{\"@type\":\"ReadAction\",\"target\":[\"https:\/\/verdnatura.es\/pt-pt\/a-terra-das-flores\/\"]}]},{\"@type\":\"ImageObject\",\"inLanguage\":\"pt-PT\",\"@id\":\"https:\/\/verdnatura.es\/pt-pt\/a-terra-das-flores\/#primaryimage\",\"url\":\"https:\/\/verdnatura.es\/wp-content\/uploads\/2022\/06\/valenciaEnFlors-15.jpg\",\"contentUrl\":\"https:\/\/verdnatura.es\/wp-content\/uploads\/2022\/06\/valenciaEnFlors-15.jpg\",\"width\":1067,\"height\":800},{\"@type\":\"BreadcrumbList\",\"@id\":\"https:\/\/verdnatura.es\/pt-pt\/a-terra-das-flores\/#breadcrumb\",\"itemListElement\":[{\"@type\":\"ListItem\",\"position\":1,\"name\":\"Portada\",\"item\":\"https:\/\/verdnatura.es\/pt-pt\/\"},{\"@type\":\"ListItem\",\"position\":2,\"name\":\"A Terra das Flores\"}]},{\"@type\":\"WebSite\",\"@id\":\"https:\/\/verdnatura.es\/pt-pt\/#website\",\"url\":\"https:\/\/verdnatura.es\/pt-pt\/\",\"name\":\"Verdnatura\",\"description\":\"Mayorista de flores y plantas\",\"publisher\":{\"@id\":\"https:\/\/verdnatura.es\/pt-pt\/#organization\"},\"potentialAction\":[{\"@type\":\"SearchAction\",\"target\":{\"@type\":\"EntryPoint\",\"urlTemplate\":\"https:\/\/verdnatura.es\/pt-pt\/?s={search_term_string}\"},\"query-input\":{\"@type\":\"PropertyValueSpecification\",\"valueRequired\":true,\"valueName\":\"search_term_string\"}}],\"inLanguage\":\"pt-PT\"},{\"@type\":\"Organization\",\"@id\":\"https:\/\/verdnatura.es\/pt-pt\/#organization\",\"name\":\"Verdnatura Levante SL\",\"url\":\"https:\/\/verdnatura.es\/pt-pt\/\",\"logo\":{\"@type\":\"ImageObject\",\"inLanguage\":\"pt-PT\",\"@id\":\"https:\/\/verdnatura.es\/pt-pt\/#\/schema\/logo\/image\/\",\"url\":\"https:\/\/verdnatura.es\/wp-content\/uploads\/2023\/12\/Marca-sin-fondo.png\",\"contentUrl\":\"https:\/\/verdnatura.es\/wp-content\/uploads\/2023\/12\/Marca-sin-fondo.png\",\"width\":1000,\"height\":630,\"caption\":\"Verdnatura Levante SL\"},\"image\":{\"@id\":\"https:\/\/verdnatura.es\/pt-pt\/#\/schema\/logo\/image\/\"},\"sameAs\":[\"http:\/\/www.facebook.com\/verdnatura\",\"https:\/\/www.instagram.com\/verdnatura\",\"https:\/\/www.linkedin.com\/company\/verdnatura\"]},{\"@type\":\"Person\",\"@id\":\"https:\/\/verdnatura.es\/pt-pt\/#\/schema\/person\/53d4ed2e8592bfc761f9406305758f94\",\"name\":\"Paco Rico\",\"image\":{\"@type\":\"ImageObject\",\"inLanguage\":\"pt-PT\",\"@id\":\"https:\/\/verdnatura.es\/pt-pt\/#\/schema\/person\/image\/\",\"url\":\"https:\/\/secure.gravatar.com\/avatar\/6197f5cc34dcd4932835e81b1a79d4d29ac453876fb3f7982514e80454b0903f?s=96&d=mm&r=g\",\"contentUrl\":\"https:\/\/secure.gravatar.com\/avatar\/6197f5cc34dcd4932835e81b1a79d4d29ac453876fb3f7982514e80454b0903f?s=96&d=mm&r=g\",\"caption\":\"Paco Rico\"},\"url\":\"https:\/\/verdnatura.es\/pt-pt\/author\/pacorico\/\"}]}<\/script>\n<!-- \/ Yoast SEO plugin. -->","yoast_head_json":{"title":"A Terra das Flores - Verdnatura","robots":{"index":"index","follow":"follow","max-snippet":"max-snippet:-1","max-image-preview":"max-image-preview:large","max-video-preview":"max-video-preview:-1"},"canonical":"https:\/\/verdnatura.es\/pt-pt\/a-terra-das-flores\/","og_locale":"pt_PT","og_type":"article","og_title":"A Terra das Flores - Verdnatura","og_url":"https:\/\/verdnatura.es\/pt-pt\/a-terra-das-flores\/","og_site_name":"Verdnatura","article_publisher":"http:\/\/www.facebook.com\/verdnatura","article_published_time":"2022-06-21T14:03:37+00:00","article_modified_time":"2022-06-21T16:09:42+00:00","og_image":[{"width":1200,"height":800,"url":"https:\/\/verdnatura.es\/wp-content\/uploads\/2022\/06\/plazaDeLaVirgenValencia.jpg","type":"image\/jpeg"}],"author":"Paco Rico","twitter_card":"summary_large_image","twitter_misc":{"Escrito por":"Paco Rico","Tempo estimado de leitura":"23 minutos"},"schema":{"@context":"https:\/\/schema.org","@graph":[{"@type":"Article","@id":"https:\/\/verdnatura.es\/pt-pt\/a-terra-das-flores\/#article","isPartOf":{"@id":"https:\/\/verdnatura.es\/pt-pt\/a-terra-das-flores\/"},"author":{"name":"Paco Rico","@id":"https:\/\/verdnatura.es\/pt-pt\/#\/schema\/person\/53d4ed2e8592bfc761f9406305758f94"},"headline":"A Terra das Flores","datePublished":"2022-06-21T14:03:37+00:00","dateModified":"2022-06-21T16:09:42+00:00","mainEntityOfPage":{"@id":"https:\/\/verdnatura.es\/pt-pt\/a-terra-das-flores\/"},"wordCount":4567,"commentCount":0,"publisher":{"@id":"https:\/\/verdnatura.es\/pt-pt\/#organization"},"image":{"@id":"https:\/\/verdnatura.es\/pt-pt\/a-terra-das-flores\/#primaryimage"},"thumbnailUrl":"https:\/\/verdnatura.es\/wp-content\/uploads\/2022\/06\/valenciaEnFlors-15.jpg","inLanguage":"pt-PT","potentialAction":[{"@type":"CommentAction","name":"Comment","target":["https:\/\/verdnatura.es\/pt-pt\/a-terra-das-flores\/#respond"]}]},{"@type":"WebPage","@id":"https:\/\/verdnatura.es\/pt-pt\/a-terra-das-flores\/","url":"https:\/\/verdnatura.es\/pt-pt\/a-terra-das-flores\/","name":"A Terra das Flores - Verdnatura","isPartOf":{"@id":"https:\/\/verdnatura.es\/pt-pt\/#website"},"primaryImageOfPage":{"@id":"https:\/\/verdnatura.es\/pt-pt\/a-terra-das-flores\/#primaryimage"},"image":{"@id":"https:\/\/verdnatura.es\/pt-pt\/a-terra-das-flores\/#primaryimage"},"thumbnailUrl":"https:\/\/verdnatura.es\/wp-content\/uploads\/2022\/06\/valenciaEnFlors-15.jpg","datePublished":"2022-06-21T14:03:37+00:00","dateModified":"2022-06-21T16:09:42+00:00","breadcrumb":{"@id":"https:\/\/verdnatura.es\/pt-pt\/a-terra-das-flores\/#breadcrumb"},"inLanguage":"pt-PT","potentialAction":[{"@type":"ReadAction","target":["https:\/\/verdnatura.es\/pt-pt\/a-terra-das-flores\/"]}]},{"@type":"ImageObject","inLanguage":"pt-PT","@id":"https:\/\/verdnatura.es\/pt-pt\/a-terra-das-flores\/#primaryimage","url":"https:\/\/verdnatura.es\/wp-content\/uploads\/2022\/06\/valenciaEnFlors-15.jpg","contentUrl":"https:\/\/verdnatura.es\/wp-content\/uploads\/2022\/06\/valenciaEnFlors-15.jpg","width":1067,"height":800},{"@type":"BreadcrumbList","@id":"https:\/\/verdnatura.es\/pt-pt\/a-terra-das-flores\/#breadcrumb","itemListElement":[{"@type":"ListItem","position":1,"name":"Portada","item":"https:\/\/verdnatura.es\/pt-pt\/"},{"@type":"ListItem","position":2,"name":"A Terra das Flores"}]},{"@type":"WebSite","@id":"https:\/\/verdnatura.es\/pt-pt\/#website","url":"https:\/\/verdnatura.es\/pt-pt\/","name":"Verdnatura","description":"Mayorista de flores y plantas","publisher":{"@id":"https:\/\/verdnatura.es\/pt-pt\/#organization"},"potentialAction":[{"@type":"SearchAction","target":{"@type":"EntryPoint","urlTemplate":"https:\/\/verdnatura.es\/pt-pt\/?s={search_term_string}"},"query-input":{"@type":"PropertyValueSpecification","valueRequired":true,"valueName":"search_term_string"}}],"inLanguage":"pt-PT"},{"@type":"Organization","@id":"https:\/\/verdnatura.es\/pt-pt\/#organization","name":"Verdnatura Levante SL","url":"https:\/\/verdnatura.es\/pt-pt\/","logo":{"@type":"ImageObject","inLanguage":"pt-PT","@id":"https:\/\/verdnatura.es\/pt-pt\/#\/schema\/logo\/image\/","url":"https:\/\/verdnatura.es\/wp-content\/uploads\/2023\/12\/Marca-sin-fondo.png","contentUrl":"https:\/\/verdnatura.es\/wp-content\/uploads\/2023\/12\/Marca-sin-fondo.png","width":1000,"height":630,"caption":"Verdnatura Levante SL"},"image":{"@id":"https:\/\/verdnatura.es\/pt-pt\/#\/schema\/logo\/image\/"},"sameAs":["http:\/\/www.facebook.com\/verdnatura","https:\/\/www.instagram.com\/verdnatura","https:\/\/www.linkedin.com\/company\/verdnatura"]},{"@type":"Person","@id":"https:\/\/verdnatura.es\/pt-pt\/#\/schema\/person\/53d4ed2e8592bfc761f9406305758f94","name":"Paco Rico","image":{"@type":"ImageObject","inLanguage":"pt-PT","@id":"https:\/\/verdnatura.es\/pt-pt\/#\/schema\/person\/image\/","url":"https:\/\/secure.gravatar.com\/avatar\/6197f5cc34dcd4932835e81b1a79d4d29ac453876fb3f7982514e80454b0903f?s=96&d=mm&r=g","contentUrl":"https:\/\/secure.gravatar.com\/avatar\/6197f5cc34dcd4932835e81b1a79d4d29ac453876fb3f7982514e80454b0903f?s=96&d=mm&r=g","caption":"Paco Rico"},"url":"https:\/\/verdnatura.es\/pt-pt\/author\/pacorico\/"}]}},"_links":{"self":[{"href":"https:\/\/verdnatura.es\/pt-pt\/wp-json\/wp\/v2\/posts\/4204","targetHints":{"allow":["GET"]}}],"collection":[{"href":"https:\/\/verdnatura.es\/pt-pt\/wp-json\/wp\/v2\/posts"}],"about":[{"href":"https:\/\/verdnatura.es\/pt-pt\/wp-json\/wp\/v2\/types\/post"}],"author":[{"embeddable":true,"href":"https:\/\/verdnatura.es\/pt-pt\/wp-json\/wp\/v2\/users\/2"}],"replies":[{"embeddable":true,"href":"https:\/\/verdnatura.es\/pt-pt\/wp-json\/wp\/v2\/comments?post=4204"}],"version-history":[{"count":10,"href":"https:\/\/verdnatura.es\/pt-pt\/wp-json\/wp\/v2\/posts\/4204\/revisions"}],"predecessor-version":[{"id":4245,"href":"https:\/\/verdnatura.es\/pt-pt\/wp-json\/wp\/v2\/posts\/4204\/revisions\/4245"}],"wp:featuredmedia":[{"embeddable":true,"href":"https:\/\/verdnatura.es\/pt-pt\/wp-json\/wp\/v2\/media\/3960"}],"wp:attachment":[{"href":"https:\/\/verdnatura.es\/pt-pt\/wp-json\/wp\/v2\/media?parent=4204"}],"wp:term":[{"taxonomy":"category","embeddable":true,"href":"https:\/\/verdnatura.es\/pt-pt\/wp-json\/wp\/v2\/categories?post=4204"},{"taxonomy":"post_tag","embeddable":true,"href":"https:\/\/verdnatura.es\/pt-pt\/wp-json\/wp\/v2\/tags?post=4204"}],"curies":[{"name":"wp","href":"https:\/\/api.w.org\/{rel}","templated":true}]}}